{"id":2630,"date":"2025-02-14T23:16:55","date_gmt":"2025-02-14T22:16:55","guid":{"rendered":"https:\/\/monde25.info\/index.php\/2025\/02\/14\/ma-vie-en-montagne-en-2050\/"},"modified":"2025-02-14T23:16:55","modified_gmt":"2025-02-14T22:16:55","slug":"ma-vie-en-montagne-en-2050","status":"publish","type":"post","link":"https:\/\/monde25.info\/index.php\/2025\/02\/14\/ma-vie-en-montagne-en-2050\/","title":{"rendered":"ma vie en montagne en 2050\u00a0\u00bb"},"content":{"rendered":"<p> <br \/>\n<\/p>\n<div>\n<p class=\"indication_lieu\">Grenoble, correspondance<\/p>\n<p>J\u2019enfile une veste, mets une \u00e9charpe. Attrape \u00e0 la vol\u00e9e une paire de gants puis me ravise. Aujourd\u2019hui encore, les gants pourront rester au placard. <i>\u00ab<small class=\"fine d-inline\">\u00a0<\/small>Pour la mi-f\u00e9vrier, il fait tr\u00e8s doux<small class=\"fine d-inline\">\u00a0<\/small>\u00bb<\/i>, me dis-je, avant de sourire tristement face \u00e0 cette r\u00e9flexion, qui pourrait \u00eatre celle de ma grand-m\u00e8re lorsque j\u2019\u00e9tais enfant. Une matin\u00e9e \u00e0 12\u00a0\u00b0C, un 13\u00a0f\u00e9vrier en 2050, \u00e7a ne veut malheureusement plus dire grand-chose. Moi, \u00e0 57\u00a0ans, j\u2019ai encore l\u2019\u00e2ge de me rappeler le froid qui nous br\u00fblait les joues, le matin en f\u00e9vrier. Je me souviens avoir connu, gamine du d\u00e9but des ann\u00e9es 2000, des hivers tout blancs, le pare-brise de la vieille Clio familiale compl\u00e8tement gel\u00e9.<\/p>\n<p>En fermant la porte de mon appartement, je me fais la r\u00e9flexion que la derni\u00e8re vraie saison que notre village de moyenne montagne a connu, \u00e0 1\u00a0000 m\u00e8tres d\u2019altitude, remonte \u00e0 l\u2019hiver 2034. Ce long \u00e9pisode neigeux avait instill\u00e9 le doute en chacun de nous\u00a0: nous avions, deux ans auparavant, vot\u00e9 en agora citoyenne le d\u00e9mant\u00e8lement des remont\u00e9es m\u00e9caniques encore existantes sur la station-village, mais qui ne fonctionnaient plus depuis quelques ann\u00e9es d\u00e9j\u00e0. Mais le projet <i>\u00ab<small class=\"fine d-inline\">\u00a0<\/small>Un futur pour notre village<small class=\"fine d-inline\">\u00a0<\/small>\u00bb<\/i>, que nous avions \u00e9labor\u00e9 en menant de longues consultations publiques, s\u2019est poursuivi et nous avons, en 2036, fait d\u00e9monter les derniers pyl\u00f4nes.<\/p>\n<blockquote class=\"spip\">\n<p>\u00ab<small class=\"fine d-inline\">\u00a0<\/small>La neige n\u2019\u00e9tait pas notre avenir<small class=\"fine d-inline\">\u00a0<\/small>\u00bb<\/p>\n<\/blockquote>\n<p>J\u2019\u00e9tais au premier rang des personnes qui allaient p\u00e2tir de ce projet, en faveur duquel j\u2019ai pourtant vot\u00e9 en mon \u00e2me et conscience. Au milieu des ann\u00e9es 2010, j\u2019avais commenc\u00e9 ma vie professionnelle, comme beaucoup de natifs du coin, en lien avec les pistes, alternant entre monitrice de ski et technicienne sur les remont\u00e9es m\u00e9caniques l\u2019hiver, et employ\u00e9e de l\u2019office de tourisme l\u2019\u00e9t\u00e9. Mais apr\u00e8s plusieurs saisons hivernales au ch\u00f4mage technique, il a fallu se rendre \u00e0 l\u2019\u00e9vidence\u00a0: la neige n\u2019\u00e9tait pas notre avenir si nous voulions continuer \u00e0 vivre et \u00e9lever nos enfants ici.<\/p>\n<p>La tenue des <a target=\"_blank\" href=\"https:\/\/reporterre.net\/Dans-les-Alpes-une-grande-marche-pour-lutter-contre-les-JO-2030\">Jeux olympiques dans les Alpes en 2030<\/a>, hiver marqu\u00e9 par <a target=\"_blank\" href=\"https:\/\/reporterre.net\/Ski-le-ras-le-bol-des-ecologistes\">une p\u00e9nurie importante de neige<\/a>, a cr\u00e9\u00e9 un \u00e9lectrochoc dans l\u2019opinion publique. Les organisateurs ont d\u00fb carburer \u00e0 la neige artificielle pour cr\u00e9er des languettes de poudreuse entour\u00e9es d\u2019herbe. Triste exploit, l\u2019hiver 2030 venait de battre une fois de plus le record de chaleur. Comme chaque hiver avant lui depuis une d\u00e9cennie.<\/p>\n<p><a target=\"_blank\" href=\"https:\/\/reporterre.net\/Ski-le-ras-le-bol-des-ecologistes\" class=\"lien_lireaussi\"><strong>Lire aussi : <\/strong> <span>Le ski, le ras-le-bol des \u00e9cologistes<\/span><\/a><\/p>\n<p>Le gouvernement de l\u2019alliance de gauche \u00e9cologiste qui est parvenu au pouvoir en 2032 a pris tr\u00e8s rapidement les mesures qui s\u2019imposaient pour engager le virage de <i>\u00ab<small class=\"fine d-inline\">\u00a0<\/small>l\u2019apr\u00e8s tout-ski<small class=\"fine d-inline\">\u00a0<\/small>\u00bb<\/i>. Celle qui a fait le plus parler, c\u2019\u00e9tait \u00e9videmment l\u2019interdiction totale de la neige artificielle&#8230; Mais nous, ce qui nous a int\u00e9ress\u00e9s en premier lieu, ce sont les mesures s\u2019attaquant aux nerfs de la guerre pour les territoires de moyenne montagne\u00a0: le logement et le transport. Notre village a \u00e9t\u00e9 parmi les premiers \u00e0 adopter l\u2019encadrement des loyers. D\u2019autres mesures ont \u00e9t\u00e9 prises pour r\u00e9server une partie des logements pour l\u2019habitat \u00e0 l\u2019ann\u00e9e, avec une part de logements sociaux. Une banalit\u00e9 aujourd\u2019hui, mais une r\u00e9volution \u00e0 l\u2019\u00e9poque<small class=\"fine d-inline\">\u00a0<\/small>!<\/p>\n<p>Dans mon village, nous avons aussi b\u00e9n\u00e9fici\u00e9 d\u2019un nouveau programme national pour les \u00e9nergies renouvelables lanc\u00e9 en 2035. Les b\u00e2timents municipaux et les logements des propri\u00e9taires volontaires se sont par\u00e9s de panneaux photovolta\u00efques nouvelle g\u00e9n\u00e9ration, ultra-souples et transparents. Gr\u00e2ce \u00e0 ce syst\u00e8me, la commune est autonome en \u00e9nergie toute l\u2019ann\u00e9e, et produit m\u00eame un exc\u00e9dent qui g\u00e9n\u00e8re des revenus.<\/p>\n<h2 class=\"spip\">Un refuge climatique<\/h2>\n<p>Eh bien&#8230; mes souvenirs sont remont\u00e9s loin, le temps d\u2019un trajet \u00e0 v\u00e9lo<small class=\"fine d-inline\">\u00a0<\/small>! Car oui, c\u2019est la nouveaut\u00e9 depuis l\u2019ann\u00e9e derni\u00e8re\u00a0: notre village est quasiment libre de toute voiture. C\u2019est un des axes de notre projet citoyen, qui a mis du temps \u00e0 se mettre en place\u00a0: les v\u00e9hicules sont rel\u00e9gu\u00e9s dans des parkings-relais autour du village. La mairie propose en libre-service et en location \u00e0 tarif libre des v\u00e9los, \u00e9lectriques ou non. Un r\u00e9seau de petites navettes tourne toute la journ\u00e9e pour compl\u00e9ter et faire le lien avec les transports en commun, qui se sont beaucoup \u00e9toff\u00e9s, en direction des autres villages et de la vall\u00e9e.<\/p>\n<p>Me voici presque arriv\u00e9e au travail, et je croise Johann, mon ami d\u2019adolescence. Nous avons commenc\u00e9 ensemble sur les pistes, lorsqu\u2019il \u00e9tait perchiste. Lui aussi s\u2019est reconverti. Ou plut\u00f4t, il est revenu \u00e0 ses racines\u00a0: il a repris la laiterie familiale. Avec le retrait des remont\u00e9es m\u00e9caniques, une grande partie des anciennes pistes de ski a \u00e9t\u00e9 rendue \u00e0 l\u2019agriculture, entre zones de plantations et alpages pour les \u00e9leveurs. Johann a ainsi pu faire grossir son troupeau de vaches laiti\u00e8res, il a diversifi\u00e9 son activit\u00e9 avec un abattoir paysan, des visites p\u00e9dagogiques de sa ferme, et une partie d\u2019h\u00e9bergements touristiques.<\/p>\n<p>Johann fait aussi partie de la coop\u00e9rative du village, qui s\u2019est agrandie \u00e0 mesure que la commune r\u00e9ussissait \u00e0 installer de jeunes agriculteurs. Des \u00e9leveurs comme Johann, mais aussi des mara\u00eechers, une herboriste, un apiculteur\u2026 De nouvelles cultures ont vu le jour sur les pentes de l\u2019ancienne station de ski, le <a target=\"_blank\" href=\"Qu-est-ce-que-le-rechauffement-climatique\">changement climatique<\/a> apportant, paradoxalement, son lot d\u2019opportunit\u00e9s pour la biodiversit\u00e9. Un projet d\u2019agroforesterie est d\u2019ailleurs en train de se monter, ici, dans la for\u00eat aux abords de l\u2019ancienne piste de ski.<\/p>\n<blockquote class=\"spip\">\n<p>Sans neige, <br class=\"manualbr\"\/>\u00ab<small class=\"fine d-inline\">\u00a0<\/small>nous dormons sur nos deux oreilles<small class=\"fine d-inline\">\u00a0<\/small>\u00bb<\/p>\n<\/blockquote>\n<p>Moi, je travaille depuis plus de dix\u00a0ans dans une r\u00e9sidence autonomie pour personnes \u00e2g\u00e9es, g\u00e9r\u00e9e par l\u2019\u00c9tat. Comme les scientifiques du Giec<span class=\"spip_note_ref\">\u00a0[<a target=\"_blank\" href=\"#nb2-1\" class=\"spip_note\" rel=\"appendix\" title=\"Groupe d\u2019experts intergouvernemental sur l\u2019\u00e9volution du climat.\" id=\"nh2-1\">1<\/a>]<\/span> l\u2019avaient \u00e9tabli dans leurs pr\u00e9visions, la temp\u00e9rature a continu\u00e9 d\u2019augmenter au fil des d\u00e9cennies partout en France. L\u2019\u00e9t\u00e9, les <i>\u00ab<small class=\"fine d-inline\">\u00a0<\/small>nuits tropicales<small class=\"fine d-inline\">\u00a0<\/small>\u00bb<\/i> sont devenues communes. Si nous, en montagne, nous les connaissons aussi, nos territoires font pourtant figure de refuge climatique par rapport aux plaines<small class=\"fine d-inline\">\u00a0<\/small>! Cela a favoris\u00e9 la conversion de certains lotissements du village, jusqu\u2019ici des r\u00e9sidences secondaires aux volets ferm\u00e9s, en des logements adapt\u00e9s pour personnes \u00e2g\u00e9es. Cela a cr\u00e9\u00e9 un gros appel d\u2019air en termes d\u2019emploi, ce qui permet aux jeunes d\u2019envisager de rester sur le territoire.<\/p>\n<p>Je me souviens \u00e0 quel point les opposants au projet <i>\u00ab<small class=\"fine d-inline\">\u00a0<\/small>Un futur pour notre village<small class=\"fine d-inline\">\u00a0<\/small>\u00bb<\/i> craignaient que les activit\u00e9s hivernales disparaissent avec le d\u00e9mant\u00e8lement des remont\u00e9es m\u00e9caniques. Surtout ceux qui n\u2019avaient connu que le mod\u00e8le du <i>\u00ab<small class=\"fine d-inline\">\u00a0<\/small>tout-ski<small class=\"fine d-inline\">\u00a0<\/small>\u00bb<\/i>. Leurs craintes, si l\u2019avenir les a prouv\u00e9s infond\u00e9es, pouvaient se comprendre\u00a0: comment imaginer autre chose que ce qu\u2019on a toujours connu et qu\u2019on nous a toujours pr\u00e9sent\u00e9 comme le Saint-Graal<small class=\"fine d-inline\">\u00a0<\/small>?<\/p>\n<p><a target=\"_blank\" href=\"https:\/\/reporterre.net\/Face-au-manque-de-neige-les-habitants-font-revivre-les-stations-delaissees\" class=\"lien_lireaussi\"><strong>Lire aussi : <\/strong> <span>Face au manque de neige, les habitants font revivre les stations d\u00e9laiss\u00e9es<\/span><\/a><\/p>\n<p>Il y a \u00e9videmment eu une p\u00e9riode transitoire qui n\u2019a pas rassur\u00e9 tout le monde, mais les sports d\u2019hiver ont rapidement \u00e9volu\u00e9. D\u00e9sormais, on apprend la glisse autrement. Les randonn\u00e9es en raquette, le ski de randonn\u00e9e et le ski de fond continuent d\u2019\u00eatre pratiqu\u00e9s lorsque les parcours balis\u00e9s sont suffisamment enneig\u00e9s. Dans les for\u00eats pentues au-dessus du village, le <i>ski-hoc<\/i>, un ski court qui permet de monter \u00e0 l\u2019aller et de glisser au retour, a la cote<small class=\"fine d-inline\">\u00a0<\/small>!<\/p>\n<p>Ce sont d\u00e9sormais ces sports que l\u2019on enseigne aux enfants qui reviennent en nombre chez nous, lors des <i>\u00ab<small class=\"fine d-inline\">\u00a0<\/small>classes de montagne<small class=\"fine d-inline\">\u00a0<\/small>\u00bb<\/i> relanc\u00e9es par l\u2019\u00c9tat, tout au long de l\u2019ann\u00e9e. On leur apprend les secrets de la for\u00eat, le travail de l\u2019abeille et la discr\u00e9tion du chamois.<\/p>\n<p>Alors c\u2019est vrai, il n\u2019y a plus de cars de touristes d\u00e9barquant par centaines en hiver<small class=\"fine d-inline\">\u00a0<\/small>; mais nous avons un tourisme continu et raisonn\u00e9, toute l\u2019ann\u00e9e, en soutien de notre \u00e9conomie locale qui a retrouv\u00e9 son ind\u00e9pendance. Chacun a trouv\u00e9 sa place et son activit\u00e9. Notre village gagne m\u00eame tout doucement en population chaque ann\u00e9e. Une maison m\u00e9dicale s\u2019est install\u00e9e de fa\u00e7on p\u00e9renne et l\u2019\u00e9cole ouvre ses classes \u00e0 chaque rentr\u00e9e. Et quand un hiver ne voit pas tomber suffisamment de neige, nous dormons sur nos deux oreilles.<\/p>\n<aside class=\"boite_encarts\">\n<div class=\"encart encart_vert noprint montre_1023\">\n<div class=\"infolettre-form-container noprint\">\n<p>Abonnez-vous \u00e0 la lettre d\u2019info de Reporterre<\/p>\n<\/div><\/div>\n<\/aside>\n<aside class=\"boite_apresarticle encart_note\">\n<h4>Apr\u00e8s cet article<\/h4>\n<p>      <a target=\"_blank\" href=\"https:\/\/reporterre.net\/Ski-le-ras-le-bol-des-ecologistes\" class=\"lien_article\">\n      <picture class=\"vignette_gauche\"><source type=\"image\/webp\" srcset=\"https:\/\/reporterre.net\/local\/cache-vignettes\/L450xH300\/arton27584-b1f06.jpg@.webp?1737368216\"><img decoding=\"async\" src=\"https:\/\/reporterre.net\/local\/cache-vignettes\/L450xH300\/arton27584-b1f06.jpg?1737368216\" width=\"450\" height=\"300\" alt=\"\" class=\"marge12\" loading=\"lazy\"\/><br \/>\n<\/source><\/picture>\n<p class=\"libelle\">\n<p>      Sports\n    <\/p>\n<p class=\"titre pol20\">Le ski, le ras-le-bol des \u00e9cologistes<\/p>\n<p>      <\/a><br \/>\n    <\/aside>\n<aside class=\"boite_complement texte\">\n<div class=\"encart_note\">\n<h4>Notes<\/h4>\n<div id=\"nb2-1\">\n<p><span class=\"spip_note_ref\">[<a target=\"_blank\" href=\"#nh2-1\" class=\"spip_note\" title=\"Notes 2-1\" rev=\"appendix\">1<\/a>]\u00a0<\/span>Groupe d\u2019experts intergouvernemental sur l\u2019\u00e9volution du climat.<\/p>\n<\/div><\/div>\n<p>      <!-- zone_forum --><br \/>\n          <\/aside>\n<aside class=\"boite_lireaussi noprint\">\n<\/aside>\n<aside class=\"colonne\">\n<div class=\"article_info cache_1023 noprint\">\n<p>    <span class=\"date\">14 f\u00e9vrier 2025  \u00e0 17h26<\/span><\/p>\n<p class=\"duree_lecture\">\n        Dur\u00e9e de lecture : 7 minutes\n      <\/p>\n<\/p><\/div>\n<div class=\"bloc_infolettre\">\n<div class=\"infolettre-form-container noprint\">\n<p>Abonnez-vous \u00e0 la lettre d\u2019info de Reporterre<\/p>\n<\/div><\/div>\n<\/aside>\n<div id=\"galerie\">\n  <img decoding=\"async\" src=\"\" class=\"principale\" id=\"principale\"\/><\/p>\n<p id=\"legende\">legende<\/p>\n<\/div>\n<footer class=\"noprint\">\n<\/footer>\n<\/div>\n<p><br \/>\n<br \/><a href=\"https:\/\/reporterre.net\/Quand-le-ski-disparaitra-ma-vie-en-montagne-en-2050\" target=\"_blank\"\">Source link <\/a><\/p>\n","protected":false},"excerpt":{"rendered":"<p>Grenoble, correspondance J\u2019enfile une veste, mets une \u00e9charpe. Attrape \u00e0 la vol\u00e9e une paire de gants puis me ravise. Aujourd\u2019hui encore, les gants pourront rester au placard. \u00ab\u00a0Pour la mi-f\u00e9vrier,&hellip; <\/p>\n","protected":false},"author":1,"featured_media":2631,"comment_status":"open","ping_status":"open","sticky":false,"template":"","format":"standard","meta":{"footnotes":""},"categories":[1],"tags":[],"class_list":["post-2630","post","type-post","status-publish","format-standard","has-post-thumbnail","hentry","category-non-classe"],"_links":{"self":[{"href":"https:\/\/monde25.info\/index.php\/wp-json\/wp\/v2\/posts\/2630","targetHints":{"allow":["GET"]}}],"collection":[{"href":"https:\/\/monde25.info\/index.php\/wp-json\/wp\/v2\/posts"}],"about":[{"href":"https:\/\/monde25.info\/index.php\/wp-json\/wp\/v2\/types\/post"}],"author":[{"embeddable":true,"href":"https:\/\/monde25.info\/index.php\/wp-json\/wp\/v2\/users\/1"}],"replies":[{"embeddable":true,"href":"https:\/\/monde25.info\/index.php\/wp-json\/wp\/v2\/comments?post=2630"}],"version-history":[{"count":0,"href":"https:\/\/monde25.info\/index.php\/wp-json\/wp\/v2\/posts\/2630\/revisions"}],"wp:featuredmedia":[{"embeddable":true,"href":"https:\/\/monde25.info\/index.php\/wp-json\/wp\/v2\/media\/2631"}],"wp:attachment":[{"href":"https:\/\/monde25.info\/index.php\/wp-json\/wp\/v2\/media?parent=2630"}],"wp:term":[{"taxonomy":"category","embeddable":true,"href":"https:\/\/monde25.info\/index.php\/wp-json\/wp\/v2\/categories?post=2630"},{"taxonomy":"post_tag","embeddable":true,"href":"https:\/\/monde25.info\/index.php\/wp-json\/wp\/v2\/tags?post=2630"}],"curies":[{"name":"wp","href":"https:\/\/api.w.org\/{rel}","templated":true}]}}