{"id":2636,"date":"2025-02-15T00:55:51","date_gmt":"2025-02-14T23:55:51","guid":{"rendered":"https:\/\/monde25.info\/index.php\/2025\/02\/15\/premier-discours-du-vice-president-us-j-d-vance-a-la-conference-de-munich-points-cles\/"},"modified":"2025-02-15T00:55:51","modified_gmt":"2025-02-14T23:55:51","slug":"premier-discours-du-vice-president-us-j-d-vance-a-la-conference-de-munich-points-cles","status":"publish","type":"post","link":"https:\/\/monde25.info\/index.php\/2025\/02\/15\/premier-discours-du-vice-president-us-j-d-vance-a-la-conference-de-munich-points-cles\/","title":{"rendered":"Premier discours du vice-Pr\u00e9sident US J.D.Vance \u00e0 la Conf\u00e9rence de Munich: points cl\u00e9s"},"content":{"rendered":"<p> <br \/>\n<br \/><img decoding=\"async\" src=\"https:\/\/cdn1.img.sputniknews.africa\/img\/07e9\/02\/0e\/1070659618_0:52:820:513_600x0_80_0_0_76b7a16a4a47b8ab12d1c74ec702c679.jpg\" \/><\/p>\n<div itemscope=\"\" itemtype=\"https:\/\/schema.org\/Article\">\n<p>https:\/\/fr.sputniknews.africa\/20250214\/premier-discours-du-vice-president-us-jdvance-a-la-conference-de-munich-points-cles-1070659634.html<\/p>\n<p><a target=\"_blank\" itemprop=\"url\" href=\"https:\/\/fr.sputniknews.africa\/20250214\/premier-discours-du-vice-president-us-jdvance-a-la-conference-de-munich-points-cles-1070659634.html\" title=\"Premier discours du vice-Pr\u00e9sident US J.D.Vance \u00e0 la Conf\u00e9rence de Munich: points cl\u00e9s\"\/><\/p>\n<p>Premier discours du vice-Pr\u00e9sident US J.D.Vance \u00e0 la Conf\u00e9rence de Munich: points cl\u00e9s<\/p>\n<p>Premier discours du vice-Pr\u00e9sident US J.D.Vance \u00e0 la Conf\u00e9rence de Munich: points cl\u00e9s<\/p>\n<p>Sputnik Afrique<\/p>\n<p>Ni la \u200b\u200bRussie, ni la Chine, ni aucun autre pays ne sont les principales menaces pour l\u2019Europe qui est plut\u00f4t menac\u00e9e de l&rsquo;int\u00e9rieur, selon le vice-Pr\u00e9sident&#8230; 14.02.2025, Sputnik Afrique<\/p>\n<p>2025-02-14T19:43+0100<\/p>\n<p>2025-02-14T19:43+0100<\/p>\n<p>2025-02-14T19:43+0100<\/p>\n<p>\u00e9tats-unis<\/p>\n<p>international<\/p>\n<p>union europ\u00e9enne (ue)<\/p>\n<p>d\u00e9mocratie<\/p>\n<p>james david vance, dit jd vance<\/p>\n<p>europe<\/p>\n<p>chine<\/p>\n<p>russie<\/p>\n<p>roumanie<\/p>\n<p>crise migratoire<\/p>\n<p>https:\/\/cdn1.img.sputniknews.africa\/img\/07e9\/02\/0e\/1070659618_0:52:820:513_1920x0_80_0_0_667834ec5abd952f7371447fb0f36612.jpg<\/p>\n<p>Le premier discours du vice-Pr\u00e9sident US J.D.Vance \u00e0 la Conf\u00e9rence de Munich a probablement \u00e9t\u00e9 une \u00ab\u00a0douche froide\u00a0\u00bb pour les invit\u00e9s habitu\u00e9s \u00e0 la rh\u00e9torique de l&rsquo;administration Biden. Sputnik a recueilli pour vous ses principales d\u00e9clarations:   <\/p>\n<p>\u00e9tats-unis<\/p>\n<p>europe<\/p>\n<p>chine<\/p>\n<p>russie<\/p>\n<p>roumanie<\/p>\n<div itemprop=\"copyrightHolder\" itemscope=\"\" itemtype=\"http:\/\/schema.org\/Organization\">\n<p>Sputnik Afrique<\/p>\n<p><a target=\"_blank\" itemprop=\"url\" href=\"https:\/\/fr.sputniknews.africa\" title=\"Sputnik Afrique\"> <\/a><\/p>\n<p>feedback.fr@sputniknews.com<\/p>\n<p>+74956456601<\/p>\n<p>MIA \u201eRossiya Segodnya\u201c<\/p>\n<p><a target=\"_blank\" itemprop=\"sameAs\" href=\"https:\/\/t.me\/sputnik_afrique\"> <\/a><a target=\"_blank\" itemprop=\"sameAs\" href=\"https:\/\/t.me\/sputnik_africa\"> <\/a><a target=\"_blank\" itemprop=\"sameAs\" href=\"https:\/\/t.me\/sputnik_ethiopia\"> <\/a><a target=\"_blank\" itemprop=\"sameAs\" href=\"https:\/\/x.com\/sputnik_afrique\"> <\/a><a target=\"_blank\" itemprop=\"sameAs\" href=\"https:\/\/x.com\/sputnik_africa\"> <\/a><\/div>\n<p>2025<\/p>\n<div itemprop=\"creator\" itemscope=\"\" itemtype=\"http:\/\/schema.org\/Organization\">\n<p>Sputnik Afrique<\/p>\n<p><a target=\"_blank\" itemprop=\"url\" href=\"https:\/\/fr.sputniknews.africa\" title=\"Sputnik Afrique\"> <\/a><\/p>\n<p>feedback.fr@sputniknews.com<\/p>\n<p>+74956456601<\/p>\n<p>MIA \u201eRossiya Segodnya\u201c<\/p>\n<p><a target=\"_blank\" itemprop=\"sameAs\" href=\"https:\/\/t.me\/sputnik_afrique\"> <\/a><a target=\"_blank\" itemprop=\"sameAs\" href=\"https:\/\/t.me\/sputnik_africa\"> <\/a><a target=\"_blank\" itemprop=\"sameAs\" href=\"https:\/\/t.me\/sputnik_ethiopia\"> <\/a><a target=\"_blank\" itemprop=\"sameAs\" href=\"https:\/\/x.com\/sputnik_afrique\"> <\/a><a target=\"_blank\" itemprop=\"sameAs\" href=\"https:\/\/x.com\/sputnik_africa\"> <\/a><\/div>\n<p>Actus<\/p>\n<p>fr_FR<\/p>\n<div itemprop=\"sourceOrganization\" itemscope=\"\" itemtype=\"http:\/\/schema.org\/Organization\">\n<p>Sputnik Afrique<\/p>\n<p><a target=\"_blank\" itemprop=\"url\" href=\"https:\/\/fr.sputniknews.africa\" title=\"Sputnik Afrique\"> <\/a><\/p>\n<p>feedback.fr@sputniknews.com<\/p>\n<p>+74956456601<\/p>\n<p>MIA \u201eRossiya Segodnya\u201c<\/p>\n<p><a target=\"_blank\" itemprop=\"sameAs\" href=\"https:\/\/t.me\/sputnik_afrique\"> <\/a><a target=\"_blank\" itemprop=\"sameAs\" href=\"https:\/\/t.me\/sputnik_africa\"> <\/a><a target=\"_blank\" itemprop=\"sameAs\" href=\"https:\/\/t.me\/sputnik_ethiopia\"> <\/a><a target=\"_blank\" itemprop=\"sameAs\" href=\"https:\/\/x.com\/sputnik_afrique\"> <\/a><a target=\"_blank\" itemprop=\"sameAs\" href=\"https:\/\/x.com\/sputnik_africa\"> <\/a><\/div>\n<p><a target=\"_blank\" itemprop=\"thumbnailUrl\" href=\"https:\/\/cdn1.img.sputniknews.africa\/img\/07e9\/02\/0e\/1070659618_0:52:820:513_1920x0_80_0_0_667834ec5abd952f7371447fb0f36612.jpg\"\/><a target=\"_blank\" itemprop=\"thumbnailUrl\" href=\"https:\/\/cdn1.img.sputniknews.africa\/img\/07e9\/02\/0e\/1070659618_0:0:820:615_1920x0_80_0_0_cb22198991a8d9301acb84415def6f54.jpg\">https:\/\/cdn1.img.sputniknews.africa\/img\/07e9\/02\/0e\/1070659618_0:0:820:615_1920x0_80_0_0_cb22198991a8d9301acb84415def6f54.jpg<\/a><a target=\"_blank\" itemprop=\"thumbnailUrl\" href=\"https:\/\/cdn1.img.sputniknews.africa\/img\/07e9\/02\/0e\/1070659618_0:0:820:819_1920x0_80_0_0_5078adc82bf5bdd0893a17ba105e1ac8.jpg\" title=\"James David Vance, US Senator from Ohio.\"\/><\/p>\n<div itemprop=\"publisher\" itemscope=\"\" itemtype=\"http:\/\/schema.org\/Organization\">\n<p>Sputnik Afrique<\/p>\n<p><a target=\"_blank\" itemprop=\"url\" href=\"https:\/\/fr.sputniknews.africa\" title=\"Sputnik Afrique\"> <\/a><\/p>\n<p>feedback.fr@sputniknews.com<\/p>\n<p>+74956456601<\/p>\n<p>MIA \u201eRossiya Segodnya\u201c<\/p>\n<p><a target=\"_blank\" itemprop=\"sameAs\" href=\"https:\/\/t.me\/sputnik_afrique\"> <\/a><a target=\"_blank\" itemprop=\"sameAs\" href=\"https:\/\/t.me\/sputnik_africa\"> <\/a><a target=\"_blank\" itemprop=\"sameAs\" href=\"https:\/\/t.me\/sputnik_ethiopia\"> <\/a><a target=\"_blank\" itemprop=\"sameAs\" href=\"https:\/\/x.com\/sputnik_afrique\"> <\/a><a target=\"_blank\" itemprop=\"sameAs\" href=\"https:\/\/x.com\/sputnik_africa\"> <\/a><\/div>\n<p>\u00e9tats-unis, international, union europ\u00e9enne (ue), d\u00e9mocratie, james david vance, dit jd vance, europe, chine, russie, roumanie, crise migratoire<\/p>\n<div itemprop=\"about\" itemscope=\"\" itemtype=\"https:\/\/schema.org\/Thing\">\n<p>\u00e9tats-unis, international, union europ\u00e9enne (ue), d\u00e9mocratie, james david vance, dit jd vance, europe, chine, russie, roumanie, crise migratoire<\/p>\n<\/div>\n<\/div>\n<div>\n<p>Ni la \u200b\u200bRussie, ni la Chine, ni aucun autre pays ne sont les principales menaces pour l\u2019Europe qui est plut\u00f4t menac\u00e9e de l&rsquo;int\u00e9rieur, selon le vice-Pr\u00e9sident US J.D.Vance qui a prononc\u00e9 un discours \u00e0 la Conf\u00e9rence de Munich sur la s\u00e9curit\u00e9.<\/p>\n<\/div>\n<div>\n<div class=\"article__block\" data-type=\"text\">\n<p>Le premier discours du vice-Pr\u00e9sident US J.D.Vance \u00e0 la Conf\u00e9rence de Munich a probablement \u00e9t\u00e9 une \u00ab\u00a0douche froide\u00a0\u00bb pour les invit\u00e9s habitu\u00e9s \u00e0 la rh\u00e9torique de l&rsquo;administration Biden. Sputnik a recueilli pour vous ses principales d\u00e9clarations:   <\/p>\n<\/div>\n<div class=\"article__block\" data-type=\"list\">\n<div class=\"article__list\">\n<div class=\"article__list-item\">Ni la \u200b\u200bRussie, ni la Chine, ni aucun autre pays ne sont les principales menaces pour l\u2019Europe. La principale menace vient de l&rsquo;int\u00e9rieur.  <\/div>\n<div class=\"article__list-item\">La crise de l\u2019Europe est la cons\u00e9quence de ses propres d\u00e9cisions.  <\/div>\n<div class=\"article__list-item\">Les \u00c9tats-Unis ont \u00e9t\u00e9 choqu\u00e9s par la joie europ\u00e9enne face \u00e0 l\u2019annulation des \u00e9lections en Roumanie. Vance a appel\u00e9 l&rsquo;Europe \u00e0 \u00ab\u00a0ne pas se contenter de parler des valeurs d\u00e9mocratiques, mais \u00e0 les vivre\u00a0\u00bb.  <\/div>\n<div class=\"article__list-item\">Commentant la d\u00e9cision du gouvernement roumain d&rsquo;annuler les r\u00e9sultats de la pr\u00e9sidentielle en raison de soup\u00e7ons d&rsquo;ing\u00e9rence \u00e9trang\u00e8re, il a d\u00e9clar\u00e9: \u00ab\u00a0Si votre d\u00e9mocratie s&rsquo;effondre \u00e0 cause de la publicit\u00e9 num\u00e9rique d&rsquo;un autre pays, elle n&rsquo;a jamais \u00e9t\u00e9 tr\u00e8s forte au d\u00e9part\u00a0\u00bb.  <\/div>\n<div class=\"article__list-item\"> La \u200b\u200bcrise migratoire en Europe n&rsquo;est pas survenue \u00ab\u00a0dans le vide\u00a0\u00bb: \u00ab\u00a0elle est le r\u00e9sultat d&rsquo;une s\u00e9rie de d\u00e9cisions conscientes prises par les hommes politiques de tout le continent\u00a0\u00bb.<\/div>\n<\/div>\n<\/div>\n<\/div>\n<p><script async=\"async\" type=\"text\/plain\" class=\"_iub_cs_activate\" data-iub-purposes=\"3\" data-suppressedsrc=\"https:\/\/connect.facebook.net\/en_US\/sdk.js#xfbml=1&amp;version=v3.2\"><\/script><br \/>\n<br \/><br \/>\n<br \/><a href=\"https:\/\/fr.sputniknews.africa\/20250214\/premier-discours-du-vice-president-us-jdvance-a-la-conference-de-munich-points-cles-1070659634.html\" target=\"_blank\"\">Source link <\/a><\/p>\n","protected":false},"excerpt":{"rendered":"<p>https:\/\/fr.sputniknews.africa\/20250214\/premier-discours-du-vice-president-us-jdvance-a-la-conference-de-munich-points-cles-1070659634.html Premier discours du vice-Pr\u00e9sident US J.D.Vance \u00e0 la Conf\u00e9rence de Munich: points cl\u00e9s Premier discours du vice-Pr\u00e9sident US J.D.Vance \u00e0 la Conf\u00e9rence de Munich: points cl\u00e9s Sputnik Afrique Ni&hellip; <\/p>\n","protected":false},"author":1,"featured_media":2637,"comment_status":"open","ping_status":"open","sticky":false,"template":"","format":"standard","meta":{"footnotes":""},"categories":[1],"tags":[],"class_list":["post-2636","post","type-post","status-publish","format-standard","has-post-thumbnail","hentry","category-non-classe"],"_links":{"self":[{"href":"https:\/\/monde25.info\/index.php\/wp-json\/wp\/v2\/posts\/2636","targetHints":{"allow":["GET"]}}],"collection":[{"href":"https:\/\/monde25.info\/index.php\/wp-json\/wp\/v2\/posts"}],"about":[{"href":"https:\/\/monde25.info\/index.php\/wp-json\/wp\/v2\/types\/post"}],"author":[{"embeddable":true,"href":"https:\/\/monde25.info\/index.php\/wp-json\/wp\/v2\/users\/1"}],"replies":[{"embeddable":true,"href":"https:\/\/monde25.info\/index.php\/wp-json\/wp\/v2\/comments?post=2636"}],"version-history":[{"count":0,"href":"https:\/\/monde25.info\/index.php\/wp-json\/wp\/v2\/posts\/2636\/revisions"}],"wp:featuredmedia":[{"embeddable":true,"href":"https:\/\/monde25.info\/index.php\/wp-json\/wp\/v2\/media\/2637"}],"wp:attachment":[{"href":"https:\/\/monde25.info\/index.php\/wp-json\/wp\/v2\/media?parent=2636"}],"wp:term":[{"taxonomy":"category","embeddable":true,"href":"https:\/\/monde25.info\/index.php\/wp-json\/wp\/v2\/categories?post=2636"},{"taxonomy":"post_tag","embeddable":true,"href":"https:\/\/monde25.info\/index.php\/wp-json\/wp\/v2\/tags?post=2636"}],"curies":[{"name":"wp","href":"https:\/\/api.w.org\/{rel}","templated":true}]}}