{"id":2649,"date":"2025-02-15T06:35:10","date_gmt":"2025-02-15T05:35:10","guid":{"rendered":"https:\/\/monde25.info\/index.php\/2025\/02\/15\/gaza-incertitudes-autour-du-sixieme-echange-dotages-sur-fond-doffensives-continues-les-pays-arabes-sopposent-fermement-au-deplacement-des-palestiniens\/"},"modified":"2025-02-15T06:35:10","modified_gmt":"2025-02-15T05:35:10","slug":"gaza-incertitudes-autour-du-sixieme-echange-dotages-sur-fond-doffensives-continues-les-pays-arabes-sopposent-fermement-au-deplacement-des-palestiniens","status":"publish","type":"post","link":"https:\/\/monde25.info\/index.php\/2025\/02\/15\/gaza-incertitudes-autour-du-sixieme-echange-dotages-sur-fond-doffensives-continues-les-pays-arabes-sopposent-fermement-au-deplacement-des-palestiniens\/","title":{"rendered":"Gaza : Incertitudes autour du sixi\u00e8me \u00e9change d\u2019otages sur fond d\u2019offensives continues, les pays arabes s\u2019opposent fermement au d\u00e9placement des Palestiniens"},"content":{"rendered":"<p> <br \/>\n<\/p>\n<div>\n<p><span data-contrast=\"none\">Quoique fragilis\u00e9 par des bombardements isra\u00e9liens et les d\u00e9clarations de Donald Trump, le cessez-le-feu \u00e0 Gaza est toujours en vigueur. La premi\u00e8re phase de l\u2019accord de tr\u00eave, qui a d\u00e9but\u00e9 le 19 janvier dernier, touche \u00e0 sa fin avec cinq \u00e9changes d\u2019otages entre le Hamas et Isra\u00ebl, simultan\u00e9ment \u00e0 des offensives isra\u00e9liennes qui alourdissent toujours le bilan des 15 mois de guerre. Le sixi\u00e8me \u00e9change fait l\u2019objet de crispations et de tensions ces derniers jours entre le mouvement palestinien et Tel Aviv, sur fond de d\u00e9clarations pol\u00e9miques du pr\u00e9sident am\u00e9ricain sur une d\u00e9portation des Palestiniens du territoire enclav\u00e9 vers les pays arabes adjacents. Ces derniers expriment en ch\u0153ur leur refus.<\/span><span data-ccp-props=\"{&quot;134233117&quot;:false,&quot;134233118&quot;:false,&quot;335559738&quot;:165,&quot;335559739&quot;:165}\">\u00a0<\/span><\/p>\n<p><span data-contrast=\"none\">Depuis l\u2019entr\u00e9e en vigueur de la tr\u00eave, cinq \u00e9changes d&rsquo;otages contre des prisonniers ont eu lieu. Jusqu\u2019\u00e0 maintenant, 18 otages isra\u00e9liens et 582 prisonniers palestiniens ont \u00e9t\u00e9 lib\u00e9r\u00e9s, plus un \u00c9gyptien. La premi\u00e8re phase de l&rsquo;accord, d&rsquo;une dur\u00e9e de six semaines, pr\u00e9voit au total la remise \u00e0 Tel Aviv de 33 otages, dont huit au moins sont d\u00e9c\u00e9d\u00e9s, contre 1 900 prisonniers palestiniens.<\/span><span data-ccp-props=\"{&quot;134233117&quot;:false,&quot;134233118&quot;:false,&quot;335559738&quot;:165,&quot;335559739&quot;:150}\">\u00a0<\/span><\/p>\n<p><span data-contrast=\"none\"><strong>Incertitude autour du 6e \u00e9change, le nombre de morts continue de grimper<\/strong><\/span><span data-ccp-props=\"{&quot;134233117&quot;:false,&quot;134233118&quot;:false,&quot;335559738&quot;:240,&quot;335559739&quot;:240}\"><strong>\u00a0<\/strong><\/span><\/p>\n<p><span data-contrast=\"none\">Le sixi\u00e8me \u00e9change, pr\u00e9vu samedi dernier et impliquant la lib\u00e9ration de trois otages contre 183 Palestiniens, a \u00e9t\u00e9 retard\u00e9. Le Hamas a publi\u00e9 un communiqu\u00e9 dans lequel il rejetait les menaces d\u2019Isra\u00ebl et des \u00c9tats-Unis d\u2019un retour de la guerre, r\u00e9affirmant son engagement \u00e0 l&rsquo;accord de cessez-le-feu tout en accusant Tsahal de compromettre la tr\u00eave.<\/span><span data-ccp-props=\"{&quot;134233117&quot;:false,&quot;134233118&quot;:false,&quot;335559738&quot;:165,&quot;335559739&quot;:165}\">\u00a0<\/span><\/p>\n<p><span data-contrast=\"none\">Les accusations port\u00e9es contre Tsahal font r\u00e9f\u00e9rence aux offensives qui se poursuivent malgr\u00e9 l\u2019entr\u00e9e en vigueur du cessez-le-feu. Jeudi, Isra\u00ebl a annonc\u00e9 avoir \u00ab\u00a0frapp\u00e9\u00a0\u00bb un lanceur de roquettes dans la bande de Gaza apr\u00e8s avoir d\u00e9tect\u00e9 un tir de projectile ayant, selon elle, atterri dans le territoire palestinien.\u00a0<\/span><span data-ccp-props=\"{&quot;134233117&quot;:false,&quot;134233118&quot;:false,&quot;335559738&quot;:165,&quot;335559739&quot;:165}\">\u00a0<\/span><\/p>\n<p><span data-contrast=\"none\">Le m\u00eame jour, le minist\u00e8re gazaoui de la Sant\u00e9 a annonc\u00e9 un bilan de plus en plus \u00e9lev\u00e9, atteignant 48 239 morts depuis le d\u00e9but de l&rsquo;agression de l&rsquo;occupation isra\u00e9lienne le 7 octobre. Le nombre de bless\u00e9s s&rsquo;est \u00e9lev\u00e9 \u00e0 111.676 depuis le d\u00e9but de la guerre. 17 Palestiniens ont \u00e9t\u00e9 tu\u00e9s et deux autres bless\u00e9s en 24 heures<\/span><span data-ccp-props=\"{&quot;134233117&quot;:false,&quot;134233118&quot;:false,&quot;335559738&quot;:165,&quot;335559739&quot;:165}\">\u00a0<\/span><\/p>\n<p><span data-contrast=\"none\">Isra\u00ebl a tout de m\u00eame d\u00e9clar\u00e9 hier attendre du Hamas qu\u2019il lib\u00e8re trois otages \u00ab\u00a0vivants\u00a0\u00bb ce samedi pour garantir la poursuite du cessez-le-feu \u00e0 Gaza. Le mouvement palestinien a r\u00e9it\u00e9r\u00e9 sa disposition \u00e0 appliquer l\u2019accord de tr\u00eave et lib\u00e9rer des otages isra\u00e9liens \u00ab\u00a0selon le calendrier\u00a0\u00bb.<\/span><span data-ccp-props=\"{&quot;134233117&quot;:false,&quot;134233118&quot;:false,&quot;335559738&quot;:165,&quot;335559739&quot;:165}\">\u00a0<\/span><\/p>\n<p><span data-contrast=\"none\">\u00ab\u00a0Si le Hamas ne respecte pas l\u2019accord, s\u2019ils violent l\u2019accord et ne lib\u00e8rent pas nos otages, nous avons d\u00e9j\u00e0 amass\u00e9 des forces \u00e0 l\u2019int\u00e9rieur et autour de Gaza, donc si ces trois-l\u00e0 ne sont pas rel\u00e2ch\u00e9s, si le Hamas ne rend pas nos otages, d\u2019ici \u00e0 samedi midi, le cessez-le-feu prendra fin\u00a0\u00bb, a d\u00e9clar\u00e9 David Mencer, porte-parole du gouvernement isra\u00e9lien.<\/span><span data-ccp-props=\"{&quot;134233117&quot;:false,&quot;134233118&quot;:false,&quot;335559738&quot;:165,&quot;335559739&quot;:165}\">\u00a0<\/span><\/p>\n<p><span data-contrast=\"none\"><strong>Les \u00c9tats arabes oppos\u00e9s au projet de Trump<\/strong><\/span><span data-ccp-props=\"{&quot;134233117&quot;:false,&quot;134233118&quot;:false,&quot;335559738&quot;:240,&quot;335559739&quot;:240}\"><strong>\u00a0<\/strong><\/span><\/p>\n<p><span data-contrast=\"none\">Selon une cha\u00eene de t\u00e9l\u00e9vision \u00e9gyptienne, proche du gouvernement, c\u2019est la m\u00e9diation men\u00e9e par l\u2019Egypte et le Qatar qui a permis de \u00ab\u00a0surmonter les obstacles\u00a0\u00bb qui mettaient en danger le cessez-le-feu.<\/span><span data-ccp-props=\"{&quot;134233117&quot;:false,&quot;134233118&quot;:false,&quot;335559738&quot;:165,&quot;335559739&quot;:165}\">\u00a0<\/span><\/p>\n<p><span data-contrast=\"none\">Depuis le retour de Donald Trump \u00e0 la Maison Blanche, le r\u00f4le de Washington dans la m\u00e9diation n\u2019est plus mis en avant, rel\u00e9gu\u00e9 au second plan, derri\u00e8re les d\u00e9clarations du pr\u00e9sident am\u00e9ricain sur Gaza. Mercredi, le porte-parole du r\u00e9publicain a confirm\u00e9 les r\u00e9cents propos de ce dernier lorsqu\u2019il recevait Abdallah II, roi de Jordanie, selon lesquels \u201cil serait bien mieux et plus majestueux que ces Palestiniens puissent \u00eatre d\u00e9plac\u00e9s vers des zones plus s\u00fbres\u00a0\u00bb. \u201cBeaucoup de Palestiniens aimeraient quitter Gaza s\u2019ils pouvaient trouver un endroit o\u00f9 vivre\u201d, d\u00e9clarait-il en d\u00e9but de semaine dans son bureau Ovale.\u00a0<\/span><span data-ccp-props=\"{&quot;134233117&quot;:false,&quot;134233118&quot;:false,&quot;335559738&quot;:165,&quot;335559739&quot;:165}\">\u00a0<\/span><\/p>\n<p><span data-contrast=\"none\">Son invit\u00e9 \u00ab\u00a0pr\u00e9f\u00e9rerait que les Palestiniens (de Gaza) restent sur place\u00a0\u00bb, tout comme de nombreux \u00c9tats arabes sollicit\u00e9s pour accueillir les Gazaouis. Le pr\u00e9sident \u00e9gyptien Abdel Fattah al-Sissi a adopt\u00e9 une r\u00e9ponse d\u00e9termin\u00e9e, sans compromis, annon\u00e7ant la tenue d\u2019un sommet arabe extraordinaire au Caire \u00e0 la fin du mois pour y pr\u00e9senter \u201cune vision globale\u201d pour la reconstruction de l\u2019enclave palestinienne de mani\u00e8re \u00e0 garantir que les Palestiniens restent sur leur terre.<\/span><span data-ccp-props=\"{&quot;134233117&quot;:false,&quot;134233118&quot;:false,&quot;335559738&quot;:165,&quot;335559739&quot;:165}\">\u00a0<\/span><\/p>\n<p><span data-contrast=\"none\">Le minist\u00e8re saoudien des Affaires \u00e9trang\u00e8res a r\u00e9it\u00e9r\u00e9 l\u2019engagement de Ryad en faveur d\u2019un \u00c9tat palestinien et d\u00e9nonc\u00e9 toute tentative de \u201cd\u00e9raciner les Palestiniens\u201d. Les Emirats arabes unis, malgr\u00e9 un accord de normalisation avec Isra\u00ebl en 2020, ont rejet\u00e9 tout \u201ccompromis\u201d sur les \u201cdroits ali\u00e9nables du peuple palestinien\u201d et toute tentative de le d\u00e9placer.<\/span><span data-ccp-props=\"{&quot;134233117&quot;:false,&quot;134233118&quot;:false,&quot;335559738&quot;:165,&quot;335559739&quot;:165}\">\u00a0<\/span><\/p>\n<p><span data-contrast=\"none\">Bahre\u00efn, autre pays du Golfe ayant normalis\u00e9 ses relations avec Isra\u00ebl, a appel\u00e9 \u00e0 \u201cl\u2019\u00e9tablissement d\u2019un \u00c9tat palestinien dot\u00e9 d\u2019une pleine souverainet\u00e9 d\u2019une mani\u00e8re qui permette une coexistence pacifique avec Isra\u00ebl\u201d.<\/span><span data-ccp-props=\"{&quot;134233117&quot;:false,&quot;134233118&quot;:false,&quot;335559738&quot;:165,&quot;335559739&quot;:165}\">\u00a0<\/span><\/p>\n<p><span data-contrast=\"none\">Sur le plan humanitaire, la \u00ab\u00a0catastrophe se poursuit\u00a0\u00bb malgr\u00e9 la tr\u00eave, a temp\u00e9r\u00e9 jeudi le chef du Bureau des Nations unies pour les services d\u2019appui au projet (Unops), Jorge Moreira da Silva. Il a appel\u00e9 \u00e0 un acc\u00e8s sans entraves de l\u2019aide. Il a appel\u00e9 \u00e0 un \u00ab\u00a0cessez-le-feu permanent\u00a0\u00bb, \u00e0 \u00ab\u00a0la \u00ab\u00a0lib\u00e9ration imm\u00e9diate de tous les otages\u00a0\u00bb et \u00e0 un acc\u00e8s \u00ab\u00a0rapide\u00a0\u00bb, et \u00ab\u00a0sans entrave\u00a0\u00bb de l\u2019aide humanitaire.<\/span><span data-ccp-props=\"{&quot;134233117&quot;:false,&quot;134233118&quot;:false,&quot;335559738&quot;:165,&quot;335559739&quot;:165}\">\u00a0<\/span><\/p>\n<p><span data-contrast=\"none\">Selon la m\u00eame t\u00e9l\u00e9vision \u00e9gyptienne, apr\u00e8s l\u2019accord d\u2019Isra\u00ebl, les \u00ab\u00a0pr\u00e9fabriqu\u00e9s, les tentes, le carburant, l\u2019\u00e9quipement lourd, les m\u00e9dicaments, les mat\u00e9riaux de r\u00e9novation des h\u00f4pitaux et tout ce qui est li\u00e9 au protocole humanitaire\u00a0\u00bb pourront commencer \u00e0 \u00eatre achemin\u00e9s dans la bande de Gaza.<\/span><span data-ccp-props=\"{&quot;134233117&quot;:false,&quot;134233118&quot;:false,&quot;335559738&quot;:165,&quot;335559739&quot;:165}\">\u00a0<\/span><\/p>\n<\/div>\n<p><script>(function(d, s, id) {  var js, fjs = d.getElementsByTagName(s)[0];  if (d.getElementById(id)) return;  js = d.createElement(s); js.id = id;  js.src = \"\/\/connect.facebook.net\/fr_FR\/sdk.js#xfbml=1&version=v2.3\";  fjs.parentNode.insertBefore(js, fjs);}(document, \"script\", \"facebook-jssdk\"));<\/script><br \/>\n<br \/><br \/>\n<br \/><a href=\"https:\/\/www.francesoir.fr\/politique-monde\/gaza-incertitudes-autour-du-sixieme-echange-d-otages-sur-fond-d-offensives\" target=\"_blank\"\">Source link <\/a><\/p>\n","protected":false},"excerpt":{"rendered":"<p>Quoique fragilis\u00e9 par des bombardements isra\u00e9liens et les d\u00e9clarations de Donald Trump, le cessez-le-feu \u00e0 Gaza est toujours en vigueur. La premi\u00e8re phase de l\u2019accord de tr\u00eave, qui a d\u00e9but\u00e9&hellip; <\/p>\n","protected":false},"author":1,"featured_media":2650,"comment_status":"open","ping_status":"open","sticky":false,"template":"","format":"standard","meta":{"footnotes":""},"categories":[1],"tags":[],"class_list":["post-2649","post","type-post","status-publish","format-standard","has-post-thumbnail","hentry","category-non-classe"],"_links":{"self":[{"href":"https:\/\/monde25.info\/index.php\/wp-json\/wp\/v2\/posts\/2649","targetHints":{"allow":["GET"]}}],"collection":[{"href":"https:\/\/monde25.info\/index.php\/wp-json\/wp\/v2\/posts"}],"about":[{"href":"https:\/\/monde25.info\/index.php\/wp-json\/wp\/v2\/types\/post"}],"author":[{"embeddable":true,"href":"https:\/\/monde25.info\/index.php\/wp-json\/wp\/v2\/users\/1"}],"replies":[{"embeddable":true,"href":"https:\/\/monde25.info\/index.php\/wp-json\/wp\/v2\/comments?post=2649"}],"version-history":[{"count":0,"href":"https:\/\/monde25.info\/index.php\/wp-json\/wp\/v2\/posts\/2649\/revisions"}],"wp:featuredmedia":[{"embeddable":true,"href":"https:\/\/monde25.info\/index.php\/wp-json\/wp\/v2\/media\/2650"}],"wp:attachment":[{"href":"https:\/\/monde25.info\/index.php\/wp-json\/wp\/v2\/media?parent=2649"}],"wp:term":[{"taxonomy":"category","embeddable":true,"href":"https:\/\/monde25.info\/index.php\/wp-json\/wp\/v2\/categories?post=2649"},{"taxonomy":"post_tag","embeddable":true,"href":"https:\/\/monde25.info\/index.php\/wp-json\/wp\/v2\/tags?post=2649"}],"curies":[{"name":"wp","href":"https:\/\/api.w.org\/{rel}","templated":true}]}}