{"id":2653,"date":"2025-02-15T07:40:34","date_gmt":"2025-02-15T06:40:34","guid":{"rendered":"https:\/\/monde25.info\/index.php\/2025\/02\/15\/la-justice-francaise-se-penche-sur-la-filmographie-de-bhl-rt-en-francais\/"},"modified":"2025-02-15T07:40:34","modified_gmt":"2025-02-15T06:40:34","slug":"la-justice-francaise-se-penche-sur-la-filmographie-de-bhl-rt-en-francais","status":"publish","type":"post","link":"https:\/\/monde25.info\/index.php\/2025\/02\/15\/la-justice-francaise-se-penche-sur-la-filmographie-de-bhl-rt-en-francais\/","title":{"rendered":"la justice fran\u00e7aise se penche sur la filmographie de BHL \u2014 RT en fran\u00e7ais"},"content":{"rendered":"<p> <br \/>\n<br \/><img decoding=\"async\" src=\"https:\/\/mf.b37mrtl.ru\/french\/images\/2025.02\/thumbnail\/67af1c7f6f7ccc57ea167c13.jpg\" \/><\/p>\n<div>\n<p class=\"text__summary\">\n                                        Une enqu\u00eate pour prise ill\u00e9gale d\u2019int\u00e9r\u00eat a \u00e9t\u00e9 ouverte \u00e0 l\u2019encontre du philosophe m\u00e9diatique Bernard-Henri L\u00e9vy (BHL) \u00e0 la suite du signalement \u00e0 la justice du d\u00e9put\u00e9 LFI Aymeric Caron. Pr\u00e9sident du conseil de surveillance d&rsquo;Arte depuis plus de trente ans, BHL a vu nombre de ses documentaires recevoir des contributions financi\u00e8res de la cha\u00eene.\n                                    <\/p>\n<p>\u00abIl semble qu\u2019Aymeric Caron a franchi une nouvelle \u00e9tape dans la campagne de harc\u00e8lement qu\u2019il m\u00e8ne, depuis un certain temps, contre moi. Je n\u2019ai aucune responsabilit\u00e9 dans le choix des programmes d\u2019Arte\u00bb.<\/p>\n<p>Sur X, le 13 f\u00e9vrier, le philosophe\u00a0<a target=\"_blank\" href=\"https:\/\/x.com\/BHL\/status\/1890119531118612897\">Bernard-Henri L\u00e9vy<\/a>, plus commun\u00e9ment appel\u00e9 BHL, s\u2019est d\u00e9fendu d\u2019avoir influenc\u00e9 la cha\u00eene publique de t\u00e9l\u00e9vision franco-allemande dans ses choix de financements de documentaires.<\/p>\n<div class=\"rtcode\">\n<blockquote class=\"twitter-tweet\">\n<p lang=\"fr\" dir=\"ltr\">Il semble qu\u2019Aymeric Caron a franchi une nouvelle \u00e9tape dans la campagne de harc\u00e8lement qu\u2019il m\u00e8ne, depuis un certain temps, contre moi. <br \/>Je n\u2019ai aucune responsabilit\u00e9 dans le choix des programmes d\u2019<a target=\"_blank\" href=\"https:\/\/twitter.com\/hashtag\/ARTE?src=hash&amp;ref_src=twsrc%5Etfw\">#ARTE<\/a>.<br \/>Je ne si\u00e8ge dans aucune des commissions qui choisissent les films qu\u2019ARTE\u2026<\/p>\n<p>\u2014 Bernard-Henri L\u00e9vy (@BHL) <a target=\"_blank\" href=\"https:\/\/twitter.com\/BHL\/status\/1890119531118612897?ref_src=twsrc%5Etfw\">February 13, 2025<\/a><\/p><\/blockquote>\n<\/div>\n<p><a target=\"_blank\" href=\"https:\/\/x.com\/BHL\/status\/1890119531118612897\"\/>Le m\u00eame jour, une agence de presse fran\u00e7aise a appris de source proche du dossier, qu&rsquo;une enqu\u00eate pr\u00e9liminaire pour prise ill\u00e9gale d\u2019int\u00e9r\u00eats avait \u00e9t\u00e9 ouverte \u00e0 l&rsquo;encontre de BHL. Une proc\u00e9dure ouverte \u00e0 la suite d&rsquo;un signalement, adress\u00e9 d\u00e9but f\u00e9vrier \u00e0 la procureur de Paris, par le d\u00e9put\u00e9 Aymeric Caron.<\/p>\n<p>Dans ce document, consult\u00e9 par l&rsquo;agence de presse, le d\u00e9put\u00e9 LFI de Paris \u00e9voque une potentielle prise ill\u00e9gale d\u2019int\u00e9r\u00eats li\u00e9e au \u00absoutien substantiel\u00bb que la cha\u00eene aurait pu apport\u00e9 \u00e0 la production audiovisuelle de BHL.<\/p>\n<h2>Arte, sponsor des films de BHL<\/h2>\n<p>En octobre 2024,\u00a0lors d&rsquo;une prise de parole \u00e0 l\u2019Assembl\u00e9e, le d\u00e9put\u00e9 avait\u00a0d\u00e9clar\u00e9 qu\u2019\u00ab<a target=\"_blank\" href=\"https:\/\/x.com\/CaronAymericoff\/status\/1848803114297790586\">Arte France a investi 750 000 euros dans plusieurs de ses films<\/a>, qui ont ensuite \u00e9t\u00e9 diffus\u00e9s sur la cha\u00eene\u00bb, rappelant \u00e9galement que BHL occupe la fonction de pr\u00e9sident du conseil de surveillance de la cha\u00eene depuis 1993.<\/p>\n<div class=\"rtcode\">\n<blockquote class=\"twitter-tweet\">\n<p lang=\"fr\" dir=\"ltr\">Rapporteur pour avis pour le budget sur l\u2019audiovisuel public, je demande la d\u00e9mission de <a target=\"_blank\" href=\"https:\/\/twitter.com\/BHL?ref_src=twsrc%5Etfw\">@BHL<\/a> de son poste de pr\u00e9sident du conseil de surveillance d\u2019Arte France.<\/p>\n<p>J\u2019ai en effet relev\u00e9 le traitement de faveur dont il b\u00e9n\u00e9fice ainsi que le conflit d\u2019int\u00e9r\u00eat intenable que sa\u2026 <a target=\"_blank\" href=\"https:\/\/t.co\/iTqAo7Jh0r\">pic.twitter.com\/iTqAo7Jh0r<\/a><\/p>\n<p>\u2014 Aymeric Caron (@CaronAymericoff) <a target=\"_blank\" href=\"https:\/\/twitter.com\/CaronAymericoff\/status\/1848803114297790586?ref_src=twsrc%5Etfw\">October 22, 2024<\/a><\/p><\/blockquote>\n<\/div>\n<p>Plusieurs films ont re\u00e7u des\u00a0financements de la cha\u00eene Arte, notamment \u00abLe Serment de Tobrouk\u00bb, sorti en salles en 2012, financ\u00e9 \u00e0 hauteur de 200 000 euros par Arte selon <a target=\"_blank\" href=\"https:\/\/www.capital.fr\/entreprises-marches\/france-televisions-et-arte-grands-mecenes-du-cineaste-bernard-henri-levy-1403143\" target=\"_blank\" rel=\"noopener noreferrer\">des informations<\/a> du magazine\u00a0<em>Capital.<\/em>\u00a0Ce documentaire, dans lequel BHL met en avant son r\u00f4le de d\u00e9stabilisateur dans la r\u00e9volution syrienne, n&rsquo;a pas d\u00e9pass\u00e9 les 2 536 spectateurs en salle, selon les donn\u00e9es du site sp\u00e9cialis\u00e9 AlloCin\u00e9.<\/p>\n<p>Arte avait \u00e9galement mis 250 000 euros sur la table pour le documentaire \u00abPeshmerga\u00bb, sorti en 2016, sur l\u2019Irak ravag\u00e9 par la guerre. 3 567 spectateurs s&rsquo;\u00e9taient alors d\u00e9plac\u00e9s dans les salles obscures pour voir ce long m\u00e9trage. En 2022, c\u2019est l\u2019Ukraine qui s&rsquo;est retrouv\u00e9e au c\u0153ur des projets de BHL avec le documentaire \u00abPourquoi l&rsquo;Ukraine\u00bb, qui a b\u00e9n\u00e9fici\u00e9 d&rsquo;un financement de 100 000 euros de la part d\u2019Arte.<\/p>\n<\/div>\n<p><script async src=\"\/\/platform.twitter.com\/widgets.js\" charset=\"utf-8\"><\/script><br \/>\n<br \/><br \/>\n<br \/><a href=\"https:\/\/francais.rt.com\/france\/116904-prise-illegale-interet-justice-francaise\" target=\"_blank\"\">Source link <\/a><\/p>\n","protected":false},"excerpt":{"rendered":"<p>Une enqu\u00eate pour prise ill\u00e9gale d\u2019int\u00e9r\u00eat a \u00e9t\u00e9 ouverte \u00e0 l\u2019encontre du philosophe m\u00e9diatique Bernard-Henri L\u00e9vy (BHL) \u00e0 la suite du signalement \u00e0 la justice du d\u00e9put\u00e9 LFI Aymeric Caron.&hellip; <\/p>\n","protected":false},"author":1,"featured_media":2654,"comment_status":"open","ping_status":"open","sticky":false,"template":"","format":"standard","meta":{"footnotes":""},"categories":[1],"tags":[],"class_list":["post-2653","post","type-post","status-publish","format-standard","has-post-thumbnail","hentry","category-non-classe"],"_links":{"self":[{"href":"https:\/\/monde25.info\/index.php\/wp-json\/wp\/v2\/posts\/2653","targetHints":{"allow":["GET"]}}],"collection":[{"href":"https:\/\/monde25.info\/index.php\/wp-json\/wp\/v2\/posts"}],"about":[{"href":"https:\/\/monde25.info\/index.php\/wp-json\/wp\/v2\/types\/post"}],"author":[{"embeddable":true,"href":"https:\/\/monde25.info\/index.php\/wp-json\/wp\/v2\/users\/1"}],"replies":[{"embeddable":true,"href":"https:\/\/monde25.info\/index.php\/wp-json\/wp\/v2\/comments?post=2653"}],"version-history":[{"count":0,"href":"https:\/\/monde25.info\/index.php\/wp-json\/wp\/v2\/posts\/2653\/revisions"}],"wp:featuredmedia":[{"embeddable":true,"href":"https:\/\/monde25.info\/index.php\/wp-json\/wp\/v2\/media\/2654"}],"wp:attachment":[{"href":"https:\/\/monde25.info\/index.php\/wp-json\/wp\/v2\/media?parent=2653"}],"wp:term":[{"taxonomy":"category","embeddable":true,"href":"https:\/\/monde25.info\/index.php\/wp-json\/wp\/v2\/categories?post=2653"},{"taxonomy":"post_tag","embeddable":true,"href":"https:\/\/monde25.info\/index.php\/wp-json\/wp\/v2\/tags?post=2653"}],"curies":[{"name":"wp","href":"https:\/\/api.w.org\/{rel}","templated":true}]}}