{"id":2657,"date":"2025-02-15T09:20:34","date_gmt":"2025-02-15T08:20:34","guid":{"rendered":"https:\/\/monde25.info\/index.php\/2025\/02\/15\/explosif-la-paix-des-braves-est-un-complot-anti-europeen-leurope-ne-veut-pas-de-la-paix-de-trump-et-de-poutine-ledito-de-charles-sannat\/"},"modified":"2025-02-15T09:20:34","modified_gmt":"2025-02-15T08:20:34","slug":"explosif-la-paix-des-braves-est-un-complot-anti-europeen-leurope-ne-veut-pas-de-la-paix-de-trump-et-de-poutine-ledito-de-charles-sannat","status":"publish","type":"post","link":"https:\/\/monde25.info\/index.php\/2025\/02\/15\/explosif-la-paix-des-braves-est-un-complot-anti-europeen-leurope-ne-veut-pas-de-la-paix-de-trump-et-de-poutine-ledito-de-charles-sannat\/","title":{"rendered":"\u00ab Explosif. La paix des braves est un complot anti-europ\u00e9en. L\u2019Europe ne veut pas de la paix de Trump et de Poutine \u00bb. L\u2019\u00e9dito de Charles SANNAT"},"content":{"rendered":"<p> <br \/>\n<\/p>\n<div>\n<p>Source<strong> <a target=\"_blank\" href=\"https:\/\/insolentiae.com\/explosif-la-paix-des-braves-est-un-complot-anti-europeen-leurope-ne-veut-pas-de-la-paix-de-trump-et-de-poutine-ledito-de-charles-sannat\/\" data-type=\"link\" data-id=\"https:\/\/insolentiae.com\/explosif-la-paix-des-braves-est-un-complot-anti-europeen-leurope-ne-veut-pas-de-la-paix-de-trump-et-de-poutine-ledito-de-charles-sannat\/\">INSOLENTIAE<\/a><\/strong><\/p>\n<div class=\"wp-block-image\">\n<figure class=\"aligncenter size-large is-resized\"><img fetchpriority=\"high\" decoding=\"async\" width=\"528\" height=\"330\" src=\"https:\/\/lesmoutonsenrages.fr\/wp-content\/uploads\/2025\/02\/image-52-528x330.png\" alt=\"\" class=\"wp-image-165477\" style=\"width:368px;height:auto\" srcset=\"https:\/\/lesmoutonsenrages.fr\/wp-content\/uploads\/2025\/02\/image-52-528x330.png 528w, https:\/\/lesmoutonsenrages.fr\/wp-content\/uploads\/2025\/02\/image-52-250x156.png 250w, https:\/\/lesmoutonsenrages.fr\/wp-content\/uploads\/2025\/02\/image-52-768x480.png 768w, https:\/\/lesmoutonsenrages.fr\/wp-content\/uploads\/2025\/02\/image-52-150x94.png 150w, https:\/\/lesmoutonsenrages.fr\/wp-content\/uploads\/2025\/02\/image-52.png 1080w\" sizes=\"(max-width: 528px) 100vw, 528px\"\/><\/figure>\n<\/div>\n<p>Mes ch\u00e8res impertinentes, chers impertinents,<\/p>\n<p>Cela fait plus de deux ans que je dis que cette guerre est stupide, qu\u2019elle n\u2019aurait jamais du se produire.<\/p>\n<p>Deux ans que je d\u00e9nonce les morts pour rien. Deux ans \u00e0 se faire insulter de complotiste ou pire\u2026 de pro-russe et d\u2019agent \u00e0 la solde du Kremlin.<\/p>\n<p>Et pourtant la paix se fera et la paix doit se faire. C\u2019\u00e9tait une \u00e9vidence d\u00e8s le premier jour de guerre. Les guerres cessent toujours un jour et il faut alors avoir l\u2019intelligence de la paix des braves quand on a pas su avoir la sagesse de la diplomatie.<\/p>\n<p><span id=\"more-165476\"\/><\/p>\n<p><strong>Vous savez, j\u2019explique \u00e0 mes enfants que \u201cl\u2019homme intelligent arrive \u00e0 r\u00e9gler des probl\u00e8mes que l\u2019homme sage a r\u00e9ussi \u00e0 \u00e9viter\u201d.<\/strong><\/p>\n<p>Cette guerre n\u2019aurait jamais du avoir lieu.<\/p>\n<p>Nous l\u2019avons provoqu\u00e9e, nous les gentils, les Europ\u00e9ens, \u201cen Europ\u00e9en\u201d. nous l\u2019avons provoqu\u00e9 en bafouant les accord de Minsk et en provoquant la Russie comme l\u2019a tr\u00e8s bien expliqu\u00e9 Angela Merkel. Souvenez vous.<\/p>\n<figure class=\"wp-block-image\"><img decoding=\"async\" src=\"https:\/\/insolentiae.com\/wp-content\/uploads\/2025\/02\/accords-de-minsk.jpg\" alt=\"\" class=\"wp-image-874594\"\/><\/figure>\n<p>Et de son c\u00f4t\u00e9, Poutine s\u2019est montr\u00e9 totalement imb\u00e9cile. Oui, peut \u00eatre que je vais choquer les pro-russes mais, non Poutine n\u2019a pas \u00e9t\u00e9 un grand strat\u00e8ge. Il a pris une racl\u00e9e en Ukraine (bien aid\u00e9e par l\u2019Otan) et subi des pertes consid\u00e9rables qui auraient pu \u00eatre \u00e9vit\u00e9es par une solution diplomatique et de la patience puisque la parenth\u00e8se des gentils d\u00e9mocrates du camp du bien qui s\u00e8ment guerre et chaos d\u00e8s qu\u2019ils sont au pouvoir \u00e0 Washington en expliquant au monde entier qu\u2019ils sont les gentils et les progressistes n\u2019a dur\u00e9 que 4 ans. Poutine aurait pu attendre encore. La r\u00e9alit\u00e9 c\u2019est qu\u2019il a \u00e9t\u00e9 tr\u00e8s mal conseill\u00e9, tr\u00e8s mal inform\u00e9 et qu\u2019il a pris une funeste d\u00e9cision en envahissant l\u2019Ukraine.<\/p>\n<p>Alors Trump vient nettoyer les \u00e9curies d\u2019Augias, et r\u00e9gler les probl\u00e8mes en homme intelligent qu\u2019aucun sage n\u2019a su \u00e9viter.<\/p>\n<p>Des centaines de milliers de morts pour rien.<\/p>\n<p>Bravo \u00e0 tous pour ce bilan.<\/p>\n<p>Bravo \u00e0 tous ceux qui voulaient toujours plus de guerre, de sang et de larmes.<\/p>\n<p>Une fois dit cela\u2026Ce qui se passe est absolument majeur.<\/p>\n<p><strong>C\u2019est un peu un moment \u201cYalta\u201d o\u00f9 les puissants de ce monde se partagent le monde sans nous.<\/strong><\/p>\n<p>Nous ?<\/p>\n<p>Nous les Europ\u00e9ens, \u00e0 chaque fois les dindons de la farce.<\/p>\n<p>La derni\u00e8re fois, Staline et Roosevelt s\u2019\u00e9taient partag\u00e9 le monde.<\/p>\n<p>Ils recommencent.<\/p>\n<p>Ils auraient bien tort de s\u2019en priver.<\/p>\n<p><strong>Ils ne sont pas forts parce qu\u2019ils sont puissants, ils sont forts parce que nous sommes faibles.\u00a0<\/strong><\/p>\n<p>Dans la vraie vie les faibles meurent. Ainsi va la s\u00e9lection naturelle. C\u2019est valable pour les organismes vivants comme pour les nations.<\/p>\n<p>Cette fois c\u2019est Poutine et Trump mais c\u2019est la m\u00eame logique.<\/p>\n<p>C\u2019est \u00e0 Munich, ville des accords du m\u00eame nom et de triste m\u00e9moire, incarnant la l\u00e2chet\u00e9 que Zelenski et son pull polaire kaki va rencontrer Pete Hegseth, le ministre de la D\u00e9fense US, pour prendre ses ordres concernant les modalit\u00e9s de la paix que lui pr\u00e9parent Trump et Poutine.<\/p>\n<p>Et les contours de la paix nous les connaissons.<\/p>\n<p><strong>Les contours du plan de paix.<\/strong><\/p>\n<p>G\u00e9ographiquement les Russes garderont environ 20 % du territoire ukrainien et donc les parties russophones avec une continuit\u00e9 territoriale jusqu\u2019en Crim\u00e9e.<\/p>\n<p>L\u2019Ukraine se verra interdire toute adh\u00e9sion \u00e0 l\u2019OTAN.<\/p>\n<p>Politiquement Trump a rappel\u00e9 vertement \u00e0 Zelenski que les sondages n\u2019\u00e9taient pas tr\u00e8s bons pour lui, et qu\u2019il allait d\u2019ailleurs falloir organiser rapidement des \u00e9lections\u2026 histoire de passer \u00e0 autre chose et de tourner la page de la pr\u00e9sidence Zelenski.<\/p>\n<p>Enfin n\u2019oubliez pas que Hegseth le ministre de la d\u00e9fense US a dit que les troupes europ\u00e9ennes qui seront en charge du maintien de la paix en Ukraine ne le seront pas dans le cadre d\u2019une mission de l\u2019OTAN\u201d et que l\u2019article 5 ne pourra pas \u00eatre invoqu\u00e9 nous laissant seuls face \u00e0 la Russie ce qui va rabattre un peu notre caquet de petits roquets\u2026<\/p>\n<p>Des centaines de milliers de morts pour rien.<\/p>\n<p>Bravo \u00e0 tous pour ce bilan.<\/p>\n<p><strong>Le complot anti-europ\u00e9en !<\/strong><\/p>\n<p>Je vous parlais de caquet des roquets europ\u00e9ens qui devait se faire rabattre.<\/p>\n<p>Et bien non !<\/p>\n<p>La chef de la diplomatie europ\u00e9enne Kaja Kallas a expliqu\u00e9 que nous continuerions \u00e0 soutenir l\u2019Ukraine si cette derni\u00e8re refusait la paix propos\u00e9e. Que la paix ne pouvait pas se faire si nous n\u2019\u00e9tions pas d\u2019accord !<\/p>\n<p>\u201cIl est clair que tout accord conclu dans notre dos ne fonctionnera pas. Vous avez besoin des Europ\u00e9ens, vous avez besoin des Ukrainiens\u201d dit-elle en plus du soutien inconditionnel que nous devons continuer d\u2019apporter \u00e0 l\u2019Ukraine.<\/p>\n<figure class=\"wp-block-embed is-type-rich is-provider-twitter wp-block-embed-twitter\">\n<div class=\"wp-block-embed__wrapper\">\n<blockquote class=\"twitter-tweet\" data-width=\"550\" data-dnt=\"true\">\n<p lang=\"en\" dir=\"ltr\">We shouldn&rsquo;t take anything off the table before the negotiations have even started.<\/p>\n<p>It is clear that any deal behind our backs will not work.<br \/>You need the Europeans, you need the Ukrainians.<\/p>\n<p>Extract from my doorstep ahead of <a target=\"_blank\" href=\"https:\/\/twitter.com\/NATO?ref_src=twsrc%5Etfw\">@nato<\/a> Defence Ministers meeting \u2193 <a target=\"_blank\" href=\"https:\/\/t.co\/udw0OiogPD\">pic.twitter.com\/udw0OiogPD<\/a><\/p>\n<p>\u2014 Kaja Kallas (@kajakallas) <a target=\"_blank\" href=\"https:\/\/twitter.com\/kajakallas\/status\/1890050522331128136?ref_src=twsrc%5Etfw\">February 13, 2025<\/a><\/p><\/blockquote>\n<\/div>\n<\/figure>\n<p>Ne balayez pas l\u2019hypoth\u00e8se d\u2019une entr\u00e9e en guerre de l\u2019Europe sans les Etats-Unis.<\/p>\n<p>Tout ceci semble d\u00e9lirant.<\/p>\n<p>Nous n\u2019avons pas les moyens d\u2019une guerre contre la Russie sans \u00e9nergie russe ni am\u00e9ricaine.<\/p>\n<p>Nous n\u2019avons pas les moyens financiers de nous passer des march\u00e9s financiers de Wall Street.<\/p>\n<p>Nous n\u2019avons pas les moyens humains de nous passer de l\u2019OTAN.<\/p>\n<p>Et pourtant, nous ne sommes pas dirig\u00e9s par des hommes sages. Nous ne sommes m\u00eame pas dirig\u00e9s par des hommes intelligents.<\/p>\n<p>Nous sommes dirig\u00e9s par des m\u00e9diocres soumis \u00e0 leurs plus viles \u00e9motions, incapables de soumettre leurs passions, sans sagesse et sous d\u00e9pendance de leurs \u00e9gos respectifs.<\/p>\n<p><strong>C\u2019est une configuration explosive.<\/strong><\/p>\n<p>L\u2019Union Europ\u00e9enne et c\u2019est un immense danger se r\u00eave en puissance et en Empire.<\/p>\n<p>Ursula von der Leyen ou Macron ont des \u00e9gos d\u00e9mesur\u00e9s et des tentations de toute puissance.<\/p>\n<p>C\u2019est ainsi que normalement les Europ\u00e9ens devraient logiquement et rationnellement retourner \u201c\u00e0 la niche\u201d comme l\u2019a dit Poutine parlant des instructions que donneraient le Ma\u00eetre am\u00e9ricain.<\/p>\n<p>Pour autant, nous pourrions assister \u00e0 un v\u00e9ritable d\u00e9couplage entre l\u2019Am\u00e9rique de Trump o\u00f9 les souverainistes viennent de gagner et la vieille Europe toujours dirig\u00e9e par les globalistes et les mondialistes.<\/p>\n<p>La tentation du pire pourrait donc l\u2019emporter. Je ne vous dis pas que ce sera le cas. Je vous dis que c\u2019est possible et qu\u2019il ne faut pas balayer l\u2019hypoth\u00e8se de la fuite en avant.<\/p>\n<p>Il n\u2019y a pas pire, ni plus dangereux qu\u2019une b\u00eate bless\u00e9e. C\u2019est exactement comme cela que les dirigeants globalistes et davossiens europ\u00e9ens actuels ressentent la situation. Ils se vivent comme accul\u00e9s.<\/p>\n<p>La fuite en avant pourrait paradoxalement leur ouvrir une porte de sortie ou l\u2019espoir d\u2019une porte de sortie.<\/p>\n<p>Ce sera en r\u00e9alit\u00e9 la fin.<\/p>\n<p>Dans tous les cas c\u2019est la fin.<\/p>\n<p>Il est d\u00e9j\u00e0 trop tard, mais tout n\u2019est pas perdu.<\/p>\n<p>Pr\u00e9parez-vous !<\/p>\n<p>Charles SANNAT<\/p>\n<p>Tous les articles, la tribune libre et commentaires sont sous la responsabilit\u00e9 de leurs auteurs. Les Moutons Enrag\u00e9s ne sauraient \u00eatre tenus responsables de leur contenu ou orientation.<\/p>\n<\/p><\/div>\n<p><script async src=\"\/\/platform.twitter.com\/widgets.js\" charset=\"utf-8\"><\/script><br \/>\n<br \/><br \/>\n<br \/><a href=\"https:\/\/lesmoutonsenrages.fr\/2025\/02\/15\/explosif-la-paix-des-braves-est-un-complot-anti-europeen-leurope-ne-veut-pas-de-la-paix-de-trump-et-de-poutine-ledito-de-charles-sannat\/\" target=\"_blank\"\">Source link <\/a><\/p>\n","protected":false},"excerpt":{"rendered":"<p>Source INSOLENTIAE Mes ch\u00e8res impertinentes, chers impertinents, Cela fait plus de deux ans que je dis que cette guerre est stupide, qu\u2019elle n\u2019aurait jamais du se produire. Deux ans que&hellip; <\/p>\n","protected":false},"author":1,"featured_media":2658,"comment_status":"open","ping_status":"open","sticky":false,"template":"","format":"standard","meta":{"footnotes":""},"categories":[1],"tags":[],"class_list":["post-2657","post","type-post","status-publish","format-standard","has-post-thumbnail","hentry","category-non-classe"],"_links":{"self":[{"href":"https:\/\/monde25.info\/index.php\/wp-json\/wp\/v2\/posts\/2657","targetHints":{"allow":["GET"]}}],"collection":[{"href":"https:\/\/monde25.info\/index.php\/wp-json\/wp\/v2\/posts"}],"about":[{"href":"https:\/\/monde25.info\/index.php\/wp-json\/wp\/v2\/types\/post"}],"author":[{"embeddable":true,"href":"https:\/\/monde25.info\/index.php\/wp-json\/wp\/v2\/users\/1"}],"replies":[{"embeddable":true,"href":"https:\/\/monde25.info\/index.php\/wp-json\/wp\/v2\/comments?post=2657"}],"version-history":[{"count":0,"href":"https:\/\/monde25.info\/index.php\/wp-json\/wp\/v2\/posts\/2657\/revisions"}],"wp:featuredmedia":[{"embeddable":true,"href":"https:\/\/monde25.info\/index.php\/wp-json\/wp\/v2\/media\/2658"}],"wp:attachment":[{"href":"https:\/\/monde25.info\/index.php\/wp-json\/wp\/v2\/media?parent=2657"}],"wp:term":[{"taxonomy":"category","embeddable":true,"href":"https:\/\/monde25.info\/index.php\/wp-json\/wp\/v2\/categories?post=2657"},{"taxonomy":"post_tag","embeddable":true,"href":"https:\/\/monde25.info\/index.php\/wp-json\/wp\/v2\/tags?post=2657"}],"curies":[{"name":"wp","href":"https:\/\/api.w.org\/{rel}","templated":true}]}}