{"id":2661,"date":"2025-02-15T11:32:59","date_gmt":"2025-02-15T10:32:59","guid":{"rendered":"https:\/\/monde25.info\/index.php\/2025\/02\/15\/en-camargue-ces-ecolos-qui-veulent-renouer-avec-les-eleveurs-de-taureaux\/"},"modified":"2025-02-15T11:32:59","modified_gmt":"2025-02-15T10:32:59","slug":"en-camargue-ces-ecolos-qui-veulent-renouer-avec-les-eleveurs-de-taureaux","status":"publish","type":"post","link":"https:\/\/monde25.info\/index.php\/2025\/02\/15\/en-camargue-ces-ecolos-qui-veulent-renouer-avec-les-eleveurs-de-taureaux\/","title":{"rendered":"En Camargue, ces \u00e9colos qui veulent renouer avec les \u00e9leveurs de taureaux"},"content":{"rendered":"<p> <br \/>\n<\/p>\n<div>\n<p class=\"indication_lieu\">Lunel (H\u00e9rault), reportage<\/p>\n<p>Dans la petite cabane perdue au milieu de la Camargue, la rencontre a bien failli tourner court. Malgr\u00e9 le vent glacial qui balaie les prairies humides, l\u2019\u00e9leveur de taureaux a imm\u00e9diatement chauff\u00e9 l\u2019ambiance\u00a0: <i>\u00ab<small class=\"fine d-inline\">\u00a0<\/small>Comment peut-on se dire \u201c\u00e9cologiste\u201d et accepter toutes ces lois qui \u00e9touffent l\u2019agriculture<small class=\"fine d-inline\">\u00a0<\/small>?<small class=\"fine d-inline\">\u00a0<\/small>\u00bb<\/i> En face de lui, <a target=\"_blank\" href=\"https:\/\/reporterre.net\/Paysans-ils-visent-l-Assemblee-nationale-avec-le-Nouveau-Front-populaire\">Beno\u00eet Biteau<\/a>, d\u00e9put\u00e9 vert, accuse le coup en lissant sa moustache.<\/p>\n<p>Ce jour-l\u00e0, l\u2019\u00e9lu, par ailleurs \u00e9leveur, accompagne une d\u00e9l\u00e9gation de Lunel Collectif, initiative municipaliste dans la ville h\u00e9raultaise voisine. Objectif\u00a0: <i>\u00ab<small class=\"fine d-inline\">\u00a0<\/small>Mieux comprendre les enjeux auxquels font face les producteurs locaux<small class=\"fine d-inline\">\u00a0<\/small>\u00bb<\/i>, selon Lise Flor\u00e8s, l\u2019une des membres de ce groupe citoyen. Et dans ce territoire coinc\u00e9 entre la garrigue et les \u00e9tangs, qui dit agriculture, dit taureaux.<\/p>\n<p>Un projet simple sur le papier, mais d\u00e9licat une fois tous install\u00e9s dans la maisonnette battue par le mistral. Le manadier qui les re\u00e7oit ne souhaite ni \u00eatre cit\u00e9, ni \u00eatre photographi\u00e9, parce qu\u2019il <i>\u00ab<small class=\"fine d-inline\">\u00a0<\/small>en a marre de voir d\u00e9filer les politiques qui viennent se faire prendre en photo avec les vachettes, mais qui [les] oublient sit\u00f4t retourn\u00e9s \u00e0 Paris<small class=\"fine d-inline\">\u00a0<\/small>\u00bb<\/i>. Au vu de l\u2019implantation locale du Rassemblement national (<span class=\"caps\">RN<\/span>), il s\u2019agit \u00e9galement de <i>\u00ab<small class=\"fine d-inline\">\u00a0<\/small>rester apolitique<small class=\"fine d-inline\">\u00a0<\/small>\u00bb<\/i> et, surtout, de ne pas s\u2019afficher avec des gens de gauche.<\/p>\n<div class=\"spip_document_88746 spip_document spip_documents spip_document_image spip_documents_center spip_document_center spip_document_avec_legende\" data-legende-len=\"62\" data-legende-lenx=\"x\">\n<figure class=\"spip_doc_inner\">\n      <picture><source type=\"image\/webp\" srcset=\"https:\/\/reporterre.net\/local\/cache-vignettes\/L1050xH700\/rid250212-16-83ae1.jpg@.webp?1739527788\"><img decoding=\"async\" src=\"https:\/\/reporterre.net\/IMG\/jpg\/rid250212-16.jpg\" width=\"1200\" height=\"800\" loading=\"lazy\" alt=\"\"\/><br \/>\n    <\/source><\/picture><figcaption class=\"spip_doc_legende\">\n<p>L\u2019\u00e9leveur poss\u00e8de 150 taureaux.<br \/>\n<i>\u00a9 David Richard \/ Reporterre<\/i><\/p>\n<\/figcaption><\/figure>\n<\/p><\/div>\n<h2 class=\"spip\">Des clivages et des priorit\u00e9s <\/h2>\n<p>Si l\u2019\u00e9leveur grisonnant voit rouge d\u00e8s qu\u2019on lui parle vert, c\u2019est qu\u2019il <i>\u00ab<small class=\"fine d-inline\">\u00a0<\/small>n\u2019arrive pas \u00e0 vivre de [son] agriculture<small class=\"fine d-inline\">\u00a0<\/small>\u00bb<\/i>. Principal probl\u00e8me, le manque de terres. Pour faire p\u00e2turer ses 150\u00a0b\u00eates \u00e0 la robe noire, il lui faudrait <i>\u00ab<small class=\"fine d-inline\">\u00a0<\/small>30\u00a0\u00e0\u00a050\u00a0hectares de plus<small class=\"fine d-inline\">\u00a0<\/small>\u00bb<\/i>, qu\u2019il ne parvient pas \u00e0 trouver. Dans cette zone littorale pris\u00e9e, l\u2019hectare camarguais peut monter jusqu\u2019\u00e0 30\u00a0000 euros<small class=\"fine d-inline\">\u00a0<\/small>! <i>\u00ab<small class=\"fine d-inline\">\u00a0<\/small>Et le Conservatoire des espaces naturels ne fait rien pour nous aider, en sanctuarisant des terres pour la protection de l\u2019environnement<small class=\"fine d-inline\">\u00a0<\/small>\u00bb<\/i>, gronde-t-il.<\/p>\n<p>Le Conservatoire des espaces naturels (<span class=\"caps\">CEN<\/span>), implant\u00e9 en Petite Camargue depuis 2008, acquiert des parcelles et m\u00e8ne des actions de protection du vivant, en particulier pour la tr\u00e8s rare outarde cannepeti\u00e8re, un oiseau des milieux humides. <i>\u00ab<small class=\"fine d-inline\">\u00a0<\/small>On a acquis une centaine d\u2019hectares, qu\u2019on loue \u00e0 des agriculteurs, principalement des manadiers<small class=\"fine d-inline\">\u00a0<\/small>\u00bb<\/i>, explique R\u00e9mi Julian, membre du <span class=\"caps\">CEN<\/span>. Une seule condition\u00a0: respecter un cahier des charges agro\u00e9cologique. <i>\u00ab<small class=\"fine d-inline\">\u00a0<\/small>Les manades sont des \u00e9levages respectueux des milieux humides<small class=\"fine d-inline\">\u00a0<\/small>\u00bb<\/i>, insiste-t-il.<\/p>\n<p>D\u2019apr\u00e8s R\u00e9mi Julian, les relations sont <i>\u00ab<small class=\"fine d-inline\">\u00a0<\/small>bonnes<small class=\"fine d-inline\">\u00a0<\/small>\u00bb<\/i> avec les \u00e9leveurs, m\u00eame s\u2019il reconna\u00eet des tensions possibles sur la question du foncier. <i>\u00ab<small class=\"fine d-inline\">\u00a0<\/small>Ce sont des terres tr\u00e8s convoit\u00e9es<small class=\"fine d-inline\">\u00a0<\/small>\u00bb<\/i>, dit-il. Par les mara\u00eechers et c\u00e9r\u00e9aliers industriels, principalement, mais aussi pour des projets d\u2019urbanisation. <i>\u00ab<small class=\"fine d-inline\">\u00a0<\/small>Les manadiers se retrouvent pris entre le marteau et l\u2019enclume,<\/i> pr\u00e9cise le conservateur. <i>Et nous, on se retrouve accus\u00e9s de tous les maux.<small class=\"fine d-inline\">\u00a0<\/small>\u00bb<\/i><\/p>\n<p>Pas de quoi convaincre le manadier, pour qui <i>\u00ab<small class=\"fine d-inline\">\u00a0<\/small>les agriculteurs sont les premiers \u00e0 pr\u00e9server la nature<small class=\"fine d-inline\">\u00a0<\/small>\u00bb<\/i>. Le septuag\u00e9naire assure <i>\u00ab<small class=\"fine d-inline\">\u00a0<\/small>bien entretenir [ses] terres, en bon p\u00e8re de famille<small class=\"fine d-inline\">\u00a0<\/small>\u00bb<\/i> \u2014 il est d\u2019ailleurs en bio depuis quatorze ans. L\u2019\u00e9levage extensif participe de fait au maintien des prairies humides et \u00e0 la protection de la biodiversit\u00e9 exceptionnelle qui s\u2019y trouve.<\/p>\n<p> <i>\u00ab<small class=\"fine d-inline\">\u00a0<\/small>La Camargue ne serait rien sans les taureaux<small class=\"fine d-inline\">\u00a0<\/small>\u00bb<\/i>, abonde Lise Flor\u00e8s. <a target=\"_blank\" href=\"http:\/\/aoptaureaudecamargue.com\/wp-content\/uploads\/2019\/09\/2018.00_GraphiquesAnnuels.pdf\" class=\"spip_out\" rel=\"external\">Selon les chiffres de l\u2019<span class=\"caps\">AOP<\/span> locale<\/a>, il existerait <i>\u00ab<small class=\"fine d-inline\">\u00a0<\/small>environ 18\u00a0000 \u00e0 22\u00a0000 animaux r\u00e9partis sur plus de 150 manades<small class=\"fine d-inline\">\u00a0<\/small>\u00bb<\/i>, sur le territoire.<\/p>\n<div class=\"spip_document_88750 spip_document spip_documents spip_document_image spip_documents_center spip_document_center spip_document_avec_legende\" data-legende-len=\"123\" data-legende-lenx=\"xx\">\n<figure class=\"spip_doc_inner\">\n      <picture><source type=\"image\/webp\" srcset=\"https:\/\/reporterre.net\/local\/cache-vignettes\/L1050xH700\/rid250212-21-1e8e7.jpg@.webp?1739527788\"><img decoding=\"async\" src=\"https:\/\/reporterre.net\/IMG\/jpg\/rid250212-21.jpg\" width=\"1200\" height=\"800\" loading=\"lazy\" alt=\"\"\/><br \/>\n    <\/source><\/picture><figcaption class=\"spip_doc_legende\">\n<p>La culture taurine est omnipr\u00e9sente dans les villes et villages des alentours. Ici \u00e0 P\u00e9rols.<br \/>\n<i>\u00a9 David Richard \/ Reporterre<\/i><\/p>\n<\/figcaption><\/figure>\n<\/p><\/div>\n<p>Des b\u00eates destin\u00e9es \u00e0 nos assiettes, mais aussi \u2014 et surtout \u2014 \u00e0 la bouvine. <a target=\"_blank\" href=\"https:\/\/www.provence-camargue-tourisme.com\/page\/encierros--abrivados--bandidos-et-compagnie-+1824.html\" class=\"spip_out\" rel=\"external\">L\u00e2chers de vachettes, courses<\/a>\u2026 D\u00e8s le retour des beaux jours, les activit\u00e9s taurines rythment la vie des villages alentour. Et font fleurir leur \u00e9conomie. Pas question donc de prononcer le mot <i>\u00ab<small class=\"fine d-inline\">\u00a0<\/small>animaliste<small class=\"fine d-inline\">\u00a0<\/small>\u00bb<\/i> dans la masure du manadier.<\/p>\n<p><i>\u00ab<small class=\"fine d-inline\">\u00a0<\/small>C\u2019est un sujet qui fait d\u00e9bat au sein de notre collectif<\/i>, reconna\u00eet Lise Flor\u00e8s, <i>mais ici, de mani\u00e8re g\u00e9n\u00e9rale, 80<small class=\"fine d-inline\">\u00a0<\/small>% des gens sont favorables \u00e0 la course camarguaise.<small class=\"fine d-inline\">\u00a0<\/small>\u00bb<\/i> La militante \u00e9colo pr\u00e9cise d\u2019ailleurs qu\u2019<i>\u00ab<small class=\"fine d-inline\">\u00a0<\/small>il n\u2019y a aucune mise \u00e0 mort des animaux dans la bouvine, contrairement \u00e0 la corrida<small class=\"fine d-inline\">\u00a0<\/small>\u00bb<\/i>. Pour elle, il y a donc <i>\u00ab<small class=\"fine d-inline\">\u00a0<\/small>d\u2019autres priorit\u00e9s \u2014 la pauvret\u00e9, la crise climatique \u2014 que de se cliver sur cette question<small class=\"fine d-inline\">\u00a0<\/small>\u00bb<\/i>.<\/p>\n<blockquote class=\"spip\">\n<p>Les \u00e9colos, \u00ab<small class=\"fine d-inline\">\u00a0<\/small>ces urbains qui veulent nous imposer des choses sans nous conna\u00eetre<small class=\"fine d-inline\">\u00a0<\/small>\u00bb<\/p>\n<\/blockquote>\n<p>Plut\u00f4t que de rejeter cette activit\u00e9, <i>\u00ab<small class=\"fine d-inline\">\u00a0<\/small>ce qui serait compl\u00e8tement contre-productif<small class=\"fine d-inline\">\u00a0<\/small>\u00bb<\/i>, le collectif citoyen t\u00e2che de comprendre comment l\u2019accompagner au mieux. Car les \u00e9leveurs rencontrent un probl\u00e8me croissant\u00a0: les assurances ne veulent plus couvrir leurs activit\u00e9s, jug\u00e9es trop dangereuses. <a target=\"_blank\" href=\"https:\/\/www.ffcc.info\/maj\/upload\/actualite\/actualite_303.pdf\" class=\"spip_out\" rel=\"external\">D\u2019apr\u00e8s les chiffres<\/a> de la f\u00e9d\u00e9ration fran\u00e7aise d\u00e9di\u00e9e \u00e0 cette occupation, sur une ann\u00e9e, <i>\u00ab<small class=\"fine d-inline\">\u00a0<\/small>10<small class=\"fine d-inline\">\u00a0<\/small>% des acteurs de la course camarguaise ont d\u00e9clar\u00e9 un coup de corne et 20<small class=\"fine d-inline\">\u00a0<\/small>% un traumatisme li\u00e9 au sport<small class=\"fine d-inline\">\u00a0<\/small>\u00bb<\/i>.<\/p>\n<div class=\"spip_document_88752 spip_document spip_documents spip_document_image spip_documents_center spip_document_center spip_document_avec_legende\" data-legende-len=\"113\" data-legende-lenx=\"xx\">\n<figure class=\"spip_doc_inner\">\n      <picture><source type=\"image\/webp\" srcset=\"https:\/\/reporterre.net\/local\/cache-vignettes\/L1050xH700\/rid250212-22-070ab.jpg@.webp?1739527789\"><img decoding=\"async\" src=\"https:\/\/reporterre.net\/IMG\/jpg\/rid250212-22.jpg\" width=\"1200\" height=\"800\" loading=\"lazy\" alt=\"\"\/><br \/>\n    <\/source><\/picture><figcaption class=\"spip_doc_legende\">\n<p>Les ar\u00e8nes de P\u00e9rols. Ici, le taureau est l\u2019un des animaux \u00ab<small class=\"fine d-inline\">\u00a0<\/small><small class=\"fine d-inline\">\u00a0<\/small>totem<small class=\"fine d-inline\">\u00a0<\/small><small class=\"fine d-inline\">\u00a0<\/small>\u00bb de la r\u00e9gion.<br \/>\n<i>\u00a9 David Richard \/ Reporterre<\/i><\/p>\n<\/figcaption><\/figure>\n<\/p><\/div>\n<p>Ainsi, <i>\u00ab<small class=\"fine d-inline\">\u00a0<\/small>les 130 \u00e9levages camarguais vont finir par s\u2019arr\u00eater, \u00e0 cause des assurances<small class=\"fine d-inline\">\u00a0<\/small>\u00bb<\/i>, soupire le manadier. Le groupe municipaliste r\u00e9fl\u00e9chit \u00e0 une sorte d\u2019<i>\u00ab<small class=\"fine d-inline\">\u00a0<\/small>assurance communale<small class=\"fine d-inline\">\u00a0<\/small>\u00bb<\/i>, pour soutenir les \u00e9levages, <a target=\"_blank\" href=\"https:\/\/www.radiofrance.fr\/franceinter\/podcasts\/c-est-la-france\/13h54-c-est-la-france-du-mardi-11-fevrier-2025-1304220\" class=\"spip_out\" rel=\"external\">sur le mod\u00e8le des mutuelles municipales<\/a>. Mais pour Lise Flor\u00e8s, il existe une autre menace existentielle\u00a0: <i>\u00ab<small class=\"fine d-inline\">\u00a0<\/small>Avec la mont\u00e9e des eaux, la Camargue se salinise. C\u2019est aussi pour cela que les taureaux ont moins \u00e0 manger, et que les \u00e9leveurs doivent acheter plus de foin pour les nourrir.<small class=\"fine d-inline\">\u00a0<\/small>\u00bb<\/i><\/p>\n<p>De quoi exasp\u00e9rer le manadier, qui aimerait transmettre l\u2019exploitation \u00e0 ses enfants. <i>\u00ab<small class=\"fine d-inline\">\u00a0<\/small>Tout le monde dit qu\u2019on fait un travail essentiel, qu\u2019on est une vitrine mondiale, mais ils vont tous nous laisser dispara\u00eetre<small class=\"fine d-inline\">\u00a0<\/small>\u00bb<\/i>, dit le septuag\u00e9naire. <i>\u00ab<small class=\"fine d-inline\">\u00a0<\/small>Tous<small class=\"fine d-inline\">\u00a0<\/small>\u00bb<\/i>, et en particulier <i>\u00ab<small class=\"fine d-inline\">\u00a0<\/small>les \u00e9colos de la Com\u00e9die\u00a0[r\u00e9f\u00e9rence \u00e0 la place principale de Montpellier],\u00a0ces urbains qui veulent nous imposer des choses sans nous conna\u00eetre<small class=\"fine d-inline\">\u00a0<\/small>\u00bb<\/i>.<\/p>\n<div class=\"spip_document_88748 spip_document spip_documents spip_document_image spip_documents_center spip_document_center spip_document_avec_legende\" data-legende-len=\"82\" data-legende-lenx=\"xx\">\n<figure class=\"spip_doc_inner\">\n      <picture><source type=\"image\/webp\" srcset=\"https:\/\/reporterre.net\/local\/cache-vignettes\/L1050xH700\/rid250212-18-81e0c.jpg@.webp?1739527881\"><img decoding=\"async\" src=\"https:\/\/reporterre.net\/IMG\/jpg\/rid250212-18.jpg\" width=\"1200\" height=\"800\" loading=\"lazy\" alt=\"\"\/><br \/>\n    <\/source><\/picture><figcaption class=\"spip_doc_legende\">\n<p>L\u2019\u00e9tang de l\u2019or, non loin de l\u2019\u00e9levage de taureaux.<br \/>\n<i>\u00a9 David Richard \/ Reporterre<\/i><\/p>\n<\/figcaption><\/figure>\n<\/p><\/div>\n<h2 class=\"spip\">L\u2019\u00e9cologie, leur meilleure alli\u00e9e<\/h2>\n<p>Face \u00e0 lui, Beno\u00eet Biteau mart\u00e8le sa position. Non, <i>\u00ab<small class=\"fine d-inline\">\u00a0<\/small>les \u00e9colos ne sont pas responsables de tous les maux de l\u2019agriculture, pour la bonne raison qu\u2019[ils] n\u2019ont jamais \u00e9t\u00e9 aux manettes du pouvoir, ni en France ni en Europe<small class=\"fine d-inline\">\u00a0<\/small>\u00bb<\/i>. Oui, <i>\u00ab<small class=\"fine d-inline\">\u00a0<\/small>l\u2019\u00e9cologie est la meilleure alli\u00e9e des agriculteurs, elle porte de vraies solutions<small class=\"fine d-inline\">\u00a0<\/small>\u00bb<\/i>. Et de citer, p\u00eale-m\u00eale\u00a0: le r\u00e9tablissement des aides au maintien de la bio \u2014 <a target=\"_blank\" href=\"https:\/\/reporterre.net\/Agriculture-bio-l-Etat-se-desengage-des-aides-au-maintien\">supprim\u00e9es il y a huit ans<\/a>, et qui manquent cruellement au manadier\u00a0\u2014, l\u2019acc\u00e8s des \u00e9leveurs camarguais \u00e0 des aides en faveur de l\u2019entretien des paysages.<\/p>\n<p><i>\u00ab<small class=\"fine d-inline\">\u00a0<\/small>Tout \u00e7a soutiendrait votre activit\u00e9<small class=\"fine d-inline\">\u00a0<\/small>\u00bb<\/i>, insiste le d\u00e9put\u00e9 \u00e9colo. Il imagine notamment l\u2019extension de l\u2019indemnisation compensatoire pour handicap naturel, une subvention actuellement r\u00e9serv\u00e9e <a target=\"_blank\" href=\"https:\/\/reporterre.net\/La-mort-de-ce-territoire-se-prepare-le-cri-d-alarme-de-52-000-paysans-angoisses\">pour soutenir les paysans dans les territoires montagneux<\/a>. <i>\u00ab<small class=\"fine d-inline\">\u00a0<\/small>Elle pourrait \u00eatre \u00e9tendue pour les agriculteurs en zone humide<small class=\"fine d-inline\">\u00a0<\/small>\u00bb<\/i>, souligne le Charentais.<\/p>\n<div class=\"spip_document_88740 spip_document spip_documents spip_document_image spip_documents_center spip_document_center spip_document_avec_legende\" data-legende-len=\"118\" data-legende-lenx=\"xx\">\n<figure class=\"spip_doc_inner\">\n      <picture><source type=\"image\/webp\" srcset=\"https:\/\/reporterre.net\/local\/cache-vignettes\/L1050xH700\/rid250212-2-cfa0b.jpg@.webp?1739527881\"><img decoding=\"async\" src=\"https:\/\/reporterre.net\/IMG\/jpg\/rid250212-2.jpg\" width=\"1200\" height=\"800\" loading=\"lazy\" alt=\"\"\/><br \/>\n    <\/source><\/picture><figcaption class=\"spip_doc_legende\">\n<p>Pour Beno\u00eet Biteau, l\u2019\u00e9cologie a \u00ab<small class=\"fine d-inline\">\u00a0<\/small><small class=\"fine d-inline\">\u00a0<\/small>de vraies solutions<small class=\"fine d-inline\">\u00a0<\/small><small class=\"fine d-inline\">\u00a0<\/small>\u00bb pour les \u00e9leveurs de taureaux.<br \/>\n<i>\u00a9 David Richard \/ Reporterre<\/i><\/p>\n<\/figcaption><\/figure>\n<\/p><\/div>\n<p>Apr\u00e8s une heure d\u2019\u00e9change, les visages se sont d\u00e9tendus,\u00a0et les sourires se font plus francs. Les membres de Lunel Collectif ressortent aussi de la maisonnette avec une liste de courses \u2014 des actions \u00e0 mener au niveau local. Soutenir l\u2019installation de nouveaux agriculteurs, faciliter l\u2019acc\u00e8s aux march\u00e9s publics pour les produits locaux, lutter contre la b\u00e9tonisation des terres.<\/p>\n<p><i>\u00ab<small class=\"fine d-inline\">\u00a0<\/small>Pour tisser des liens entre des mondes et des professions qui ne se parlent pas, il faut aller \u00e0 la rencontre des gens, et cr\u00e9er la confiance en tenant parole<small class=\"fine d-inline\">\u00a0<\/small>\u00bb<\/i>, estime Lise Flor\u00e8s. Sur le parking de la manade, l\u2019\u00e9leveur et le d\u00e9put\u00e9 \u00e9changent leur num\u00e9ro. <i>\u00ab<small class=\"fine d-inline\">\u00a0<\/small>On se tient au courant<small class=\"fine d-inline\">\u00a0<\/small>\u00bb<\/i>, lance Beno\u00eet Biteau avant de s\u2019engouffrer dans sa voiture.<\/p>\n<p><center><br \/>\n  <\/p>\n<p><\/center><\/p>\n<aside class=\"boite_encarts\">\n<div class=\"encart encart_gris noprint\">\n<p><strong>Puisque vous \u00eates l\u00e0&#8230;<\/strong><\/p>\n<p>&#8230; nous avons un petit service \u00e0 vous demander.<br class=\"autobr\"\/><br \/>\nEntre la pr\u00e9sence d\u2019un climatosceptique \u00e0 la t\u00eate de la premi\u00e8re puissance mondiale, un gouvernement fran\u00e7ais qui flirte avec l\u2019extr\u00eame-droite, et les catastrophes climatiques qui s\u2019enchainent&#8230; Faire vivre l\u2019\u00e9cologie dans le d\u00e9bat public est un enjeu crucial.<\/p>\n<p>Personne ne modifie ce que nous publions. Nous n\u2019avons ni actionnaire, ni propri\u00e9taire milliardaire \u2014 seulement une \u00e9quipe d\u2019irr\u00e9ductibles journalistes, pleine de d\u00e9termination.<\/p>\n<p>Nous avons la conviction que l\u2019urgence \u00e9cologique est l\u2019enjeu majeur de notre \u00e9poque. Et comme plus de 2 millions de lectrices et lecteurs chaque mois, vous partagez sans doute cette conviction&#8230;<\/p>\n<p><strong>Depuis 12 ans, nous publions des articles de qualit\u00e9 sur l\u2019\u00e9cologie, en acc\u00e8s libre et sans publicit\u00e9, pour tous.<\/strong><br class=\"autobr\"\/><br \/>\nMais ce travail demande beaucoup de temps et de ressources.<\/p>\n<p>Alors, si vous en avez les moyens, sachez qu\u2019un don, m\u00eame d\u20191\u20ac, est un acte de soutien fort pour l\u2019\u00e9cologie et le journalisme ind\u00e9pendant.<br class=\"autobr\"\/><br \/>\n(Et \u00e7a vous prendra moins de temps que la lecture de ce texte).<\/p>\n<p><strong>Si vous le pouvez, choisissez un soutien mensuel. Merci.<\/strong><\/p>\n<p><a target=\"_blank\" href=\"https:\/\/reporterre.net\/dons\" class=\"bt_soutenir\">Je soutiens <i>Reporterre<\/i><\/a><\/p>\n<\/p><\/div>\n<div class=\"encart encart_vert noprint montre_1023\">\n<div class=\"infolettre-form-container noprint\">\n<p>Abonnez-vous \u00e0 la lettre d\u2019info de Reporterre<\/p>\n<\/div><\/div>\n<\/aside>\n<aside class=\"boite_apresarticle encart_note\">\n<h4>Apr\u00e8s cet article<\/h4>\n<p>      <a target=\"_blank\" href=\"https:\/\/reporterre.net\/Contre-une-ferme-usine-de-1-200-taureaux-les-opposants-voient-rouge\" class=\"lien_article\">\n      <picture class=\"vignette_gauche\"><source type=\"image\/webp\" srcset=\"https:\/\/reporterre.net\/local\/cache-vignettes\/L450xH300\/arton29761-96658.jpg@.webp?1737369268\"><img decoding=\"async\" src=\"https:\/\/reporterre.net\/local\/cache-vignettes\/L450xH300\/arton29761-96658.jpg?1737369268\" width=\"450\" height=\"300\" alt=\"\" class=\"marge12\" loading=\"lazy\"\/><br \/>\n<\/source><\/picture>\n<p class=\"libelle\">\n<p>          Reportage \u2014<\/p>\n<p>      Luttes\n    <\/p>\n<p class=\"titre pol20\">Contre une ferme-usine de 1 200 taureaux, les opposants voient rouge<\/p>\n<p>      <\/a><br \/>\n    <\/aside>\n<aside class=\"boite_complement texte\">\n<p>      <!-- zone_forum --><br \/>\n          <\/aside>\n<aside class=\"boite_lireaussi noprint\">\n<\/aside>\n<aside class=\"colonne\">\n<div class=\"article_info cache_1023 noprint\">\n<p>    <span class=\"date\">15 f\u00e9vrier 2025  \u00e0 09h48<\/span><\/p>\n<p class=\"duree_lecture\">\n        Dur\u00e9e de lecture : 6 minutes\n      <\/p>\n<\/p><\/div>\n<div class=\"bloc_infolettre\">\n<div class=\"infolettre-form-container noprint\">\n<p>Abonnez-vous \u00e0 la lettre d\u2019info de Reporterre<\/p>\n<\/div><\/div>\n<\/aside><\/div>\n<p><br \/>\n<br \/><a href=\"https:\/\/reporterre.net\/En-Camargue-ces-ecolos-qui-veulent-renouer-avec-les-eleveurs-de-taureaux\" target=\"_blank\"\">Source link <\/a><\/p>\n","protected":false},"excerpt":{"rendered":"<p>Lunel (H\u00e9rault), reportage Dans la petite cabane perdue au milieu de la Camargue, la rencontre a bien failli tourner court. Malgr\u00e9 le vent glacial qui balaie les prairies humides, l\u2019\u00e9leveur&hellip; <\/p>\n","protected":false},"author":1,"featured_media":2662,"comment_status":"open","ping_status":"open","sticky":false,"template":"","format":"standard","meta":{"footnotes":""},"categories":[1],"tags":[],"class_list":["post-2661","post","type-post","status-publish","format-standard","has-post-thumbnail","hentry","category-non-classe"],"_links":{"self":[{"href":"https:\/\/monde25.info\/index.php\/wp-json\/wp\/v2\/posts\/2661","targetHints":{"allow":["GET"]}}],"collection":[{"href":"https:\/\/monde25.info\/index.php\/wp-json\/wp\/v2\/posts"}],"about":[{"href":"https:\/\/monde25.info\/index.php\/wp-json\/wp\/v2\/types\/post"}],"author":[{"embeddable":true,"href":"https:\/\/monde25.info\/index.php\/wp-json\/wp\/v2\/users\/1"}],"replies":[{"embeddable":true,"href":"https:\/\/monde25.info\/index.php\/wp-json\/wp\/v2\/comments?post=2661"}],"version-history":[{"count":0,"href":"https:\/\/monde25.info\/index.php\/wp-json\/wp\/v2\/posts\/2661\/revisions"}],"wp:featuredmedia":[{"embeddable":true,"href":"https:\/\/monde25.info\/index.php\/wp-json\/wp\/v2\/media\/2662"}],"wp:attachment":[{"href":"https:\/\/monde25.info\/index.php\/wp-json\/wp\/v2\/media?parent=2661"}],"wp:term":[{"taxonomy":"category","embeddable":true,"href":"https:\/\/monde25.info\/index.php\/wp-json\/wp\/v2\/categories?post=2661"},{"taxonomy":"post_tag","embeddable":true,"href":"https:\/\/monde25.info\/index.php\/wp-json\/wp\/v2\/tags?post=2661"}],"curies":[{"name":"wp","href":"https:\/\/api.w.org\/{rel}","templated":true}]}}