{"id":2667,"date":"2025-02-15T13:11:38","date_gmt":"2025-02-15T12:11:38","guid":{"rendered":"https:\/\/monde25.info\/index.php\/2025\/02\/15\/lafrique-demande-aux-ex-colonisateurs-des-reparations-et-la-fin-de-lexploitation-de-ses-ressources\/"},"modified":"2025-02-15T13:11:38","modified_gmt":"2025-02-15T12:11:38","slug":"lafrique-demande-aux-ex-colonisateurs-des-reparations-et-la-fin-de-lexploitation-de-ses-ressources","status":"publish","type":"post","link":"https:\/\/monde25.info\/index.php\/2025\/02\/15\/lafrique-demande-aux-ex-colonisateurs-des-reparations-et-la-fin-de-lexploitation-de-ses-ressources\/","title":{"rendered":"L&rsquo;Afrique demande aux ex-colonisateurs des r\u00e9parations et la fin de l&rsquo;exploitation de ses ressources"},"content":{"rendered":"<p> <br \/>\n<\/p>\n<div itemscope=\"\" itemtype=\"https:\/\/schema.org\/Article\">\n<p>https:\/\/fr.sputniknews.africa\/20250215\/lafrique-demande-aux-ex-colonisateurs-des-reparations-et-la-fin-de-lexploitation-de-ses-ressources-1070667777.html<\/p>\n<p><a target=\"_blank\" itemprop=\"url\" href=\"https:\/\/fr.sputniknews.africa\/20250215\/lafrique-demande-aux-ex-colonisateurs-des-reparations-et-la-fin-de-lexploitation-de-ses-ressources-1070667777.html\" title=\"L'Afrique demande aux ex-colonisateurs des r\u00e9parations et la fin de l'exploitation de ses ressources\"\/><\/p>\n<p>L&rsquo;Afrique demande aux ex-colonisateurs des r\u00e9parations et la fin de l&rsquo;exploitation de ses ressources<\/p>\n<p>L&rsquo;Afrique demande aux ex-colonisateurs des r\u00e9parations et la fin de l&rsquo;exploitation de ses ressources<\/p>\n<p>Sputnik Afrique<\/p>\n<p>Il ne s&rsquo;agit pas de charit\u00e9 ou d&rsquo;aide financi\u00e8re, c&rsquo;est un appel \u00e0 la justice, a d\u00e9clar\u00e9 le Premier ministre \u00e9thiopien \u00e0 l&rsquo;ouverture du sommet de l&rsquo;UA, \u00e0&#8230; 15.02.2025, Sputnik Afrique<\/p>\n<p>2025-02-15T12:34+0100<\/p>\n<p>2025-02-15T12:34+0100<\/p>\n<p>2025-02-15T12:34+0100<\/p>\n<p>union africaine (ua)<\/p>\n<p>colonisation<\/p>\n<p>r\u00e9parations<\/p>\n<p>abiy ahmed ali<\/p>\n<p>\u00e9thiopie<\/p>\n<p>sommet<\/p>\n<p>https:\/\/cdn1.img.sputniknews.africa\/img\/07e8\/0b\/01\/1068982275_0:134:2560:1574_1920x0_80_0_0_d3b162188d88333ed4066bdce19e3fde.jpg<\/p>\n<p>La question des r\u00e9parations demande des actions concr\u00e8tes, a-t-il ajout\u00e9.   Selon lui, les nations africaines sont capables de maximiser leur potentiel \u00e0 travers la solidarit\u00e9.  Le 38e sommet de l&rsquo;Union africaine s&rsquo;est ouvert dans la capitale \u00e9thiopienne ce 15 f\u00e9vrier et durera deux jours. Il est plac\u00e9 sous le th\u00e8me: \u00ab\u00a0Justice pour les Africains et les personnes d&rsquo;ascendance africaine gr\u00e2ce aux r\u00e9parations\u00a0\u00bb.<\/p>\n<p>\u00e9thiopie<\/p>\n<div itemprop=\"copyrightHolder\" itemscope=\"\" itemtype=\"http:\/\/schema.org\/Organization\">\n<p>Sputnik Afrique<\/p>\n<p><a target=\"_blank\" itemprop=\"url\" href=\"https:\/\/fr.sputniknews.africa\" title=\"Sputnik Afrique\"> <\/a><\/p>\n<p>feedback.fr@sputniknews.com<\/p>\n<p>+74956456601<\/p>\n<p>MIA \u201eRossiya Segodnya\u201c<\/p>\n<p><a target=\"_blank\" itemprop=\"sameAs\" href=\"https:\/\/t.me\/sputnik_afrique\"> <\/a><a target=\"_blank\" itemprop=\"sameAs\" href=\"https:\/\/t.me\/sputnik_africa\"> <\/a><a target=\"_blank\" itemprop=\"sameAs\" href=\"https:\/\/t.me\/sputnik_ethiopia\"> <\/a><a target=\"_blank\" itemprop=\"sameAs\" href=\"https:\/\/x.com\/sputnik_afrique\"> <\/a><a target=\"_blank\" itemprop=\"sameAs\" href=\"https:\/\/x.com\/sputnik_africa\"> <\/a><\/div>\n<p>2025<\/p>\n<div itemprop=\"creator\" itemscope=\"\" itemtype=\"http:\/\/schema.org\/Organization\">\n<p>Sputnik Afrique<\/p>\n<p><a target=\"_blank\" itemprop=\"url\" href=\"https:\/\/fr.sputniknews.africa\" title=\"Sputnik Afrique\"> <\/a><\/p>\n<p>feedback.fr@sputniknews.com<\/p>\n<p>+74956456601<\/p>\n<p>MIA \u201eRossiya Segodnya\u201c<\/p>\n<p><a target=\"_blank\" itemprop=\"sameAs\" href=\"https:\/\/t.me\/sputnik_afrique\"> <\/a><a target=\"_blank\" itemprop=\"sameAs\" href=\"https:\/\/t.me\/sputnik_africa\"> <\/a><a target=\"_blank\" itemprop=\"sameAs\" href=\"https:\/\/t.me\/sputnik_ethiopia\"> <\/a><a target=\"_blank\" itemprop=\"sameAs\" href=\"https:\/\/x.com\/sputnik_afrique\"> <\/a><a target=\"_blank\" itemprop=\"sameAs\" href=\"https:\/\/x.com\/sputnik_africa\"> <\/a><\/div>\n<p>Actus<\/p>\n<p>fr_FR<\/p>\n<div itemprop=\"sourceOrganization\" itemscope=\"\" itemtype=\"http:\/\/schema.org\/Organization\">\n<p>Sputnik Afrique<\/p>\n<p><a target=\"_blank\" itemprop=\"url\" href=\"https:\/\/fr.sputniknews.africa\" title=\"Sputnik Afrique\"> <\/a><\/p>\n<p>feedback.fr@sputniknews.com<\/p>\n<p>+74956456601<\/p>\n<p>MIA \u201eRossiya Segodnya\u201c<\/p>\n<p><a target=\"_blank\" itemprop=\"sameAs\" href=\"https:\/\/t.me\/sputnik_afrique\"> <\/a><a target=\"_blank\" itemprop=\"sameAs\" href=\"https:\/\/t.me\/sputnik_africa\"> <\/a><a target=\"_blank\" itemprop=\"sameAs\" href=\"https:\/\/t.me\/sputnik_ethiopia\"> <\/a><a target=\"_blank\" itemprop=\"sameAs\" href=\"https:\/\/x.com\/sputnik_afrique\"> <\/a><a target=\"_blank\" itemprop=\"sameAs\" href=\"https:\/\/x.com\/sputnik_africa\"> <\/a><\/div>\n<p><a target=\"_blank\" itemprop=\"thumbnailUrl\" href=\"https:\/\/cdn1.img.sputniknews.africa\/img\/07e8\/0b\/01\/1068982275_0:134:2560:1574_1920x0_80_0_0_d3b162188d88333ed4066bdce19e3fde.jpg\"\/><a target=\"_blank\" itemprop=\"thumbnailUrl\" href=\"https:\/\/cdn1.img.sputniknews.africa\/img\/07e8\/0b\/01\/1068982275_143:0:2418:1706_1920x0_80_0_0_99956a666f3892f56d1cda3fb4644da4.jpg\">https:\/\/cdn1.img.sputniknews.africa\/img\/07e8\/0b\/01\/1068982275_143:0:2418:1706_1920x0_80_0_0_99956a666f3892f56d1cda3fb4644da4.jpg<\/a><a target=\"_blank\" itemprop=\"thumbnailUrl\" href=\"https:\/\/cdn1.img.sputniknews.africa\/img\/07e8\/0b\/01\/1068982275_427:0:2133:1706_1920x0_80_0_0_e0fd12a40449742127efb87e13d098ee.jpg\" title=\"Ethiopian Prime Minister Abiy Ahmed during a meeting of Ethiopia\u2019s House of Peoples' Representatives.\"\/><\/p>\n<div itemprop=\"publisher\" itemscope=\"\" itemtype=\"http:\/\/schema.org\/Organization\">\n<p>Sputnik Afrique<\/p>\n<p><a target=\"_blank\" itemprop=\"url\" href=\"https:\/\/fr.sputniknews.africa\" title=\"Sputnik Afrique\"> <\/a><\/p>\n<p>feedback.fr@sputniknews.com<\/p>\n<p>+74956456601<\/p>\n<p>MIA \u201eRossiya Segodnya\u201c<\/p>\n<p><a target=\"_blank\" itemprop=\"sameAs\" href=\"https:\/\/t.me\/sputnik_afrique\"> <\/a><a target=\"_blank\" itemprop=\"sameAs\" href=\"https:\/\/t.me\/sputnik_africa\"> <\/a><a target=\"_blank\" itemprop=\"sameAs\" href=\"https:\/\/t.me\/sputnik_ethiopia\"> <\/a><a target=\"_blank\" itemprop=\"sameAs\" href=\"https:\/\/x.com\/sputnik_afrique\"> <\/a><a target=\"_blank\" itemprop=\"sameAs\" href=\"https:\/\/x.com\/sputnik_africa\"> <\/a><\/div>\n<p>union africaine (ua), colonisation, r\u00e9parations, abiy ahmed ali, \u00e9thiopie, sommet<\/p>\n<div itemprop=\"about\" itemscope=\"\" itemtype=\"https:\/\/schema.org\/Thing\">\n<p>union africaine (ua), colonisation, r\u00e9parations, abiy ahmed ali, \u00e9thiopie, sommet<\/p>\n<\/div>\n<\/div>\n<div>\n<p>Il ne s&rsquo;agit pas de charit\u00e9 ou d&rsquo;aide financi\u00e8re, c&rsquo;est un appel \u00e0 la justice, a d\u00e9clar\u00e9 le Premier ministre \u00e9thiopien \u00e0 l&rsquo;ouverture du sommet de l&rsquo;UA, \u00e0 Addis-Abeba. <\/p>\n<\/div>\n<div>\n<div class=\"article__block\" data-type=\"quote\">\n<div class=\"article__quote\">\n<p>\u00ab\u00a0Ceci vise \u00e0 rendre la dignit\u00e9 \u00e0 des millions de personnes, \u00e0 surmonter les causes profondes de la pauvret\u00e9, de l&rsquo;in\u00e9galit\u00e9 et de la discrimination\u00a0\u00bb, a poursuivi Abiy Ahmed.   <\/p>\n<\/div>\n<\/div>\n<div class=\"article__block\" data-type=\"text\">\n<p>La question des r\u00e9parations demande des actions concr\u00e8tes, a-t-il ajout\u00e9.   <\/p>\n<\/div>\n<div class=\"article__block\" data-type=\"quote\">\n<div class=\"article__quote\">\n<p>\u00ab\u00a0Pour arriver \u00e0 une paix durable et \u00e0 la justice, nous devons surmonter les d\u00e9fis g\u00e9opolitiques et les divisions historiques qui nous ont \u00e9t\u00e9 impos\u00e9s par les fronti\u00e8res coloniales\u00a0\u00bb, a soulign\u00e9 le responsable.   <\/p>\n<\/div>\n<\/div>\n<div class=\"article__block\" data-type=\"text\">\n<p>Selon lui, les nations africaines sont capables de maximiser leur potentiel \u00e0 travers la solidarit\u00e9.  <\/p>\n<\/div>\n<div class=\"article__block\" data-type=\"text\">\n<p>Le 38e sommet de l&rsquo;Union africaine s&rsquo;est ouvert dans la capitale \u00e9thiopienne ce 15 f\u00e9vrier et durera deux jours. Il est plac\u00e9 sous le th\u00e8me: \u00ab\u00a0Justice pour les Africains et les personnes d&rsquo;ascendance africaine gr\u00e2ce aux r\u00e9parations\u00a0\u00bb.<\/p>\n<\/div>\n<\/div>\n<p><script async=\"async\" type=\"text\/plain\" class=\"_iub_cs_activate\" data-iub-purposes=\"3\" data-suppressedsrc=\"https:\/\/connect.facebook.net\/en_US\/sdk.js#xfbml=1&amp;version=v3.2\"><\/script><br \/>\n<br \/><br \/>\n<br \/><a href=\"https:\/\/fr.sputniknews.africa\/20250215\/lafrique-demande-aux-ex-colonisateurs-des-reparations-et-la-fin-de-lexploitation-de-ses-ressources-1070667777.html\" target=\"_blank\"\">Source link <\/a><\/p>\n","protected":false},"excerpt":{"rendered":"<p>https:\/\/fr.sputniknews.africa\/20250215\/lafrique-demande-aux-ex-colonisateurs-des-reparations-et-la-fin-de-lexploitation-de-ses-ressources-1070667777.html L&rsquo;Afrique demande aux ex-colonisateurs des r\u00e9parations et la fin de l&rsquo;exploitation de ses ressources L&rsquo;Afrique demande aux ex-colonisateurs des r\u00e9parations et la fin de l&rsquo;exploitation de ses ressources Sputnik&hellip; <\/p>\n","protected":false},"author":1,"featured_media":2668,"comment_status":"open","ping_status":"open","sticky":false,"template":"","format":"standard","meta":{"footnotes":""},"categories":[1],"tags":[],"class_list":["post-2667","post","type-post","status-publish","format-standard","has-post-thumbnail","hentry","category-non-classe"],"_links":{"self":[{"href":"https:\/\/monde25.info\/index.php\/wp-json\/wp\/v2\/posts\/2667","targetHints":{"allow":["GET"]}}],"collection":[{"href":"https:\/\/monde25.info\/index.php\/wp-json\/wp\/v2\/posts"}],"about":[{"href":"https:\/\/monde25.info\/index.php\/wp-json\/wp\/v2\/types\/post"}],"author":[{"embeddable":true,"href":"https:\/\/monde25.info\/index.php\/wp-json\/wp\/v2\/users\/1"}],"replies":[{"embeddable":true,"href":"https:\/\/monde25.info\/index.php\/wp-json\/wp\/v2\/comments?post=2667"}],"version-history":[{"count":0,"href":"https:\/\/monde25.info\/index.php\/wp-json\/wp\/v2\/posts\/2667\/revisions"}],"wp:featuredmedia":[{"embeddable":true,"href":"https:\/\/monde25.info\/index.php\/wp-json\/wp\/v2\/media\/2668"}],"wp:attachment":[{"href":"https:\/\/monde25.info\/index.php\/wp-json\/wp\/v2\/media?parent=2667"}],"wp:term":[{"taxonomy":"category","embeddable":true,"href":"https:\/\/monde25.info\/index.php\/wp-json\/wp\/v2\/categories?post=2667"},{"taxonomy":"post_tag","embeddable":true,"href":"https:\/\/monde25.info\/index.php\/wp-json\/wp\/v2\/tags?post=2667"}],"curies":[{"name":"wp","href":"https:\/\/api.w.org\/{rel}","templated":true}]}}