{"id":2669,"date":"2025-02-15T13:44:06","date_gmt":"2025-02-15T12:44:06","guid":{"rendered":"https:\/\/monde25.info\/index.php\/2025\/02\/15\/en-france-la-cour-des-comptes-alerte-sur-la-derive-des-depenses-publiques-rt-en-francais\/"},"modified":"2025-02-15T13:44:06","modified_gmt":"2025-02-15T12:44:06","slug":"en-france-la-cour-des-comptes-alerte-sur-la-derive-des-depenses-publiques-rt-en-francais","status":"publish","type":"post","link":"https:\/\/monde25.info\/index.php\/2025\/02\/15\/en-france-la-cour-des-comptes-alerte-sur-la-derive-des-depenses-publiques-rt-en-francais\/","title":{"rendered":"en France, la Cour des comptes alerte sur la d\u00e9rive des d\u00e9penses publiques \u2014 RT en fran\u00e7ais"},"content":{"rendered":"<p> <br \/>\n<br \/><img decoding=\"async\" src=\"https:\/\/mf.b37mrtl.ru\/french\/images\/2025.02\/thumbnail\/67aef83b87f3ec765f6503ba.jpg\" \/><\/p>\n<div>\n<p class=\"text__summary\">\n                                        La Cour des comptes a rendu un rapport alarmant le 13 f\u00e9vrier sur la trajectoire de r\u00e9duction du d\u00e9ficit public que la France doit respecter pour ne pas \u00abd\u00e9crocher\u00bb face aux autres \u00c9tats europ\u00e9ens.\n                                    <\/p>\n<p>\u00abIl s\u2019agit d\u2019une d\u00e9gradation exceptionnelle et in\u00e9dite alors que la croissance \u00e9conomique est rest\u00e9e contin\u00fbment positive pendant cette p\u00e9riode.\u00bb\u00a0<\/p>\n<p>\u00c0 l&rsquo;occasion d&rsquo;un <a target=\"_blank\" href=\"https:\/\/www.ccomptes.fr\/fr\/publications\/la-situation-des-finances-publiques-debut-2025\" target=\"_blank\" rel=\"noopener noreferrer\">rapport<\/a> publi\u00e9 le 13 f\u00e9vrier, la Cour des comptes s&rsquo;est montr\u00e9e particuli\u00e8rement critique \u00e0 l&rsquo;encontre de la gestion budg\u00e9taire de la France par les derniers gouvernements.<\/p>\n<div class=\"rtcode\">\n<blockquote class=\"twitter-tweet\">\n<p lang=\"fr\" dir=\"ltr\">Il s\u2019agit d\u2019une d\u00e9gradation exceptionnelle et in\u00e9dite, alors que la croissance \u00e9conomique est rest\u00e9e positive durant cette p\u00e9riode. L\u2019ann\u00e9e 2025 sera d\u00e9terminante pour engager la trajectoire de retour \u00e0 un d\u00e9ficit inf\u00e9rieur \u00e0 3% du PIB et respecter nos engagements europ\u00e9ens.\u2b07\ufe0f2\/3 <a target=\"_blank\" href=\"https:\/\/t.co\/R10ntoIWzC\">pic.twitter.com\/R10ntoIWzC<\/a><\/p>\n<p>\u2014 Cour des comptes (@Courdescomptes) <a target=\"_blank\" href=\"https:\/\/twitter.com\/Courdescomptes\/status\/1889988380295114813?ref_src=twsrc%5Etfw\">February 13, 2025<\/a><\/p><\/blockquote>\n<\/div>\n<p><a target=\"_blank\" href=\"https:\/\/x.com\/Courdescomptes\/status\/1889988380295114813\"\/>Ce\u00a0rapport au vitriol, long de 76 pages, dresse un bilan inqui\u00e9tant des comptes du pays apr\u00e8s les d\u00e9rapages du d\u00e9ficit public en 2023 et 2024, \u00e0 respectivement 5,5% et 6% du PIB, bien loin des 3% impos\u00e9s par les trait\u00e9s europ\u00e9ens. Le tout alors que la dette publique \u00abculmine d\u00e9sormais \u00e0 pr\u00e8s de 3 300 milliards d&rsquo;euros et les charges d\u2019int\u00e9r\u00eat \u00e0 59 milliards d&rsquo;euros\u00bb.<\/p>\n<p>\u00abL\u2019ann\u00e9e 2025 sera d\u00e9terminante pour engager la trajectoire de retour \u00e0 un d\u00e9ficit inf\u00e9rieur \u00e0 3% du PIB et respecter nos engagements europ\u00e9ens\u00bb,\u00a0ont \u00e9crit \u00e0 ce sujet\u00a0les Sages de la rue Cambon dans leur communiqu\u00e9.<\/p>\n<h2>Une \u00abconjoncture assombrie\u00bb et une n\u00e9cessaire strat\u00e9gie de redressement<\/h2>\n<p>Ceux-ci ont soulign\u00e9\u00a0une perte de contr\u00f4le de la d\u00e9pense publique, avec une absence d&rsquo;\u00abeffort structurel\u00bb en mati\u00e8re de r\u00e9duction des d\u00e9penses.\u00a0Les magistrats ont \u00e9galement \u00e9voqu\u00e9 des pr\u00e9visions de croissance revues \u00e0 la baisse (de 1,7% \u00e0 0,9%). Une r\u00e9vision due \u00e0 une \u00e9conomie fran\u00e7aise montrant des \u00absignes de ralentissement\u00bb, notamment sur le march\u00e9 du travail et le climat des affaires.<\/p>\n<p>L\u2019institution s\u2019inqui\u00e8te du fait que la r\u00e9duction du d\u00e9ficit en 2025 \u00abrepose exclusivement sur des pr\u00e9l\u00e8vements obligatoires plut\u00f4t que sur des efforts globaux d&rsquo;\u00e9conomies\u00bb, mais \u00e9galement du caract\u00e8re temporaire des hausses de pr\u00e9l\u00e8vements pr\u00e9vues dans le budget, \u00e0 l\u2019image de la surtaxe sur les entreprises.<\/p>\n<p>La Cour a soulign\u00e9 qu&rsquo;il \u00e9tait une\u00a0\u00aburgence absolue\u00bb de \u00abrestaurer la cr\u00e9dibilit\u00e9 des engagements de la France en mati\u00e8re de finances publiques\u00bb, et ce, afin\u00a0d&rsquo;\u00e9viter une hausse incontr\u00f4l\u00e9e de la charge de la dette qui \u00abaugmente sous l&rsquo;effet de son propre poids\u00bb.<\/p>\n<p>Dans un rapport publi\u00e9\u00a0d\u00e9but janvier,\u00a0la Cour des comptes <a target=\"_blank\" href=\"https:\/\/francais.rt.com\/france\/115963-cour-comptes-preconise-6-milliards-economie-par-an-francois-bayrou\">avait pr\u00e9conis\u00e9<\/a>\u00a0des \u00e9conomies \u00e0 hauteur de 6 milliards d\u2019euros \u00e0 l\u2019intention du gouvernement Bayrou.<\/p>\n<\/div>\n<p><script async src=\"\/\/platform.twitter.com\/widgets.js\" charset=\"utf-8\"><\/script><br \/>\n<br \/><br \/>\n<br \/><a href=\"https:\/\/francais.rt.com\/france\/116880-roue-libre-cour-comptes-sinquiete\" target=\"_blank\"\">Source link <\/a><\/p>\n","protected":false},"excerpt":{"rendered":"<p>La Cour des comptes a rendu un rapport alarmant le 13 f\u00e9vrier sur la trajectoire de r\u00e9duction du d\u00e9ficit public que la France doit respecter pour ne pas \u00abd\u00e9crocher\u00bb face&hellip; <\/p>\n","protected":false},"author":1,"featured_media":2670,"comment_status":"open","ping_status":"open","sticky":false,"template":"","format":"standard","meta":{"footnotes":""},"categories":[1],"tags":[],"class_list":["post-2669","post","type-post","status-publish","format-standard","has-post-thumbnail","hentry","category-non-classe"],"_links":{"self":[{"href":"https:\/\/monde25.info\/index.php\/wp-json\/wp\/v2\/posts\/2669","targetHints":{"allow":["GET"]}}],"collection":[{"href":"https:\/\/monde25.info\/index.php\/wp-json\/wp\/v2\/posts"}],"about":[{"href":"https:\/\/monde25.info\/index.php\/wp-json\/wp\/v2\/types\/post"}],"author":[{"embeddable":true,"href":"https:\/\/monde25.info\/index.php\/wp-json\/wp\/v2\/users\/1"}],"replies":[{"embeddable":true,"href":"https:\/\/monde25.info\/index.php\/wp-json\/wp\/v2\/comments?post=2669"}],"version-history":[{"count":0,"href":"https:\/\/monde25.info\/index.php\/wp-json\/wp\/v2\/posts\/2669\/revisions"}],"wp:featuredmedia":[{"embeddable":true,"href":"https:\/\/monde25.info\/index.php\/wp-json\/wp\/v2\/media\/2670"}],"wp:attachment":[{"href":"https:\/\/monde25.info\/index.php\/wp-json\/wp\/v2\/media?parent=2669"}],"wp:term":[{"taxonomy":"category","embeddable":true,"href":"https:\/\/monde25.info\/index.php\/wp-json\/wp\/v2\/categories?post=2669"},{"taxonomy":"post_tag","embeddable":true,"href":"https:\/\/monde25.info\/index.php\/wp-json\/wp\/v2\/tags?post=2669"}],"curies":[{"name":"wp","href":"https:\/\/api.w.org\/{rel}","templated":true}]}}