{"id":2691,"date":"2025-02-15T21:32:47","date_gmt":"2025-02-15T20:32:47","guid":{"rendered":"https:\/\/monde25.info\/index.php\/2025\/02\/15\/ci-git-lhumanite-par-meriem-laribi\/"},"modified":"2025-02-15T21:32:47","modified_gmt":"2025-02-15T20:32:47","slug":"ci-git-lhumanite-par-meriem-laribi","status":"publish","type":"post","link":"https:\/\/monde25.info\/index.php\/2025\/02\/15\/ci-git-lhumanite-par-meriem-laribi\/","title":{"rendered":"Ci-g\u00eet l&#039;humanit\u00e9 par Meriem LARIBI"},"content":{"rendered":"<p> <br \/>\n<br \/><img loading=\"lazy\" decoding=\"async\" src=\"https:\/\/www.legrandsoir.info\/local\/cache-vignettes\/L97xH150\/ci-git-lhumanite_13x20-copie-90c2a.jpg?1739633621\" class=\"spip_logo spip_logo_left\" width=\"97\" height=\"150\" alt=\"\" \/> <\/p>\n<p>Dans ce journal de bord d&rsquo;une ann\u00e9e d&rsquo;e\ufb00roi et de d\u00e9sillusion, Meriem Laribi nous plonge au c\u0153ur d&rsquo;une trag\u00e9die humaine : le g\u00e9nocide perp\u00e9tr\u00e9 \u00e0 Gaza sous les yeux du monde entier. D\u00e8s le 7 octobre 2023, elle a entrepris de documenter, jour apr\u00e8s jour, l&rsquo;impensable, tout en d\u00e9non\u00e7ant le r\u00f4le des m\u00e9dias occidentaux dans la di\ufb00usion d&rsquo;un r\u00e9cit partial et tronqu\u00e9, alimentant la d\u00e9shumanisation des Palestiniens et l&rsquo;indi\ufb00\u00e9rence face \u00e0 leur sort. <br class=\"autobr\" \/><br \/>\nL&rsquo;auteure s&rsquo;indigne des silences complices et (\u2026)<\/p>\n<p><a target=\"_blank\" href=\"https:\/\/www.legrandsoir.info\/-bibliographie-.html\" rel=\"directory\">Bibliographie<\/a><br \/>\n \/ <a target=\"_blank\" href=\"https:\/\/www.legrandsoir.info\/+-gaza-+.html\" rel=\"tag\">Gaza<\/a> , <a target=\"_blank\" href=\"https:\/\/www.legrandsoir.info\/+-palestine-+.html\" rel=\"tag\">Palestine<\/a><br \/>\n<br \/><br \/>\n<br \/><a href=\"https:\/\/www.legrandsoir.info\/ci-git-l-humanite.html\" target=\"_blank\"\">Source link <\/a><\/p>\n","protected":false},"excerpt":{"rendered":"<p>Dans ce journal de bord d&rsquo;une ann\u00e9e d&rsquo;e\ufb00roi et de d\u00e9sillusion, Meriem Laribi nous plonge au c\u0153ur d&rsquo;une trag\u00e9die humaine : le g\u00e9nocide perp\u00e9tr\u00e9 \u00e0 Gaza sous les yeux du&hellip; <\/p>\n","protected":false},"author":1,"featured_media":2692,"comment_status":"open","ping_status":"open","sticky":false,"template":"","format":"standard","meta":{"footnotes":""},"categories":[1],"tags":[],"class_list":["post-2691","post","type-post","status-publish","format-standard","has-post-thumbnail","hentry","category-non-classe"],"_links":{"self":[{"href":"https:\/\/monde25.info\/index.php\/wp-json\/wp\/v2\/posts\/2691","targetHints":{"allow":["GET"]}}],"collection":[{"href":"https:\/\/monde25.info\/index.php\/wp-json\/wp\/v2\/posts"}],"about":[{"href":"https:\/\/monde25.info\/index.php\/wp-json\/wp\/v2\/types\/post"}],"author":[{"embeddable":true,"href":"https:\/\/monde25.info\/index.php\/wp-json\/wp\/v2\/users\/1"}],"replies":[{"embeddable":true,"href":"https:\/\/monde25.info\/index.php\/wp-json\/wp\/v2\/comments?post=2691"}],"version-history":[{"count":0,"href":"https:\/\/monde25.info\/index.php\/wp-json\/wp\/v2\/posts\/2691\/revisions"}],"wp:featuredmedia":[{"embeddable":true,"href":"https:\/\/monde25.info\/index.php\/wp-json\/wp\/v2\/media\/2692"}],"wp:attachment":[{"href":"https:\/\/monde25.info\/index.php\/wp-json\/wp\/v2\/media?parent=2691"}],"wp:term":[{"taxonomy":"category","embeddable":true,"href":"https:\/\/monde25.info\/index.php\/wp-json\/wp\/v2\/categories?post=2691"},{"taxonomy":"post_tag","embeddable":true,"href":"https:\/\/monde25.info\/index.php\/wp-json\/wp\/v2\/tags?post=2691"}],"curies":[{"name":"wp","href":"https:\/\/api.w.org\/{rel}","templated":true}]}}