{"id":2693,"date":"2025-02-15T22:39:51","date_gmt":"2025-02-15T21:39:51","guid":{"rendered":"https:\/\/monde25.info\/index.php\/2025\/02\/15\/lultime-chance-de-stopper-linstallation-des-usines-a-bitume\/"},"modified":"2025-02-15T22:39:51","modified_gmt":"2025-02-15T21:39:51","slug":"lultime-chance-de-stopper-linstallation-des-usines-a-bitume","status":"publish","type":"post","link":"https:\/\/monde25.info\/index.php\/2025\/02\/15\/lultime-chance-de-stopper-linstallation-des-usines-a-bitume\/","title":{"rendered":"l\u2019ultime chance de stopper l\u2019installation des usines \u00e0 bitume"},"content":{"rendered":"<p> <br \/>\n<\/p>\n<div>\n<p class=\"indication_lieu\">Tarn, reportage<\/p>\n<p>En arpentant les collines presque d\u00e9sertes de la vall\u00e9e du Girou, pr\u00e8s du petit village de P\u00e9chaudier dans le Tarn, il est difficile d\u2019imaginer qu\u2019\u00e0 quelques kilom\u00e8tres de l\u00e0, <a target=\"_blank\" href=\"https:\/\/reporterre.net\/Pres-de-Toulouse-ils-refusent-de-se-faire-enfumer-par-l-usine-a-bitume\">une usine \u00e0 bitume<\/a> produira bient\u00f4t plusieurs centaines de milliers de tonnes d\u2019enrob\u00e9s pour <a target=\"_blank\" href=\"https:\/\/reporterre.net\/L-A69-une-autoroute-ecolo-On-a-verifie\">l\u2019autoroute A69<\/a>.<\/p>\n<p>Cette usine, situ\u00e9e \u00e0 l\u2019ext\u00e9rieur de Puylaurens, \u00e0 une vingtaine de kilom\u00e8tres de Castres, est cens\u00e9e s\u2019installer \u00e0 partir de mars, selon le planning du concessionnaire Atosca. Une autre doit s\u2019implanter plus \u00e0 l\u2019ouest, \u00e0 la fronti\u00e8re entre le Tarn et la Haute-Garonne, \u00e0 Villeneuve-l\u00e8s-Lavaur.<\/p>\n<p>Alors qu\u2019une audience capitale se tient le 18\u00a0f\u00e9vrier au tribunal administratif de Toulouse pour d\u00e9terminer si l\u2019autorisation environnementale de l\u2019A69 <a target=\"_blank\" href=\"https:\/\/reporterre.net\/A69-la-justice-ne-suspend-pas-le-chantier-mais-l-etau-se-resserre\">doit \u00eatre annul\u00e9e et le chantier arr\u00eat\u00e9<\/a>, l\u2019installation de ces centrales \u00e0 enrob\u00e9s est pour l\u2019instant en sursis. Sans attendre une potentielle d\u00e9cision de justice favorable, les habitants du territoire s\u2019organisent pour prendre en main une v\u00e9ritable question de sant\u00e9 publique.<\/p>\n<div class=\"spip_document_88719 spip_document spip_documents spip_document_image spip_documents_center spip_document_center spip_document_avec_legende\" data-legende-len=\"122\" data-legende-lenx=\"xx\">\n<figure class=\"spip_doc_inner\">\n      <picture><source type=\"image\/webp\" srcset=\"https:\/\/reporterre.net\/local\/cache-vignettes\/L1050xH700\/aberlioz-2024-11-07-2-2-d1a5a.jpg@.webp?1739452724\"><img decoding=\"async\" src=\"https:\/\/reporterre.net\/IMG\/jpg\/aberlioz-2024-11-07-2-2.jpg\" width=\"1200\" height=\"800\" loading=\"lazy\" alt=\"\"\/><br \/>\n    <\/source><\/picture><figcaption class=\"spip_doc_legende\">\n<p>Le site de l\u2019usine d\u2019enrob\u00e9s de Puylaurens, o\u00f9 devrait \u00eatre mont\u00e9e l\u2019usine prochainement.<br \/>\n<i>\u00a9 Antoine Berlioz \/ Reporterre<\/i><\/p>\n<\/figcaption><\/figure>\n<\/p><\/div>\n<h2 class=\"spip\">\u00ab<small class=\"fine d-inline\">\u00a0<\/small>Savoir ce qu\u2019on respire<small class=\"fine d-inline\">\u00a0<\/small>\u00bb<\/h2>\n<p><i>\u00ab<small class=\"fine d-inline\">\u00a0<\/small>Je vous pr\u00e9sente le capteur Z\u00e9phyr<small class=\"fine d-inline\">\u00a0<\/small>\u00bb<\/i>, lance Jean-No\u00ebl, en pointant du doigt un petit objet blanc et sph\u00e9rique pos\u00e9 sur la table de son salon \u00e0 P\u00e9chaudier, une bourgade de moins de 200\u00a0habitants. Cet ancien ing\u00e9nieur chez Airbus, aujourd\u2019hui \u00e0 la retraite, est depuis deux ans impliqu\u00e9 dans la lutte des <i>\u00ab<small class=\"fine d-inline\">\u00a0<\/small>sans bitume<small class=\"fine d-inline\">\u00a0<\/small>\u00bb<\/i>, qui regroupe une dizaine de collectifs oppos\u00e9s \u00e0 l\u2019installation de ces centrales le long du trac\u00e9 de l\u2019autoroute. <i>\u00ab<small class=\"fine d-inline\">\u00a0<\/small>C\u2019est un capteur pour mesurer la qualit\u00e9 de l\u2019air. On l\u2019a d\u00e9velopp\u00e9 en interne et il nous permettra de surveiller les \u00e9manations des usines \u00e0 bitume<small class=\"fine d-inline\">\u00a0<\/small>\u00bb<\/i>, d\u00e9taille-t-il.<\/p>\n<p>Face au manque d\u2019information et de transparence concernant l\u2019installation de ces centrales d\u2019enrob\u00e9s \u00e0 chaud, qui doivent produire 500\u00a0000 tonnes d\u2019enrob\u00e9s pour l\u2019A69, les collectifs sans bitume ont organis\u00e9 des r\u00e9unions publiques fin 2023 dans les villages qui bordent l\u2019autoroute.<\/p>\n<div class=\"spip_document_88733 spip_document spip_documents spip_document_image spip_documents_center spip_document_center spip_document_avec_legende\" data-legende-len=\"136\" data-legende-lenx=\"xxx\">\n<figure class=\"spip_doc_inner\">\n      <picture><source type=\"image\/webp\" srcset=\"https:\/\/reporterre.net\/local\/cache-vignettes\/L1050xH340\/copie_de_copie_de_puces_de_mer_3_-0b265.jpg@.webp?1739452724\"><img decoding=\"async\" src=\"https:\/\/reporterre.net\/IMG\/jpg\/copie_de_copie_de_puces_de_mer_3_.jpg\" width=\"1200\" height=\"389\" loading=\"lazy\" alt=\"\"\/><br \/>\n    <\/source><\/picture><figcaption class=\"spip_doc_legende\">\n<p>Les mesures des capteurs sont collect\u00e9es en temps r\u00e9el et peuvent \u00eatre visualis\u00e9es sur une application.<br \/>\n<i>\u00a9 Antoine Berlioz \/ Reporterre<\/i><\/p>\n<\/figcaption><\/figure>\n<\/p><\/div>\n<p><i>\u00ab<small class=\"fine d-inline\">\u00a0<\/small>Au d\u00e9part, personne ne savait rien, tout cela \u00e9tait bien cach\u00e9 au fond d\u2019un dossier de plusieurs milliers de pages<\/i>, d\u00e9taille Marc, un autre opposant \u00e0 l\u2019installation des usines. <i>Il a fallu organiser plusieurs r\u00e9unions publiques pour faire comprendre \u00e0 la population les risques pour notre sant\u00e9 et les nuisances qu\u2019impliquent ces centrales \u00e0 bitume.<small class=\"fine d-inline\">\u00a0<\/small>\u00bb<\/i><\/p>\n<p>Le syndicaliste poursuit\u00a0: <i>\u00ab<small class=\"fine d-inline\">\u00a0<\/small>Il y a par exemple des \u00e9coles \u00e0 proximit\u00e9 des centrales, et les parents d\u2019\u00e9l\u00e8ves n\u2019ont aucune information sur ces potentiels effets sur la sant\u00e9 de leurs enfants. C\u2019est pareil pour les agriculteurs bio ou les personnes fragiles.<small class=\"fine d-inline\">\u00a0<\/small>\u00bb<\/i><\/p>\n<p><a target=\"_blank\" href=\"https:\/\/reporterre.net\/A69-des-champs-bientot-pollues-par-les-usines-a-goudron\" class=\"lien_lireaussi\"><strong>Lire aussi : <\/strong> <span>Usines \u00e0 goudron de l\u2019A69\u00a0: les agriculteurs craignent la pollution de leurs champs<\/span><\/a><\/p>\n<p>Face \u00e0 cela, les <i>\u00ab<small class=\"fine d-inline\">\u00a0<\/small>sans bitume<small class=\"fine d-inline\">\u00a0<\/small>\u00bb<\/i> ont fait preuve d\u2019intelligence collective pour bricoler leur propre outil et <i>\u00ab<small class=\"fine d-inline\">\u00a0<\/small>savoir ce qui se passe et ce qu\u2019on respire, tout simplement<small class=\"fine d-inline\">\u00a0<\/small>\u00bb<\/i>, selon Jean-No\u00ebl. Connect\u00e9 \u00e0 un r\u00e9seau Wi-Fi, ce capteur transmet en temps r\u00e9el sur l\u2019ordinateur les niveaux de particules fines, les compos\u00e9s organiques volatils et les oxydes d\u2019azote.<\/p>\n<p>70\u00a0capteurs ont d\u00e9j\u00e0 trouv\u00e9 preneurs et permettent un maillage complet des zones \u00e0 proximit\u00e9 des centrales. <i>\u00ab<small class=\"fine d-inline\">\u00a0<\/small>On en a vendu \u00e0 certaines mairies, qui ont \u00e9quip\u00e9 leurs \u00e9coles<small class=\"fine d-inline\">\u00a0<\/small>\u00bb<\/i>, raconte Jean-No\u00ebl, qui a directement particip\u00e9 \u00e0 l\u2019\u00e9laboration de cet outil.<\/p>\n<p>De son c\u00f4t\u00e9, le concessionnaire Atosca a pr\u00e9vu un programme de surveillance de l\u2019air qu\u2019il finance en partenariat avec la Direction r\u00e9gionale de l\u2019environnement, de l\u2019am\u00e9nagement et du logement (Dreal) pour rassurer la population, mais cela est <i>\u00ab<small class=\"fine d-inline\">\u00a0<\/small>largement insuffisant<small class=\"fine d-inline\">\u00a0<\/small>\u00bb<\/i>, selon lui.<\/p>\n<div class=\"spip_document_88724 spip_document spip_documents spip_document_image spip_documents_center spip_document_center spip_document_avec_legende\" data-legende-len=\"227\" data-legende-lenx=\"xxx\">\n<figure class=\"spip_doc_inner\">\n      <picture><source type=\"image\/webp\" srcset=\"https:\/\/reporterre.net\/local\/cache-vignettes\/L1050xH700\/aberlioz-2024-11-07-7-2-8d0d7.jpg@.webp?1739452724\"><img decoding=\"async\" src=\"https:\/\/reporterre.net\/IMG\/jpg\/aberlioz-2024-11-07-7-2.jpg\" width=\"1200\" height=\"800\" loading=\"lazy\" alt=\"\"\/><br \/>\n    <\/source><\/picture><figcaption class=\"spip_doc_legende\">\n<p>Catherine vit en colocation dans cette b\u00e2tisse o\u00f9 elle a install\u00e9 un capteur. Comme beaucoup d\u2019habitants, elle craint que les mesures officielles ne refl\u00e8tent pas la r\u00e9alit\u00e9 de qualit\u00e9 de l\u2019air.<br \/>\n<i>\u00a9 Antoine Berlioz \/ Reporterre<\/i><\/p>\n<\/figcaption><\/figure>\n<\/p><\/div>\n<h2 class=\"spip\">\u00ab<small class=\"fine d-inline\">\u00a0<\/small>Des particules sur leur linge<small class=\"fine d-inline\">\u00a0<\/small>\u00bb <\/h2>\n<p>\u00c0 l\u2019ouest, dans le petit village de Villeneuve-l\u00e8s-Lavaur, qui compte 150\u00a0\u00e2mes, Sabine et Catherine ont \u00e9quip\u00e9 la fa\u00e7ade de leur maison d\u2019un capteur Z\u00e9phyr. Oppos\u00e9es \u00e0 l\u2019installation de la centrale, \u00e0 environ 2\u00a0km de la b\u00e2tisse qu\u2019elles louent, elles se disent extr\u00eamement inqui\u00e8tes des futures nuisances.<\/p>\n<p><i>\u00ab<small class=\"fine d-inline\">\u00a0<\/small>Il y a un silence des \u00e9lus \u00e0 ce sujet. Pourtant, c\u2019est une v\u00e9ritable question de sant\u00e9 publique. On se sent abandonn\u00e9es<\/i>, raconte Sabine. <i>On a entendu des t\u00e9moignages terribles de personnes qui ont d\u00e9j\u00e0 eu ce type de centrales dans leur commune. Certains retrouvaient des <a target=\"_blank\" href=\"https:\/\/www.francebleu.fr\/infos\/environnement\/les-riverains-de-l-usine-a-goudron-de-gragnague-continuent-de-se-plaindre-de-nuisances-1125742\" class=\"spip_out\" rel=\"external\">particules sur leur linge ou leur voiture<\/a>, d\u2019autres \u00e9taient contraints de s\u2019enfermer chez eux quand les odeurs \u00e9taient tr\u00e8s fortes.<small class=\"fine d-inline\">\u00a0<\/small>\u00bb<\/i><\/p>\n<div class=\"spip_document_88722 spip_document spip_documents spip_document_image spip_documents_center spip_document_center spip_document_avec_legende\" data-legende-len=\"137\" data-legende-lenx=\"xxx\">\n<figure class=\"spip_doc_inner\">\n      <picture><source type=\"image\/webp\" srcset=\"https:\/\/reporterre.net\/local\/cache-vignettes\/L1050xH700\/aberlioz-2024-11-07-5-5ed92.jpg@.webp?1739452757\"><img decoding=\"async\" src=\"https:\/\/reporterre.net\/IMG\/jpg\/aberlioz-2024-11-07-5.jpg\" width=\"1200\" height=\"800\" loading=\"lazy\" alt=\"\"\/><br \/>\n    <\/source><\/picture><figcaption class=\"spip_doc_legende\">\n<p>\u00c0 moins de 1 km de l\u2019usine d\u2019enrob\u00e9s de Villeneuve-l\u00e8s-Lavaurs, des habitants craignent pour leur sant\u00e9.<br \/>\n<i>\u00a9 Antoine Berlioz \/ Reporterre<\/i><\/p>\n<\/figcaption><\/figure>\n<\/p><\/div>\n<p>Dans le petit village, quatre capteurs sont d\u00e9j\u00e0 op\u00e9rationnels, dispos\u00e9s chez des particuliers. <i>\u00ab<small class=\"fine d-inline\">\u00a0<\/small>On croit en la justice, et j\u2019esp\u00e8re encore qu\u2019ils vont arr\u00eater ce projet, mais on se pr\u00e9pare au pire<small class=\"fine d-inline\">\u00a0<\/small>\u00bb<\/i>, assure Catherine.<\/p>\n<p>Des arbres fruitiers devant la maison habillent le parvis de la b\u00e2tisse. Quelques m\u00e9sanges se chamaillent. <i>\u00ab<small class=\"fine d-inline\">\u00a0<\/small>Elles sont vraiment bien ici avec tous ces arbres\u2026 Jusqu\u2019\u00e0 maintenant en tout cas<small class=\"fine d-inline\">\u00a0<\/small>\u00bb<\/i>, souffle Sabine.<\/p>\n<p><center><br \/>\n  <\/p>\n<p><\/center><\/p>\n<aside class=\"boite_encarts\">\n<div class=\"encart encart_gris noprint\">\n<p><strong>Puisque vous \u00eates l\u00e0&#8230;<\/strong><\/p>\n<p>&#8230; nous avons un petit service \u00e0 vous demander.<br class=\"autobr\"\/><br \/>\nEntre la pr\u00e9sence d\u2019un climatosceptique \u00e0 la t\u00eate de la premi\u00e8re puissance mondiale, un gouvernement fran\u00e7ais qui flirte avec l\u2019extr\u00eame-droite, et les catastrophes climatiques qui s\u2019enchainent&#8230; Faire vivre l\u2019\u00e9cologie dans le d\u00e9bat public est un enjeu crucial.<\/p>\n<p>Personne ne modifie ce que nous publions. Nous n\u2019avons ni actionnaire, ni propri\u00e9taire milliardaire \u2014 seulement une \u00e9quipe d\u2019irr\u00e9ductibles journalistes, pleine de d\u00e9termination.<\/p>\n<p>Nous avons la conviction que l\u2019urgence \u00e9cologique est l\u2019enjeu majeur de notre \u00e9poque. Et comme plus de 2 millions de lectrices et lecteurs chaque mois, vous partagez sans doute cette conviction&#8230;<\/p>\n<p><strong>Depuis 12 ans, nous publions des articles de qualit\u00e9 sur l\u2019\u00e9cologie, en acc\u00e8s libre et sans publicit\u00e9, pour tous.<\/strong><br class=\"autobr\"\/><br \/>\nMais ce travail demande beaucoup de temps et de ressources.<\/p>\n<p>Alors, si vous en avez les moyens, sachez qu\u2019un don, m\u00eame d\u20191\u20ac, est un acte de soutien fort pour l\u2019\u00e9cologie et le journalisme ind\u00e9pendant.<br class=\"autobr\"\/><br \/>\n(Et \u00e7a vous prendra moins de temps que la lecture de ce texte).<\/p>\n<p><strong>Si vous le pouvez, choisissez un soutien mensuel. Merci.<\/strong><\/p>\n<p><a target=\"_blank\" href=\"https:\/\/reporterre.net\/dons\" class=\"bt_soutenir\">Je soutiens <i>Reporterre<\/i><\/a><\/p>\n<\/p><\/div>\n<div class=\"encart encart_vert noprint montre_1023\">\n<div class=\"infolettre-form-container noprint\">\n<p>Abonnez-vous \u00e0 la lettre d\u2019info de Reporterre<\/p>\n<\/div><\/div>\n<\/aside>\n<aside class=\"boite_apresarticle encart_note\">\n<h4>Apr\u00e8s cet article<\/h4>\n<p>      <a target=\"_blank\" href=\"https:\/\/reporterre.net\/A69-la-justice-ne-suspend-pas-le-chantier-mais-l-etau-se-resserre\" class=\"lien_article\">\n      <picture class=\"vignette_gauche\"><source type=\"image\/webp\" srcset=\"https:\/\/reporterre.net\/local\/cache-vignettes\/L450xH300\/afp__20250105__36t283b__v1__highres__franceinfraestructuretransportenvironmenttrial-2bfbf.jpg@.webp?1737477883\"><img decoding=\"async\" src=\"https:\/\/reporterre.net\/local\/cache-vignettes\/L450xH300\/afp__20250105__36t283b__v1__highres__franceinfraestructuretransportenvironmenttrial-2bfbf.jpg?1737477883\" width=\"450\" height=\"300\" alt=\"\" class=\"marge12\" loading=\"lazy\"\/><br \/>\n<\/source><\/picture>\n<p class=\"libelle\">\n<p>      A69\n    <\/p>\n<p class=\"titre pol20\">A69\u00a0: la justice ne suspend pas le chantier, mais l\u2019\u00e9tau se resserre<\/p>\n<p>      <\/a><br \/>\n    <\/aside>\n<aside class=\"boite_complement texte\">\n<p>      <!-- zone_forum --><br \/>\n          <\/aside>\n<aside class=\"boite_lireaussi noprint\">\n<\/aside>\n<aside class=\"colonne\">\n<div class=\"article_info cache_1023 noprint\">\n<p>    <span class=\"date\">15 f\u00e9vrier 2025  \u00e0 09h16<\/span><\/p>\n<p>    <span class=\"date_modif\">Mis \u00e0 jour le 15 f\u00e9vrier 2025 \u00e0 11h52<\/span>      <\/p>\n<p class=\"duree_lecture\">\n        Dur\u00e9e de lecture : 4 minutes\n      <\/p>\n<\/p><\/div>\n<div class=\"bloc_infolettre\">\n<div class=\"infolettre-form-container noprint\">\n<p>Abonnez-vous \u00e0 la lettre d\u2019info de Reporterre<\/p>\n<\/div><\/div>\n<\/aside><\/div>\n<p><br \/>\n<br \/><a href=\"https:\/\/reporterre.net\/Autoroute-A69-l-ultime-chance-de-stopper-l-installation-des-usines-a-bitume\" target=\"_blank\"\">Source link <\/a><\/p>\n","protected":false},"excerpt":{"rendered":"<p>Tarn, reportage En arpentant les collines presque d\u00e9sertes de la vall\u00e9e du Girou, pr\u00e8s du petit village de P\u00e9chaudier dans le Tarn, il est difficile d\u2019imaginer qu\u2019\u00e0 quelques kilom\u00e8tres de&hellip; <\/p>\n","protected":false},"author":1,"featured_media":2694,"comment_status":"open","ping_status":"open","sticky":false,"template":"","format":"standard","meta":{"footnotes":""},"categories":[1],"tags":[],"class_list":["post-2693","post","type-post","status-publish","format-standard","has-post-thumbnail","hentry","category-non-classe"],"_links":{"self":[{"href":"https:\/\/monde25.info\/index.php\/wp-json\/wp\/v2\/posts\/2693","targetHints":{"allow":["GET"]}}],"collection":[{"href":"https:\/\/monde25.info\/index.php\/wp-json\/wp\/v2\/posts"}],"about":[{"href":"https:\/\/monde25.info\/index.php\/wp-json\/wp\/v2\/types\/post"}],"author":[{"embeddable":true,"href":"https:\/\/monde25.info\/index.php\/wp-json\/wp\/v2\/users\/1"}],"replies":[{"embeddable":true,"href":"https:\/\/monde25.info\/index.php\/wp-json\/wp\/v2\/comments?post=2693"}],"version-history":[{"count":0,"href":"https:\/\/monde25.info\/index.php\/wp-json\/wp\/v2\/posts\/2693\/revisions"}],"wp:featuredmedia":[{"embeddable":true,"href":"https:\/\/monde25.info\/index.php\/wp-json\/wp\/v2\/media\/2694"}],"wp:attachment":[{"href":"https:\/\/monde25.info\/index.php\/wp-json\/wp\/v2\/media?parent=2693"}],"wp:term":[{"taxonomy":"category","embeddable":true,"href":"https:\/\/monde25.info\/index.php\/wp-json\/wp\/v2\/categories?post=2693"},{"taxonomy":"post_tag","embeddable":true,"href":"https:\/\/monde25.info\/index.php\/wp-json\/wp\/v2\/tags?post=2693"}],"curies":[{"name":"wp","href":"https:\/\/api.w.org\/{rel}","templated":true}]}}