{"id":26960,"date":"2026-04-25T03:33:36","date_gmt":"2026-04-25T01:33:36","guid":{"rendered":"https:\/\/monde25.info\/index.php\/2026\/04\/25\/la-norvege-veut-interdire-les-reseaux-sociaux-aux-moins-de-16-ans\/"},"modified":"2026-04-25T03:33:36","modified_gmt":"2026-04-25T01:33:36","slug":"la-norvege-veut-interdire-les-reseaux-sociaux-aux-moins-de-16-ans","status":"publish","type":"post","link":"https:\/\/monde25.info\/index.php\/2026\/04\/25\/la-norvege-veut-interdire-les-reseaux-sociaux-aux-moins-de-16-ans\/","title":{"rendered":"La Norv\u00e8ge veut interdire les r\u00e9seaux sociaux aux moins de 16 ans"},"content":{"rendered":"<p> <br \/>\n<\/p>\n<div>\n<p><strong>En Norv\u00e8ge, les moins de 16 ans devront bient\u00f4t ranger leurs smartphones. Le gouvernement d\u2019Oslo a annonc\u00e9 ce 24 avril un projet de loi radical, interdisant l\u2019acc\u00e8s aux r\u00e9seaux sociaux avant l\u2019\u00e2ge de 16 ans, une premi\u00e8re en Europe. Les plateformes comme Meta, TikTok ou X auront l\u2019obligation l\u00e9gale de v\u00e9rifier l\u2019\u00e2ge de leurs utilisateurs sous peine de sanctions. Pr\u00e9sent\u00e9e comme une victoire pour l\u2019enfance, la mesure soul\u00e8ve des questions sur son application, ses limites et ses enjeux sous jacents.<\/strong><\/p>\n<p>\u00ab\u00a0Les enfants ne sont pas des cobayes pour les algorithmes\u00a0\u00bb a tonn\u00e9 le Premier ministre Jonas Gahr St\u00f8re, justifiant une r\u00e9forme qui vise \u00e0 \u00ab\u00a0rendre aux enfants leur enfance\u00a0\u00bb. L\u2019argument est s\u00e9duisant : prot\u00e9ger les mineurs des d\u00e9rives du num\u00e9rique, des harceleurs en ligne et de l\u2019addiction aux \u00e9crans. Pour autant, l\u2019efficacit\u00e9 d\u2019un tel blocage reste \u00e0 prouver. L\u2019Australie, pionni\u00e8re en la mati\u00e8re, a bien ferm\u00e9 5 millions de comptes en quelques semaines apr\u00e8s l\u2019adoption d\u2019une loi similaire en 2025, mais les contourner reste un jeu d\u2019enfant pour les ados d\u00e9termin\u00e9s&#8230;<\/p>\n<p>La Turquie, la Gr\u00e8ce et une dizaine de pays europ\u00e9ens pr\u00e9parent des textes comparables, tandis que Bruxelles planche sur une application de v\u00e9rification d\u2019\u00e2ge \u00ab\u00a0anonyme\u00a0\u00bb pour \u00e9viter la collecte massive de donn\u00e9es biom\u00e9triques. Henna Virkkunen, vice-pr\u00e9sidente de la Commission europ\u00e9enne, vante une solution \u00ab\u00a0sans partage de donn\u00e9es sensibles\u00a0\u00bb, bas\u00e9e sur la preuve cryptographique. Une avanc\u00e9e technologique salu\u00e9e par Ursula von der Leyen, qui y voit \u00ab\u00a0la fin des excuses\u00a0\u00bb pour les plateformes. Malgr\u00e9 tout, des associations comme La Quadrature du Net mettent en garde contre les risques de surveillance accrue et de censure collat\u00e9rale. Filtrer l\u2019acc\u00e8s \u00e0 l\u2019information, m\u00eame pour prot\u00e9ger, reste une pente glissante. Et si la promesse de l&rsquo;anonymat n&rsquo;est pas tenue, tout cela nous am\u00e8ne vers une identification syst\u00e9matique de l\u2019individu pour aller sur le net.<\/p>\n<\/div>\n<p><script>(function(d, s, id) {  var js, fjs = d.getElementsByTagName(s)[0];  if (d.getElementById(id)) return;  js = d.createElement(s); js.id = id;  js.src = \"\/\/connect.facebook.net\/fr_FR\/sdk.js#xfbml=1&version=v2.3\";  fjs.parentNode.insertBefore(js, fjs);}(document, \"script\", \"facebook-jssdk\"));<\/script><br \/>\n<br \/><br \/>\n<br \/><a href=\"https:\/\/www.francesoir.fr\/politique-monde\/la-norvege-veut-interdire-les-reseaux-sociaux-aux-moins-de-16-ans\" target=\"_blank\"\">Source link <\/a><\/p>\n","protected":false},"excerpt":{"rendered":"<p>En Norv\u00e8ge, les moins de 16 ans devront bient\u00f4t ranger leurs smartphones. Le gouvernement d\u2019Oslo a annonc\u00e9 ce 24 avril un projet de loi radical, interdisant l\u2019acc\u00e8s aux r\u00e9seaux sociaux&hellip; <\/p>\n","protected":false},"author":1,"featured_media":26961,"comment_status":"open","ping_status":"open","sticky":false,"template":"","format":"standard","meta":{"footnotes":""},"categories":[1],"tags":[],"class_list":["post-26960","post","type-post","status-publish","format-standard","has-post-thumbnail","hentry","category-non-classe"],"_links":{"self":[{"href":"https:\/\/monde25.info\/index.php\/wp-json\/wp\/v2\/posts\/26960","targetHints":{"allow":["GET"]}}],"collection":[{"href":"https:\/\/monde25.info\/index.php\/wp-json\/wp\/v2\/posts"}],"about":[{"href":"https:\/\/monde25.info\/index.php\/wp-json\/wp\/v2\/types\/post"}],"author":[{"embeddable":true,"href":"https:\/\/monde25.info\/index.php\/wp-json\/wp\/v2\/users\/1"}],"replies":[{"embeddable":true,"href":"https:\/\/monde25.info\/index.php\/wp-json\/wp\/v2\/comments?post=26960"}],"version-history":[{"count":0,"href":"https:\/\/monde25.info\/index.php\/wp-json\/wp\/v2\/posts\/26960\/revisions"}],"wp:featuredmedia":[{"embeddable":true,"href":"https:\/\/monde25.info\/index.php\/wp-json\/wp\/v2\/media\/26961"}],"wp:attachment":[{"href":"https:\/\/monde25.info\/index.php\/wp-json\/wp\/v2\/media?parent=26960"}],"wp:term":[{"taxonomy":"category","embeddable":true,"href":"https:\/\/monde25.info\/index.php\/wp-json\/wp\/v2\/categories?post=26960"},{"taxonomy":"post_tag","embeddable":true,"href":"https:\/\/monde25.info\/index.php\/wp-json\/wp\/v2\/tags?post=26960"}],"curies":[{"name":"wp","href":"https:\/\/api.w.org\/{rel}","templated":true}]}}