{"id":26967,"date":"2026-04-25T06:51:36","date_gmt":"2026-04-25T04:51:36","guid":{"rendered":"https:\/\/monde25.info\/index.php\/2026\/04\/25\/lirlande-du-nord-de-plus-en-plus-irlandaise-par-cedric-gouverneur-le-monde-diplomatique-mai-2026\/"},"modified":"2026-04-25T06:51:36","modified_gmt":"2026-04-25T04:51:36","slug":"lirlande-du-nord-de-plus-en-plus-irlandaise-par-cedric-gouverneur-le-monde-diplomatique-mai-2026","status":"publish","type":"post","link":"https:\/\/monde25.info\/index.php\/2026\/04\/25\/lirlande-du-nord-de-plus-en-plus-irlandaise-par-cedric-gouverneur-le-monde-diplomatique-mai-2026\/","title":{"rendered":"L\u2019Irlande du Nord, de plus en plus irlandaise, par C\u00e9dric Gouverneur (Le Monde diplomatique, mai 2026)"},"content":{"rendered":"<p> <br \/>\n<\/p>\n<div>\n<figure class=\"spip_document_42161 spip_documents spip_documents_center xl\" style=\"width:890px;\">\n<div class=\"limage\">\n<p>\t\t\t<img loading=\"lazy\" decoding=\"async\" src=\"https:\/\/www.monde-diplomatique.fr\/local\/cache-vignettes\/L890xH594\/img004-1-4-b3823.jpg?1776958308\" width=\"890\" height=\"594\" class=\"spip_logos\" alt=\"JPEG - 343.7\u00a0kio\"\/><\/p><\/div><figcaption>\n<p>Timothy Fadek. \u2013 Un \u00ab<small class=\"fine\">\u00a0<\/small>mur de la paix<small class=\"fine\">\u00a0<\/small>\u00bb qui s\u00e9pare les quartiers protestant et catholique \u00e0 Belfast, 2018<\/p>\n<p>\u00a9 Timothy Fadek\/Redux-REA\n<\/p>\n<\/figcaption><\/figure>\n<p><span class=\"mot-lettrine\"><span class=\"lettrine\">A<\/span>u<\/span> nord de Belfast, la colline de Cave Hill \u00e9voque le visage d\u2019un g\u00e9ant assoupi. Elle aurait inspir\u00e9 \u00e0 Jonathan Swift (1667-1745) le personnage de Gulliver. Le profil du colosse s\u2019aper\u00e7oit depuis Waterworks, une r\u00e9serve naturelle o\u00f9, pendant les \u00ab<small class=\"fine\">\u00a0<\/small>Troubles<small class=\"fine\">\u00a0<\/small>\u00bb (1968-1998), seuls s\u2019\u00e9gayaient les cygnes et les \u00e9chassiers. <i>\u00ab<small class=\"fine\">\u00a0<\/small>Trop dangereux<small class=\"fine\">\u00a0<\/small>!,<\/i> raconte M.\u00a0John Finucane, d\u00e9put\u00e9 Sinn F\u00e9in de Belfast-Nord. <i>On risquait de s\u2019y faire tuer. Mais d\u00e9sormais quantit\u00e9 de promeneurs et de joggeurs parcourent Waterworks, aussi bien des catholiques que des protestants.<small class=\"fine\">\u00a0<\/small>\u00bb<\/i><\/p>\n<p>Le soir du 12\u00a0f\u00e9vrier\u00a01989, la famille Finucane est attabl\u00e9e \u00e0 son domicile pr\u00e8s de Waterworks, lorsqu\u2019un commando loyaliste d\u00e9fonce la porte d\u2019entr\u00e9e. Il crible de balles Patrick Finucane, avocat de membres de l\u2019Arm\u00e9e r\u00e9publicaine irlandaise (IRA), sous les yeux de son \u00e9pouse et de leurs trois enfants, dont John, 8\u00a0ans. Une enqu\u00eate a conclu en 2003 \u00e0 la collusion entre les tueurs et des \u00e9l\u00e9ments de la Police royale d\u2019Ulster (RUC) \u2014 remplac\u00e9e depuis par le Service de police d\u2019Irlande du Nord (PSNI). Apr\u00e8s qu\u2019en 2012 le premier ministre britannique David Cameron s\u2019est excus\u00e9 aupr\u00e8s des Finucane, <i>\u00ab<small class=\"fine\">\u00a0<\/small>en septembre\u00a02024 le secr\u00e9taire d\u2019\u00c9tat \u00e0 l\u2019Irlande du Nord a annonc\u00e9 l\u2019ouverture d\u2019une enqu\u00eate,<\/i> pr\u00e9cise M.\u00a0Finucane. <i>Cette collusion \u00e9tait en fait \u00e9rig\u00e9e en syst\u00e8me, pour \u00e9liminer des gens comme mon p\u00e8re<small class=\"fine\">\u00a0<\/small>\u00bb.<\/i> Une autre avocate, Rosemary Nelson, a \u00e9t\u00e9 assassin\u00e9e, en 1999. Elle d\u00e9fendait les r\u00e9sidents de Garvaghy Road, \u00e0 Portadown, oppos\u00e9s aux marches orangistes dans leur quartier.<\/p>\n<p>M.\u00a0Finucane est devenu avocat, comme son p\u00e8re, avant de se lancer en politique. Belfast-Nord, sa circonscription, concentre certains des quartiers les plus meurtris par les \u00ab<small class=\"fine\">\u00a0<\/small>Troubles<small class=\"fine\">\u00a0<\/small>\u00bb, notamment New Lodge et Ardoyne. Pr\u00e8s de trente ans apr\u00e8s l\u2019accord de paix dit \u00ab<small class=\"fine\">\u00a0<\/small>du Vendredi saint<small class=\"fine\">\u00a0<\/small>\u00bb, des palissades s\u00e9parent toujours les secteurs catholiques et protestants, scindant m\u00eame en deux le jardin public Alexandra\u00a0(\u2026)<\/p>\n<\/p><\/div>\n<p>Taille de l\u2019article complet\u00a0:\u00a0<span>3\u00a0992<\/span>\u00a0mots.<\/p>\n<p><br \/>\n<br \/><a href=\"https:\/\/www.monde-diplomatique.fr\/2026\/05\/GOUVERNEUR\/69541\" target=\"_blank\"\">Source link <\/a><\/p>\n","protected":false},"excerpt":{"rendered":"<p>Timothy Fadek. \u2013 Un \u00ab\u00a0mur de la paix\u00a0\u00bb qui s\u00e9pare les quartiers protestant et catholique \u00e0 Belfast, 2018 \u00a9 Timothy Fadek\/Redux-REA Au nord de Belfast, la colline de Cave Hill&hellip; <\/p>\n","protected":false},"author":1,"featured_media":26968,"comment_status":"open","ping_status":"open","sticky":false,"template":"","format":"standard","meta":{"footnotes":""},"categories":[1],"tags":[],"class_list":["post-26967","post","type-post","status-publish","format-standard","has-post-thumbnail","hentry","category-non-classe"],"_links":{"self":[{"href":"https:\/\/monde25.info\/index.php\/wp-json\/wp\/v2\/posts\/26967","targetHints":{"allow":["GET"]}}],"collection":[{"href":"https:\/\/monde25.info\/index.php\/wp-json\/wp\/v2\/posts"}],"about":[{"href":"https:\/\/monde25.info\/index.php\/wp-json\/wp\/v2\/types\/post"}],"author":[{"embeddable":true,"href":"https:\/\/monde25.info\/index.php\/wp-json\/wp\/v2\/users\/1"}],"replies":[{"embeddable":true,"href":"https:\/\/monde25.info\/index.php\/wp-json\/wp\/v2\/comments?post=26967"}],"version-history":[{"count":0,"href":"https:\/\/monde25.info\/index.php\/wp-json\/wp\/v2\/posts\/26967\/revisions"}],"wp:featuredmedia":[{"embeddable":true,"href":"https:\/\/monde25.info\/index.php\/wp-json\/wp\/v2\/media\/26968"}],"wp:attachment":[{"href":"https:\/\/monde25.info\/index.php\/wp-json\/wp\/v2\/media?parent=26967"}],"wp:term":[{"taxonomy":"category","embeddable":true,"href":"https:\/\/monde25.info\/index.php\/wp-json\/wp\/v2\/categories?post=26967"},{"taxonomy":"post_tag","embeddable":true,"href":"https:\/\/monde25.info\/index.php\/wp-json\/wp\/v2\/tags?post=26967"}],"curies":[{"name":"wp","href":"https:\/\/api.w.org\/{rel}","templated":true}]}}