{"id":26969,"date":"2026-04-25T07:24:34","date_gmt":"2026-04-25T05:24:34","guid":{"rendered":"https:\/\/monde25.info\/index.php\/2026\/04\/25\/creer-des-mares-en-pleine-ville-une-jolie-maniere-de-lutter-contre-les-moustiques\/"},"modified":"2026-04-25T07:24:34","modified_gmt":"2026-04-25T05:24:34","slug":"creer-des-mares-en-pleine-ville-une-jolie-maniere-de-lutter-contre-les-moustiques","status":"publish","type":"post","link":"https:\/\/monde25.info\/index.php\/2026\/04\/25\/creer-des-mares-en-pleine-ville-une-jolie-maniere-de-lutter-contre-les-moustiques\/","title":{"rendered":"Cr\u00e9er des mares en pleine ville\u00a0: une jolie mani\u00e8re de lutter contre les moustiques"},"content":{"rendered":"<p> <br \/>\n<br \/><img loading=\"lazy\" decoding=\"async\" src=\"https:\/\/reporterre.net\/local\/cache-vignettes\/L700xH467\/mares-moustiques_isabellemiquelestorena20_resized-b8607.jpg?1777093803\" class=\"spip_logo\" width=\"700\" height=\"467\" alt=\"\" \/><\/p>\n<p>Et si on comptait sur la voracit\u00e9 des libellules contre les larves des moustiques<small class=\"fine d-inline\">\u00a0<\/small>? Une commune de la c\u00f4te basque a accept\u00e9 la proposition d&rsquo;une association\u00a0: cr\u00e9er des mares, refuges de biodiversit\u00e9 et petits bouts de nature en ville. <br class=\"autobr\" \/><br \/>\nBidard (Pyr\u00e9n\u00e9es-Atlantiques), reportage <br class=\"autobr\" \/><br \/>\nAu bord du parking de l&rsquo;\u00e9cole de Bidart, sur la C\u00f4te basque, un sifflement haut perch\u00e9 en provenance d&rsquo;une pelouse retentit. Le cri d&rsquo;un oiseau<small class=\"fine d-inline\">\u00a0<\/small>? \u00ab<small class=\"fine d-inline\">\u00a0<\/small>C&rsquo;est un crapaud alyte accoucheur, corrige Charlotte Mulet,\u00a0(\u2026)<\/p>\n<p>                    <a target=\"_blank\" href=\"https:\/\/reporterre.net\/Creer-des-mares-en-pleine-ville-une-jolie-maniere-de-lutter-contre-les-moustiques?utm_source=RSS&amp;utm_medium=RSS\">Lire la suite<\/a><\/p>\n<p>                    &#8211;<br \/>\n                        <a target=\"_blank\" href=\"https:\/\/reporterre.net\/Reportage\" rel=\"directory\">Reportage<\/a><\/p>\n<p>                    \/<br \/>\n                        <a target=\"_blank\" href=\"https:\/\/reporterre.net\/Animaux\" rel=\"tag\">Animaux<\/a><br \/>\n                    ,<br \/>\n                        <a target=\"_blank\" href=\"https:\/\/reporterre.net\/Nature\" rel=\"tag\">Nature<\/a><br \/>\n<br \/><br \/>\n<br \/><a href=\"https:\/\/reporterre.net\/Creer-des-mares-en-pleine-ville-une-jolie-maniere-de-lutter-contre-les-moustiques\" target=\"_blank\"\">Source link <\/a><\/p>\n","protected":false},"excerpt":{"rendered":"<p>Et si on comptait sur la voracit\u00e9 des libellules contre les larves des moustiques\u00a0? Une commune de la c\u00f4te basque a accept\u00e9 la proposition d&rsquo;une association\u00a0: cr\u00e9er des mares, refuges&hellip; <\/p>\n","protected":false},"author":1,"featured_media":0,"comment_status":"open","ping_status":"open","sticky":false,"template":"","format":"standard","meta":{"footnotes":""},"categories":[1],"tags":[],"class_list":["post-26969","post","type-post","status-publish","format-standard","hentry","category-non-classe"],"_links":{"self":[{"href":"https:\/\/monde25.info\/index.php\/wp-json\/wp\/v2\/posts\/26969","targetHints":{"allow":["GET"]}}],"collection":[{"href":"https:\/\/monde25.info\/index.php\/wp-json\/wp\/v2\/posts"}],"about":[{"href":"https:\/\/monde25.info\/index.php\/wp-json\/wp\/v2\/types\/post"}],"author":[{"embeddable":true,"href":"https:\/\/monde25.info\/index.php\/wp-json\/wp\/v2\/users\/1"}],"replies":[{"embeddable":true,"href":"https:\/\/monde25.info\/index.php\/wp-json\/wp\/v2\/comments?post=26969"}],"version-history":[{"count":0,"href":"https:\/\/monde25.info\/index.php\/wp-json\/wp\/v2\/posts\/26969\/revisions"}],"wp:attachment":[{"href":"https:\/\/monde25.info\/index.php\/wp-json\/wp\/v2\/media?parent=26969"}],"wp:term":[{"taxonomy":"category","embeddable":true,"href":"https:\/\/monde25.info\/index.php\/wp-json\/wp\/v2\/categories?post=26969"},{"taxonomy":"post_tag","embeddable":true,"href":"https:\/\/monde25.info\/index.php\/wp-json\/wp\/v2\/tags?post=26969"}],"curies":[{"name":"wp","href":"https:\/\/api.w.org\/{rel}","templated":true}]}}