{"id":26970,"date":"2026-04-25T07:57:43","date_gmt":"2026-04-25T05:57:43","guid":{"rendered":"https:\/\/monde25.info\/index.php\/2026\/04\/25\/les-10-infos-de-la-semaine-14\/"},"modified":"2026-04-25T07:57:43","modified_gmt":"2026-04-25T05:57:43","slug":"les-10-infos-de-la-semaine-14","status":"publish","type":"post","link":"https:\/\/monde25.info\/index.php\/2026\/04\/25\/les-10-infos-de-la-semaine-14\/","title":{"rendered":"les 10 infos de la semaine"},"content":{"rendered":"<p> <br \/>\n<\/p>\n<div>\n<p>Vous n\u2019avez pas eu le temps de suivre l\u2019actu ? Voici 10 infos \u00e0 ne surtout pas manquer cette semaine.<\/p>\n<h2><strong data-start=\"28\" data-end=\"86\">1. France : la loi Yadan retir\u00e9e mais relanc\u00e9e en juin<\/strong><\/h2>\n<p>La proposition de loi port\u00e9e par <span class=\"hover:entity-accent entity-underline inline cursor-pointer align-baseline\"><span class=\"whitespace-normal\">Caroline Yadan<\/span><\/span> a \u00e9t\u00e9 retir\u00e9e par la majorit\u00e9, qui accuse <span class=\"hover:entity-accent entity-underline inline cursor-pointer align-baseline\"><span class=\"whitespace-normal\">La France insoumise<\/span><\/span> d\u2019avoir bloqu\u00e9 son examen. <strong>Le gouvernement pr\u00e9voit toutefois de reprendre un texte similaire d\u00e8s juin.<\/strong> Tr\u00e8s contest\u00e9e, la loi a suscit\u00e9 une forte mobilisation et des critiques sur les risques pour la libert\u00e9 d\u2019expression. <em data-start=\"462\" data-end=\"474\" data-is-only-node=\"\">(<a target=\"_blank\" href=\"https:\/\/www.lemonde.fr\/politique\/article\/2026\/04\/16\/loi-yadan-les-deputes-macronistes-retirent-le-texte-et-annoncent-qu-un-projet-de-loi-similaire-sera-presente-par-le-gouvernement-en-juin_6680540_823448.html\">Le Monde<\/a>)<\/em><\/p>\n<h2><strong data-start=\"57\" data-end=\"146\">2. France : la ministre de l\u2019\u00e9cologie d\u00e9tient des actions dans de grandes entreprises<\/strong><\/h2>\n<p>La ministre de la transition \u00e9cologique <strong><span class=\"hover:entity-accent entity-underline inline cursor-pointer align-baseline\"><span class=\"whitespace-normal\">Monique Barbut<\/span><\/span> poss\u00e8de plus de 150 000 euros d\u2019actions dans 27 grandes entreprises, dont <span class=\"hover:entity-accent entity-underline inline cursor-pointer align-baseline\"><span class=\"whitespace-normal\">Airbus<\/span><\/span>, <span class=\"hover:entity-accent entity-underline inline cursor-pointer align-baseline\"><span class=\"whitespace-normal\">BNP Paribas<\/span><\/span> ou encore <span class=\"hover:entity-accent entity-underline inline cursor-pointer align-baseline\"><span class=\"whitespace-normal\">LVMH<\/span><\/span>, selon sa d\u00e9claration \u00e0 la Haute autorit\u00e9 pour la transparence.<\/strong> Son entourage affirme qu\u2019il s\u2019agit d\u2019un portefeuille g\u00e9r\u00e9 par sa banque sans intervention directe. <em data-start=\"759\" data-end=\"767\" data-is-only-node=\"\">(<a target=\"_blank\" href=\"https:\/\/vert.eco\/articles\/airbus-bnp-sanofi-zara-monique-barbut-ministre-de-lecologie-est-actionnaire-de-dizaines-de-grandes-entreprises\">Vert<\/a>)<\/em><\/p>\n<h2><strong>3. France : aides sur le carburant pour faire passer un plan d\u2019aust\u00e9rit\u00e9<\/strong><\/h2>\n<p>Le gouvernement men\u00e9 par <strong>S\u00e9bastien Lecornu pr\u00e9voit environ 6 milliards d\u2019euros d\u2019\u00e9conomies face aux cons\u00e9quences \u00e9conomiques de la guerre au Moyen-Orient, avec des gels de d\u00e9penses et un effort demand\u00e9 \u00e0 la sph\u00e8re sociale.<\/strong> En parall\u00e8le, des aides cibl\u00e9es sur <a target=\"_blank\" href=\"https:\/\/mrmondialisation.org\/prix-carburants-solutions\/\">les prix du carburant<\/a> ont \u00e9t\u00e9 annonc\u00e9es pour att\u00e9nuer l\u2019impact sur les m\u00e9nages. <em>(<a target=\"_blank\" href=\"https:\/\/www.humanite.fr\/social-et-economie\/cgt\/prix-des-carburants-lecornu-annonce-des-aides-ciblees-pour-faire-oublier-son-nouveau-plan-dausterite-a-6-milliards-deuros\">L\u2019Humanit\u00e9<\/a>)<\/em><\/p>\n<h2><strong>4. Cisjordanie : des violences sexuelles utilis\u00e9es comme outil de d\u00e9placement<\/strong><\/h2>\n<p>Un rapport d\u2019ONG affirme que des <strong>soldats et colons isra\u00e9liens utilisent des violences sexuelles et humiliations pour pousser des Palestiniens \u00e0 quitter leurs terres, avec plusieurs cas document\u00e9s depuis 2023.<\/strong> Ces abus viseraient femmes, hommes et enfants et contribueraient directement aux d\u00e9placements forc\u00e9s.<em>(<a target=\"_blank\" href=\"https:\/\/www.commondreams.org\/news\/israel-sexual-violence-west-bank\">Common Dreams<\/a><\/em><em>)<\/em><\/p>\n<h2><strong>5. Soudan : le syst\u00e8me de sant\u00e9 d\u00e9vast\u00e9 par la guerre civile<\/strong><\/h2>\n<p>\u00c0 Khartoum, <strong>la guerre a d\u00e9truit une grande partie du syst\u00e8me de sant\u00e9, avec environ 75 % des h\u00f4pitaux endommag\u00e9s et des pertes estim\u00e9es \u00e0 12 milliards de dollars.<\/strong> L\u2019acc\u00e8s aux soins est fortement r\u00e9duit, contribuant \u00e0 des dizaines de milliers de morts li\u00e9s autant aux combats qu\u2019aux maladies et \u00e0 la faim, dans un pays o\u00f9 les infrastructures \u00e9taient d\u00e9j\u00e0 fragiles avant le conflit. <em>(<a target=\"_blank\" href=\"https:\/\/afriquexxi.info\/A-Khartoum-le-systeme-de-sante-est-a-terre\">Afrique XXI<\/a>)<\/em><\/p>\n<h2><strong>6. France : le d\u00e9pistage du cadmium bient\u00f4t rembours\u00e9\u2026 mais tr\u00e8s limit\u00e9<\/strong><\/h2>\n<p>Le test de d\u00e9pistage du <a target=\"_blank\" href=\"https:\/\/mrmondialisation.org\/le-cadmium-tueur-silencieux-dans-nos-assiettes\/\">cadmium<\/a> sera bient\u00f4t rembours\u00e9, mais uniquement pour les personnes les plus expos\u00e9es, notamment les travailleurs concern\u00e9s ou les riverains de sites pollu\u00e9s. Cette mesure reste jug\u00e9e insuffisante, faute de d\u00e9pistage g\u00e9n\u00e9ralis\u00e9 et d\u2019actions fortes pour r\u00e9duire sa pr\u00e9sence, <strong>notamment dans les engrais.<\/strong> <em>(<a target=\"_blank\" href=\"https:\/\/www.quechoisir.org\/actualite-cadmium-le-depistage-bientot-rembourse-mais-pas-pour-tous-n175954\/\">Que Choisir<\/a>)<\/em><\/p>\n<h2><strong>7. France : des d\u00e9chets radioactifs sous-estim\u00e9s autour d\u2019une ancienne mine d\u2019uranium<\/strong><\/h2>\n<p>Dans le massif des Bois Noirs, dans le Massif Central, <strong>des millions de tonnes de d\u00e9chets issus d\u2019anciennes activit\u00e9s mini\u00e8res continuent de poser probl\u00e8me,<\/strong> avec des niveaux de radioactivit\u00e9 parfois sup\u00e9rieurs aux seuils r\u00e9glementaires selon des mesures ind\u00e9pendantes. <strong>Des associations d\u00e9noncent une sous-\u00e9valuation des risques par l\u2019industriel Orano et alertent sur les dangers persistants pour l\u2019environnement et la sant\u00e9.<\/strong> <em>(<a target=\"_blank\" href=\"https:\/\/www.lemediatv.fr\/articles\/2026\/dechets-radioactifs-dans-le-massif-central-autour-de-lancienne-mine-duranium-des-bois-noirs-un-risque-inacceptable-MAXMjp3FQoG20qxSmmXCOA\">Le M\u00e9dia<\/a>)<\/em><\/p>\n<h2><strong>8. Antarctique : le krill menac\u00e9 par l\u2019industrie des compl\u00e9ments alimentaires<\/strong><\/h2>\n<p>La p\u00eache industrielle du krill,<strong> utilis\u00e9 notamment pour produire des compl\u00e9ments alimentaires riches en om\u00e9ga-3, s\u2019intensifie en Antarctique malgr\u00e9 son r\u00f4le essentiel dans l\u2019\u00e9cosyst\u00e8me marin et la r\u00e9gulation du climat.<\/strong> Des ONG alertent sur une pression croissante, aggrav\u00e9e par l\u2019opposition de pays comme la Norv\u00e8ge, la Chine ou la Russie \u00e0 la cr\u00e9ation d\u2019aires prot\u00e9g\u00e9es. <em>(<a target=\"_blank\" href=\"https:\/\/lareleveetlapeste.fr\/lantarctique-est-pille-et-le-krill-sacrifie-pour-les-pilules-anti-age\/\">La Rel\u00e8ve et la Peste<\/a>)<\/em><\/p>\n<h2><strong>9. Bolivie : le pr\u00e9sident Rodrigo Paz fragilis\u00e9 apr\u00e8s des \u00e9lections locales<\/strong><\/h2>\n<p>Six mois apr\u00e8s son arriv\u00e9e au pouvoir, <strong>Rodrigo Paz subit un revers lors des \u00e9lections r\u00e9gionales, son mouvement ne remportant que deux r\u00e9gions sur neuf.<\/strong> Ce r\u00e9sultat, dans un contexte de tensions politiques et sociales, affaiblit son ancrage local et souligne les difficult\u00e9s \u00e0 imposer ses r\u00e9formes. <em>(<a target=\"_blank\" href=\"https:\/\/www.courrierinternational.com\/article\/politique-apres-six-mois-au-pouvoir-en-bolivie-le-president-rodrigo-paz-essuie-deja-un-revers-electoral_243155\">Courrier international<\/a>)<\/em><\/p>\n<h2><strong>10. France : l\u2019ONU critique le mod\u00e8le fran\u00e7ais du handicap<\/strong><\/h2>\n<p><strong>L\u2019Organisation des Nations unies d\u00e9nonce le recours massif aux institutions m\u00e9dico-sociales en France, jug\u00e9es s\u00e9gr\u00e9gatives et contraires aux droits des personnes handicap\u00e9es.<\/strong> Malgr\u00e9 ces critiques, la d\u00e9sinstitutionnalisation reste peu engag\u00e9e, frein\u00e9e notamment par un syst\u00e8me historique et des enjeux \u00e9conomiques. <em>(<a target=\"_blank\" href=\"https:\/\/www.politis.fr\/articles\/2026\/04\/handicap-institutionnalisation-la-france-a-rebours-du-droit-international\/\">Politis<\/a>)<\/em><\/p>\n<div class=\"td-a-rec td-a-rec-id-content_inline  tdi_1 td_block_template_1\">\n<center><a target=\"_blank\" href=\"https:\/\/fr.tipeee.com\/mr-mondialisation\" class=\"tipeee-project-small\">Je m&rsquo;abonne \u00e0 Mr Mondialisation<\/a>&#13;<br \/>\n<\/center>&amp;nbsp<\/div>\n<p>* visuel de couverture : <a target=\"_blank\" href=\"https:\/\/unsplash.com\/fr\/photos\/un-homme-pompant-de-lessence-dans-sa-voiture-dans-une-station-service-f4UbPVbJcjw\">Unsplash<\/a><\/p>\n<p style=\"text-align: right;\"><em>\u2013 Mauricette Baelen<\/em><\/p>\n<div class=\"td-a-rec td-a-rec-id-content_bottom  tdi_2 td_block_template_1\">\n<span class=\"td-adspot-title\">&#8211; Cet article gratuit, ind\u00e9pendant et sans IA existe gr\u00e2ce aux abonn\u00e9s &#8211;<\/span><\/p>\n<div class=\"td-all-devices\">\n    <a target=\"_blank\" href=\"https:\/\/mrmondialisation.org\/donation\/\" title=\"Faire_un_don\"><img decoding=\"async\" class=\"donationArticle\" src=\"https:\/\/mrmondialisation.org\/wp-content\/uploads\/2022\/12\/220405-flikalicious-final.jpg\" alt=\"Donation\"\/><\/a>\n<\/div>\n<\/div><\/div>\n<p><br \/>\n<br \/><a href=\"https:\/\/mrmondialisation.org\/yadan-austerite-et-soudan-les-10-infos-de-la-semaine\/\" target=\"_blank\"\">Source link <\/a><\/p>\n","protected":false},"excerpt":{"rendered":"<p>Vous n\u2019avez pas eu le temps de suivre l\u2019actu ? Voici 10 infos \u00e0 ne surtout pas manquer cette semaine. 1. France : la loi Yadan retir\u00e9e mais relanc\u00e9e en&hellip; <\/p>\n","protected":false},"author":1,"featured_media":26971,"comment_status":"open","ping_status":"open","sticky":false,"template":"","format":"standard","meta":{"footnotes":""},"categories":[1],"tags":[],"class_list":["post-26970","post","type-post","status-publish","format-standard","has-post-thumbnail","hentry","category-non-classe"],"_links":{"self":[{"href":"https:\/\/monde25.info\/index.php\/wp-json\/wp\/v2\/posts\/26970","targetHints":{"allow":["GET"]}}],"collection":[{"href":"https:\/\/monde25.info\/index.php\/wp-json\/wp\/v2\/posts"}],"about":[{"href":"https:\/\/monde25.info\/index.php\/wp-json\/wp\/v2\/types\/post"}],"author":[{"embeddable":true,"href":"https:\/\/monde25.info\/index.php\/wp-json\/wp\/v2\/users\/1"}],"replies":[{"embeddable":true,"href":"https:\/\/monde25.info\/index.php\/wp-json\/wp\/v2\/comments?post=26970"}],"version-history":[{"count":0,"href":"https:\/\/monde25.info\/index.php\/wp-json\/wp\/v2\/posts\/26970\/revisions"}],"wp:featuredmedia":[{"embeddable":true,"href":"https:\/\/monde25.info\/index.php\/wp-json\/wp\/v2\/media\/26971"}],"wp:attachment":[{"href":"https:\/\/monde25.info\/index.php\/wp-json\/wp\/v2\/media?parent=26970"}],"wp:term":[{"taxonomy":"category","embeddable":true,"href":"https:\/\/monde25.info\/index.php\/wp-json\/wp\/v2\/categories?post=26970"},{"taxonomy":"post_tag","embeddable":true,"href":"https:\/\/monde25.info\/index.php\/wp-json\/wp\/v2\/tags?post=26970"}],"curies":[{"name":"wp","href":"https:\/\/api.w.org\/{rel}","templated":true}]}}