{"id":27,"date":"2024-11-13T22:37:19","date_gmt":"2024-11-13T21:37:19","guid":{"rendered":"https:\/\/monde25.info\/index.php\/2024\/11\/13\/feminicide-itineraire-dun-mot-pour-dire-le-crime-par-laurene-daycard-le-monde-diplomatique-novembre-2024\/"},"modified":"2024-11-13T22:37:19","modified_gmt":"2024-11-13T21:37:19","slug":"feminicide-itineraire-dun-mot-pour-dire-le-crime-par-laurene-daycard-le-monde-diplomatique-novembre-2024","status":"publish","type":"post","link":"https:\/\/monde25.info\/index.php\/2024\/11\/13\/feminicide-itineraire-dun-mot-pour-dire-le-crime-par-laurene-daycard-le-monde-diplomatique-novembre-2024\/","title":{"rendered":"F\u00e9minicide, itin\u00e9raire d\u2019un mot pour dire le crime, par Laur\u00e8ne Daycard (Le Monde diplomatique, novembre 2024)"},"content":{"rendered":"<p> <br \/>\n<\/p>\n<div>\n<p class=\"crayon article-surtitre-67741 surtitre\">De Ciudad Ju\u00e1rez \u00e0 Vilnius, de manifestations en colloques, un combat international<\/p>\n<div class=\"crayon article-chapo-67741 chapo\">\n<p>En quelques ann\u00e9es, le mot \u00ab<small class=\"fine\">\u00a0<\/small>f\u00e9minicide<small class=\"fine\">\u00a0<\/small>\u00bb s\u2019est fray\u00e9 une place dans les articles de presse et les discours des responsables politiques fran\u00e7ais. Avant de s\u2019imposer dans le vocabulaire courant, il a effectu\u00e9 un long voyage militant des deux c\u00f4t\u00e9s de l\u2019Atlantique. Retrouver ses origines et ses escales permet de raconter l\u2019histoire d\u2019un succ\u00e8s politique comme le risque de son \u00e9dulcoration.<\/p>\n<\/div><\/div>\n<div couleurfade=\"e5e5e5\" couleurclaire=\"e5e5e5\" couleurpale=\"cccccc\" couleurmi=\"666666\" couleurfoncee=\"4c4c4c\" couleursombre=\"191919\" couleurfond=\"4c4c4c\" couleurtexte=\"ffffff\">\n<div class=\"enapercu\">\n<figure class=\"spip_document_33708 spip_documents spip_documents_center justecol\" style=\"width:650px;\">\n<div class=\"limage\">\n<p>\t\t\t<img loading=\"lazy\" decoding=\"async\" src=\"https:\/\/www.monde-diplomatique.fr\/\/local\/cache-vignettes\/L650xH856\/23-7-0d653.jpg?1730218722\" width=\"650\" height=\"856\" class=\"spip_logos\" alt=\"JPEG - 104.7\u00a0ko\"\/><\/p><\/div><figcaption>\n<p>Ruth Marten. \u2013 \u00ab<small class=\"fine\">\u00a0<\/small>#39<small class=\"fine\">\u00a0<\/small>\u00bb, de la s\u00e9rie \u00ab<small class=\"fine\">\u00a0<\/small>All About Eve<small class=\"fine\">\u00a0<\/small>\u00bb (Tout sur \u00c8ve), 2023<\/p>\n<\/figcaption><\/figure>\n<p><i><span class=\"mot-lettrine\"><span class=\"lettrine\"><span class=\"guillemet\">\u00ab<\/span>Q<\/span>uiproquo<\/span> de la passion<small class=\"fine\">\u00a0<\/small>\u00bb (Rock &amp; Folk, octobre\u00a02003). \u00ab<small class=\"fine\">\u00a0<\/small>Ils s\u2019aimaient \u00e0 la folie<small class=\"fine\">\u00a0<\/small>\u00bb (Paris Match, 31\u00a0juillet\u00a02003).<\/i> Se replonger, deux d\u00e9cennies plus tard, dans les articles consacr\u00e9s au meurtre de Marie Trintignant par Bertrand Cantat donne la mesure des \u00e9volutions du traitement m\u00e9diatique des violences masculines faites aux femmes. D\u00e9c\u00e9d\u00e9e d\u2019un \u0153d\u00e8me c\u00e9r\u00e9bral le 1er\u00a0ao\u00fbt\u00a02003, la com\u00e9dienne avait \u00e9t\u00e9 battue \u00e0 mort par le musicien, son compagnon depuis un an environ. La plupart des journalistes avaient ignor\u00e9 l\u2019historique des violences perp\u00e9tr\u00e9es par le criminel. En revanche, la vie amoureuse de la d\u00e9funte avait \u00e9t\u00e9 pass\u00e9e au crible, comme autant de preuves \u00e0 charge. Une g\u00e9n\u00e9ration plus tard, \u00e0 l\u2019\u00e9t\u00e9\u00a02023, cette affaire a fait l\u2019objet d\u2019une importante comm\u00e9moration, jusqu\u2019\u00e0 prendre la forme d\u2019un mea culpa m\u00e9diatique. <i>\u00ab<small class=\"fine\">\u00a0<\/small>\u00c0 l\u2019\u00e9poque, les termes de \u201cjalousie\u201d et de \u201ccrimes passionnels\u201d sont \u00e9voqu\u00e9s, comme pour justifier le drame<small class=\"fine\">\u00a0<\/small>\u00bb,<\/i> reconna\u00eet-on au journal t\u00e9l\u00e9vis\u00e9 de France\u00a02, le 31\u00a0juillet\u00a02023. Et dans <i>Ouest-France (1er\u00a0ao\u00fbt 2023)<\/i>\u00a0: <i>\u00ab<small class=\"fine\">\u00a0<\/small>Un f\u00e9minicide qui ne disait encore pas son nom.<small class=\"fine\">\u00a0<\/small>\u00bb<\/i><\/p>\n<p>Avant de s\u2019imposer dans l\u2019espace m\u00e9diatique, le mot a fait un long voyage, et quelques d\u00e9tours, dans le temps et l\u2019espace. L\u2019historienne Lydie Bodiou et son coll\u00e8gue Fr\u00e9d\u00e9ric Chauvaud en ont retrouv\u00e9 une premi\u00e8re trace dans la langue fran\u00e7aise au XVIIe si\u00e8cle, au c\u0153ur de la pi\u00e8ce <i>Les Trois Dorot\u00e9es, ou Le Jodelet soufflet\u00e9,<\/i> du dramaturge Paul Scarron. <i>\u00ab<small class=\"fine\">\u00a0<\/small>L\u00e0 vos yeux travaillant \u00e0 faire femmicide<small class=\"fine\">\u00a0<\/small>\u00bb,<\/i> r\u00e9plique un personnage pour d\u00e9crire l\u2019attitude d\u2019un homme pr\u00eat \u00e0 brutaliser son \u00e9pouse. <i>\u00ab<small class=\"fine\">\u00a0<\/small>Pour que les spectateurs comprennent, le mot devait \u00eatre en usage<small class=\"fine\">\u00a0<\/small>\u00bb,<\/i> estiment ces chercheurs de l\u2019universit\u00e9 de Poitiers.<\/p>\n<p>Au tournant du XXe si\u00e8cle, il surgit sous la plume d\u2019Hubertine Auclert. Cette pionni\u00e8re de la lutte pour le droit de vote des femmes s\u2019est d\u00e9j\u00e0 r\u00e9appropri\u00e9 le mot \u00ab<small class=\"fine\">\u00a0<\/small>f\u00e9ministe<small class=\"fine\">\u00a0<\/small>\u00bb, qui a longtemps \u00e9t\u00e9 une insulte misogyne, appr\u00e9ci\u00e9e par Alexandre Dumas fils.<\/p>\n<p>Ce qui se sait moins c\u2019est\u00a0(&#8230;)<\/p>\n<\/p><\/div>\n<p>Taille de l\u2019article complet\u00a0:\u00a0<span>3\u00a0661<\/span>\u00a0mots.<\/p>\n<div class=\"promo_dispo_article\">\n<h2 class=\"avantbloc\">\n\tCet article est r\u00e9serv\u00e9 aux\u00a0abonn\u00e9s<\/p>\n<\/h2>\n<div class=\"abo_inst\">\n\t<strong>Lyc\u00e9es, biblioth\u00e8ques, administrations, entreprises,<\/strong><br \/>\n\tacc\u00e9dez \u00e0 la base de donn\u00e9es en ligne de tous les articles du <i>Monde diplomatique<\/i> de 1954 \u00e0 nos\u00a0jours.<br \/>\n\t<a target=\"_blank\" id=\"pw-institutions\" class=\"suivi\" href=\"https:\/\/www.monde-diplomatique.fr\/archives\/institutions\">Retrouvez cette\u00a0offre sp\u00e9cifique<\/a>.\n<\/div>\n<\/div><\/div>\n<div>\n<p class=\"nom\">Laur\u00e8ne Daycard<\/p>\n<p>\n\t\t\t\t\tJournaliste, auteure de <i>Nos absentes. \u00c0 l\u2019origine des f\u00e9minicides,<\/i> Points, Paris, 2024.<\/p>\n<\/p><\/div>\n<p><br \/>\n<br \/><a href=\"https:\/\/www.monde-diplomatique.fr\/2024\/11\/DAYCARD\/67741\" target=\"_blank\"\">Source link <\/a><\/p>\n","protected":false},"excerpt":{"rendered":"<p>De Ciudad Ju\u00e1rez \u00e0 Vilnius, de manifestations en colloques, un combat international En quelques ann\u00e9es, le mot \u00ab\u00a0f\u00e9minicide\u00a0\u00bb s\u2019est fray\u00e9 une place dans les articles de presse et les discours&hellip; <\/p>\n","protected":false},"author":1,"featured_media":28,"comment_status":"open","ping_status":"open","sticky":false,"template":"","format":"standard","meta":{"footnotes":""},"categories":[1],"tags":[],"class_list":["post-27","post","type-post","status-publish","format-standard","has-post-thumbnail","hentry","category-non-classe"],"_links":{"self":[{"href":"https:\/\/monde25.info\/index.php\/wp-json\/wp\/v2\/posts\/27","targetHints":{"allow":["GET"]}}],"collection":[{"href":"https:\/\/monde25.info\/index.php\/wp-json\/wp\/v2\/posts"}],"about":[{"href":"https:\/\/monde25.info\/index.php\/wp-json\/wp\/v2\/types\/post"}],"author":[{"embeddable":true,"href":"https:\/\/monde25.info\/index.php\/wp-json\/wp\/v2\/users\/1"}],"replies":[{"embeddable":true,"href":"https:\/\/monde25.info\/index.php\/wp-json\/wp\/v2\/comments?post=27"}],"version-history":[{"count":0,"href":"https:\/\/monde25.info\/index.php\/wp-json\/wp\/v2\/posts\/27\/revisions"}],"wp:featuredmedia":[{"embeddable":true,"href":"https:\/\/monde25.info\/index.php\/wp-json\/wp\/v2\/media\/28"}],"wp:attachment":[{"href":"https:\/\/monde25.info\/index.php\/wp-json\/wp\/v2\/media?parent=27"}],"wp:term":[{"taxonomy":"category","embeddable":true,"href":"https:\/\/monde25.info\/index.php\/wp-json\/wp\/v2\/categories?post=27"},{"taxonomy":"post_tag","embeddable":true,"href":"https:\/\/monde25.info\/index.php\/wp-json\/wp\/v2\/tags?post=27"}],"curies":[{"name":"wp","href":"https:\/\/api.w.org\/{rel}","templated":true}]}}