{"id":27006,"date":"2026-04-26T04:18:39","date_gmt":"2026-04-26T02:18:39","guid":{"rendered":"https:\/\/monde25.info\/index.php\/2026\/04\/26\/les-etats-unis-reflechiraient-a-suspendre-lespagne-de-lotan-pedro-sanchez-pas-inquiet\/"},"modified":"2026-04-26T04:18:39","modified_gmt":"2026-04-26T02:18:39","slug":"les-etats-unis-reflechiraient-a-suspendre-lespagne-de-lotan-pedro-sanchez-pas-inquiet","status":"publish","type":"post","link":"https:\/\/monde25.info\/index.php\/2026\/04\/26\/les-etats-unis-reflechiraient-a-suspendre-lespagne-de-lotan-pedro-sanchez-pas-inquiet\/","title":{"rendered":"Les Etats-Unis r\u00e9fl\u00e9chiraient \u00e0 suspendre l&rsquo;Espagne de l&rsquo;Otan? Pedro S\u00e1nchez \u00ab\u00a0pas inquiet\u00a0\u00bb"},"content":{"rendered":"<p> <br \/>\n<\/p>\n<div>\n<p>Le Premier ministre espagnol, Pedro S\u00e1nchez a affirm\u00e9 vendredi ne pas avoir d'\u00a0\u00bbinqui\u00e9tude\u00a0\u00bb apr\u00e8s la publication d&rsquo;informations de presse \u00e9voquant des r\u00e9flexions en cours aux \u00c9tats-Unis pour \u00e9ventuellement suspendre l&rsquo;Espagne de l&rsquo;Otan en repr\u00e9sailles \u00e0 son opposition \u00e0 la guerre contre l&rsquo;Iran<\/p>\n<p>\u00ab\u00a0L&rsquo;Espagne est un partenaire fiable au sein de l&rsquo;Otan et nous remplissons nos obligations envers l&rsquo;Alliance\u00a0\u00bb, s&rsquo;est-il d\u00e9fendu en anglais face \u00e0 la presse, en ouverture d&rsquo;un sommet des dirigeants de l&rsquo;UE \u00e0 Chypre, avant d&rsquo;ajouter : \u00ab\u00a0Donc, pas d&rsquo;inqui\u00e9tude\u00a0\u00bb.<\/p>\n<p>\u00ab\u00a0Nous ne travaillons pas sur la base d&rsquo;e-mails (qui mentionneraient selon la presse une telle r\u00e9flexion \u00e0 Washington, ndlr), nous travaillons sur la base de documents officiels et de prises de position que le gouvernement des \u00c9tats-Unis formule\u00a0\u00bb, a-t-il aussi affirm\u00e9 par ailleurs en espagnol.<\/p>\n<p>\u00ab\u00a0La position du gouvernement espagnol est claire : une coop\u00e9ration absolue avec nos alli\u00e9s, mais toujours dans le cadre de la l\u00e9galit\u00e9 internationale\u00a0\u00bb, a-t-il poursuivi en espagnol.<\/p>\n<p>Le gouvernement espagnol de Pedro S\u00e1nchez s&rsquo;est oppos\u00e9 \u00e0 la guerre men\u00e9e par les \u00c9tats-Unis et Isra\u00ebl contre l&rsquo;Iran depuis fin f\u00e9vrier.<\/p>\n<p>Cette position ferme a fortement irrit\u00e9 le pr\u00e9sident am\u00e9ricain, Donald Trump, qui a reproch\u00e9 \u00e0 Madrid d&rsquo;avoir refus\u00e9 de laisser les \u00c9tats-Unis utiliser des bases militaires situ\u00e9es en Andalousie pour mener des attaques a\u00e9riennes, allant jusqu&rsquo;\u00e0 menacer de \u00ab\u00a0cesser tout commerce\u00a0\u00bb entre les deux pays.<\/p>\n<p>Depuis plusieurs mois, Donald Trump reproche \u00e9galement \u00e0 l&rsquo;Espagne de ne pas avoir augment\u00e9 \u00e0 5 % du PIB ses d\u00e9penses militaires, comme le veut le nouvel objectif de l&rsquo;Otan pouss\u00e9 par Washington.<\/p>\n<\/div>\n<p><script>(function(d, s, id) {  var js, fjs = d.getElementsByTagName(s)[0];  if (d.getElementById(id)) return;  js = d.createElement(s); js.id = id;  js.src = \"\/\/connect.facebook.net\/fr_FR\/sdk.js#xfbml=1&version=v2.3\";  fjs.parentNode.insertBefore(js, fjs);}(document, \"script\", \"facebook-jssdk\"));<\/script><br \/>\n<br \/><br \/>\n<br \/><a href=\"https:\/\/www.francesoir.fr\/politique-monde\/les-etats-unis-reflechiraient-suspendre-l-espagne-de-l-otan-pedro-sanchez-pas\" target=\"_blank\"\">Source link <\/a><\/p>\n","protected":false},"excerpt":{"rendered":"<p>Le Premier ministre espagnol, Pedro S\u00e1nchez a affirm\u00e9 vendredi ne pas avoir d&rsquo;\u00a0\u00bbinqui\u00e9tude\u00a0\u00bb apr\u00e8s la publication d&rsquo;informations de presse \u00e9voquant des r\u00e9flexions en cours aux \u00c9tats-Unis pour \u00e9ventuellement suspendre l&rsquo;Espagne&hellip; <\/p>\n","protected":false},"author":1,"featured_media":27007,"comment_status":"open","ping_status":"open","sticky":false,"template":"","format":"standard","meta":{"footnotes":""},"categories":[1],"tags":[],"class_list":["post-27006","post","type-post","status-publish","format-standard","has-post-thumbnail","hentry","category-non-classe"],"_links":{"self":[{"href":"https:\/\/monde25.info\/index.php\/wp-json\/wp\/v2\/posts\/27006","targetHints":{"allow":["GET"]}}],"collection":[{"href":"https:\/\/monde25.info\/index.php\/wp-json\/wp\/v2\/posts"}],"about":[{"href":"https:\/\/monde25.info\/index.php\/wp-json\/wp\/v2\/types\/post"}],"author":[{"embeddable":true,"href":"https:\/\/monde25.info\/index.php\/wp-json\/wp\/v2\/users\/1"}],"replies":[{"embeddable":true,"href":"https:\/\/monde25.info\/index.php\/wp-json\/wp\/v2\/comments?post=27006"}],"version-history":[{"count":0,"href":"https:\/\/monde25.info\/index.php\/wp-json\/wp\/v2\/posts\/27006\/revisions"}],"wp:featuredmedia":[{"embeddable":true,"href":"https:\/\/monde25.info\/index.php\/wp-json\/wp\/v2\/media\/27007"}],"wp:attachment":[{"href":"https:\/\/monde25.info\/index.php\/wp-json\/wp\/v2\/media?parent=27006"}],"wp:term":[{"taxonomy":"category","embeddable":true,"href":"https:\/\/monde25.info\/index.php\/wp-json\/wp\/v2\/categories?post=27006"},{"taxonomy":"post_tag","embeddable":true,"href":"https:\/\/monde25.info\/index.php\/wp-json\/wp\/v2\/tags?post=27006"}],"curies":[{"name":"wp","href":"https:\/\/api.w.org\/{rel}","templated":true}]}}