{"id":27012,"date":"2026-04-26T05:57:37","date_gmt":"2026-04-26T03:57:37","guid":{"rendered":"https:\/\/monde25.info\/index.php\/2026\/04\/26\/reponse-a-mes-detracteurs\/"},"modified":"2026-04-26T05:57:37","modified_gmt":"2026-04-26T03:57:37","slug":"reponse-a-mes-detracteurs","status":"publish","type":"post","link":"https:\/\/monde25.info\/index.php\/2026\/04\/26\/reponse-a-mes-detracteurs\/","title":{"rendered":"R\u00e9ponse \u00e0 mes d\u00e9tracteurs"},"content":{"rendered":"<p> <br \/>\n<\/p>\n<div id=\"\">\n<p><i>Le Monde diplomatique<br class=\"autobr\"\/><br \/>\nMardi 31 mars 2026<\/i><\/p>\n<p>Le 23 mars 2026, la rapporteuse sp\u00e9ciale de l\u2019ONU Francesca Albanese a publi\u00e9 un nouveau rapport \u2014 \u00ab\u00a0Torture and genocide\u00a0\u00bb \u2014 qui \u00e9taye la qualification de g\u00e9nocide dans les territoires palestiniens occup\u00e9s par Isra\u00ebl. Elle y \u00e9tablit un encha\u00eenement pr\u00e9cis\u00a0: depuis le 7 octobre 2023, la torture est utilis\u00e9e de mani\u00e8re syst\u00e9matique \u2014 dans les prisons, y compris contre des mineurs \u2014 puis s\u2019\u00e9tend hors des lieux de d\u00e9tention. \u00c0 cela s\u2019ajoutent les bombardements, les d\u00e9placements forc\u00e9s et la destruction des conditions de vie. Il ne s\u2019agit pas d\u2019une d\u00e9rive mais d\u2019une logique\u00a0: la contrainte s\u2019exerce sur les corps comme sur les conditions d\u2019existence, jusqu\u2019au seuil du g\u00e9nocide. Le rapport a \u00e9t\u00e9 rejet\u00e9 par les autorit\u00e9s isra\u00e9liennes et contest\u00e9 par plusieurs gouvernements occidentaux. En France, en f\u00e9vrier 2026, le ministre des affaires \u00e9trang\u00e8res Jean-No\u00ebl Barrot avait appel\u00e9 \u00e0 la d\u00e9mission de Mme\u00a0Albanese en s\u2019appuyant sur des propos d\u00e9form\u00e9s. Dans nos colonnes, elle a analys\u00e9 ces attaques, violentes, comme un moyen d\u2019\u00e9luder le contenu de ses travaux.<\/p>\n<p>Anatomie d\u2019une diffamation<\/p>\n<p><strong>R\u00e9ponse \u00e0 mes d\u00e9tracteurs<\/strong><\/p>\n<p>par Francesca Albanese\u00a0<br class=\"autobr\"\/><br \/>\n\u00a0<\/p>\n<p>Depuis plus de deux ans, mon mandat fait l\u2019objet de pol\u00e9miques soigneusement orchestr\u00e9es, et d\u2019une virulence croissante. Le 8\u00a0f\u00e9vrier, une d\u00e9put\u00e9e fran\u00e7aise a attaqu\u00e9 ma personne sur la base de d\u00e9clarations tronqu\u00e9es me faisant dire qu\u2019Isra\u00ebl \u00ab\u00a0est l\u2019ennemi commun de l\u2019humanit\u00e9\u00a0\u00bb, alors que mon discours visait les pays qui ont arm\u00e9 Isra\u00ebl, ainsi que les m\u00e9dias et les algorithmes des r\u00e9seaux sociaux qui ont amplifi\u00e9 le discours g\u00e9nocidaire\u00a0(1).<\/p>\n<p>Sans prendre soin de v\u00e9rifier la teneur exacte de mes dires ni examiner les faits, le ministre des affaires \u00e9trang\u00e8res fran\u00e7ais Jean-No\u00ebl Barrot s\u2019est aussit\u00f4t fait l\u2019\u00e9cho de ces attaques \u00e0 l\u2019\u00e9chelle internationale, condamnant comme \u00ab\u00a0outranciers et coupables\u00a0\u00bb des propos que je n\u2019ai jamais tenus et annon\u00e7ant que la France saisirait le Conseil des droits de l\u2019homme des Nations unies pour appeler \u00e0 ma d\u00e9mission. <br class=\"autobr\"\/><br \/>\nSes homologues italien, allemand et tch\u00e8que lui ont embo\u00eet\u00e9 le pas, sans davantage proc\u00e9der aux v\u00e9rifications \u00e9l\u00e9mentaires qu\u2019exige leur charge. Le 19\u00a0f\u00e9vrier, le premier ministre fran\u00e7ais S\u00e9bastien Lecornu a publiquement repris la m\u00eame demande.<\/p>\n<p>Si la critique est inh\u00e9rente \u00e0 toute fonction publique, plus encore quand elle touche aux droits humains, cette affaire r\u00e9v\u00e8le un aspect troublant\u00a0: l\u2019acharnement avec lequel certains \u00c9tats pr\u00e9f\u00e8rent s\u2019en prendre \u00e0 la messag\u00e8re plut\u00f4t que d\u2019essayer de r\u00e9futer le message.<\/p>\n<p>Le caract\u00e8re in\u00e9dit et corrosif de cette attaque contre une experte ind\u00e9pendante d\u00e9sign\u00e9e par les Nations unies ne tient pas seulement \u00e0 la violence des accusations et \u00e0 la fabrication d\u00e9lib\u00e9r\u00e9e de mensonges. Mais aussi et surtout au fait que le sommet de l\u2019\u00c9tat dirige et assume la man\u0153uvre. Il ne s\u2019agit plus d\u00e8s lors d\u2019une controverse, mais du sympt\u00f4me de la faillite d\u2019un syst\u00e8me, fait de promesses solennelles et de trait\u00e9s internationaux que l\u2019on invoque en temps de paix, mais que l\u2019on enterre d\u00e8s que leur application d\u00e9range.<\/p>\n<p>Nomm\u00e9e par le Conseil des droits de l\u2019homme de l\u2019Organisation des Nations unies (ONU), je suis rapporteuse sp\u00e9ciale depuis le 1er\u00a0mai\u00a02022, et jusqu\u2019en 2028. Huiti\u00e8me titulaire de ce mandat \u2014 et premi\u00e8re femme \u00e0 ce poste\u00a0\u2014, j\u2019ai assum\u00e9 cet engagement b\u00e9n\u00e9vole apr\u00e8s une carri\u00e8re consacr\u00e9e \u00e0 la d\u00e9fense des droits humains, principalement aupr\u00e8s des Nations unies \u2014 notamment au Haut-Commissariat aux droits de l\u2019homme et \u00e0 l\u2019Office de secours et de travaux des Nations unies pour les r\u00e9fugi\u00e9s de Palestine dans le Proche-Orient (Unrwa) \u00e0 J\u00e9rusalem\u00a0\u2014, et \u00e0 la recherche universitaire sur la Palestine.<\/p>\n<p>L\u2019attention port\u00e9e \u00e0 Isra\u00ebl ne rel\u00e8ve ni d\u2019un choix personnel ni d\u2019un parti pris\u00a0: elle d\u00e9coule de la r\u00e9solution 1993\/2A du Conseil des droits de l\u2019homme, adopt\u00e9e le 19\u00a0f\u00e9vrier\u00a01993 en r\u00e9ponse \u00e0 pr\u00e8s de trente ans d\u2019occupation de Gaza, de la Cisjordanie et de J\u00e9rusalem-Est.<\/p>\n<p>M\u2019accuser de \u00ab\u00a0manquer de neutralit\u00e9\u00a0\u00bb revient \u00e0 d\u00e9former sciemment ce mandat. Aucun des quatorze autres rapporteurs des Nations unies investis d\u2019un mandat-pays ne fait l\u2019objet de telles attaques\u00a0; nul n\u2019accuse les titulaires charg\u00e9s de l\u2019Afghanistan, de la Russie ou de l\u2019Iran d\u2019\u00ab\u00a0obsession\u00a0\u00bb dans l\u2019exercice de leur mission. Mais, d\u00e8s lors qu\u2019Isra\u00ebl est concern\u00e9, l\u2019accomplissement ordinaire d\u2019un mandat devient aux yeux de certains, au sein m\u00eame des gouvernements, une faute \u00e0 justifier plut\u00f4t qu\u2019un devoir \u00e0 remplir.<\/p>\n<p>Mon travail consiste \u00e0 \u00e9tablir et qualifier juridiquement des faits dans les territoires occup\u00e9s, o\u00f9 r\u00e8gne un dualisme juridique institutionnalis\u00e9\u00a0: le droit civil s\u2019applique aux colons isra\u00e9liens et le droit militaire aux Palestiniens, y compris aux enfants.<\/p>\n<p>En effet, Isra\u00ebl est le seul pays au monde o\u00f9 des enfants sont syst\u00e9matiquement poursuivis devant des tribunaux militaires. D\u00e9crire ce syst\u00e8me comme un apartheid exerc\u00e9 contre les Palestiniens sous forme de dictature militaire rel\u00e8ve non pas de la provocation mais de la qualification juridique. Mes premiers rapports remis \u00e0 l\u2019ONU en 2022-2023 ont document\u00e9 l\u2019entrave syst\u00e9matique au droit \u00e0 l\u2019autod\u00e9termination du peuple palestinien, la privation arbitraire et syst\u00e9matique de libert\u00e9, et l\u2019impact structurel de l\u2019occupation sur l\u2019enfance\u00a0(2).<\/p>\n<p><strong>Un panoptique \u00e0 ciel ouvert<\/strong><\/p>\n<p>Droit de vivre libre en tant que peuple, de d\u00e9cider de sa voix politique, de g\u00e9rer ses ressources, de tracer son propre avenir, l\u2019autod\u00e9termination conditionne l\u2019exercice de tous les autres droits. Sa n\u00e9gation se trouve au c\u0153ur de tout projet colonial de peuplement. Depuis des d\u00e9cennies, la fragmentation territoriale, l\u2019expansion des colonies, les restrictions aux d\u00e9placements, au travail, \u00e0 l\u2019\u00e9ducation et \u00e0 l\u2019acc\u00e8s \u00e0 la justice, la confiscation des terres, la d\u00e9molition de dizaines de milliers de maisons, l\u2019enfermement de Gaza, et les pr\u00e8s de 6\u00a0000\u00a0morts, dont environ 1\u00a0200\u00a0enfants, caus\u00e9s par les attaques isra\u00e9liennes entre 2008 et 2022 ont rendu improbable toute perspective de vie libre et ind\u00e9pendante.<\/p>\n<p>Dans l\u2019ensemble du territoire palestinien occup\u00e9, Isra\u00ebl a instaur\u00e9 un r\u00e9gime carc\u00e9ral \u2014 \u00e0 l\u2019intensit\u00e9 et aux m\u00e9thodes variables \u2014 qui contraint toutes les dimensions de la vie quotidienne. Constamment surveill\u00e9s, entrav\u00e9s dans leurs d\u00e9placements par des points de contr\u00f4le, des murs et un maillage bureaucratique oppressant, perp\u00e9tuellement expos\u00e9s aux arrestations et \u00e0 la d\u00e9tention arbitraire, la torture et d\u2019autres traitements cruels, inhumains ou d\u00e9gradants, les Palestiniens vivent dans ce qui s\u2019apparente \u00e0 un panoptique\u00a0(3) \u00e0 ciel ouvert.<\/p>\n<p>Achev\u00e9 juste avant et pr\u00e9sent\u00e9 juste apr\u00e8s les attaques du 7\u00a0octobre\u00a02023, mon rapport sur l\u2019enfance est \u00e0 la fois le plus accablant et le moins comment\u00e9. Il \u00e9voque le processus de \u00ab\u00a0d\u00e9senfantisation\u00a0\u00bb (\u00ab\u00a0unchilding\u00a0\u00bb), un terme emprunt\u00e9 \u00e0 l\u2019universitaire isra\u00e9lo-palestinienne Nadera Shalhoub-Kevorkian\u00a0(4), pour d\u00e9crire le quotidien d\u2019enfants priv\u00e9s de protection et d\u2019innocence, grandissant dans la violence omnipr\u00e9sente\u00a0: tu\u00e9s, mutil\u00e9s, orphelins, t\u00e9moins de la mort ou de l\u2019humiliation perp\u00e9tuelle de leurs proches et de la destruction de leur foyer. Ignorer leur d\u00e9sespoir, c\u2019est renoncer \u00e0 une part de notre humanit\u00e9 et violer l\u2019obligation la plus sacr\u00e9e au monde et du droit international\u00a0: prot\u00e9ger l\u2019enfance.<\/p>\n<p>Mon rapport de mars\u00a02024 s\u2019inscrit dans cette m\u00eame approche\u00a0; il porte lui aussi sur les victimes d\u2019un syst\u00e8me structur\u00e9. Intitul\u00e9 \u00ab\u00a0Anatomie d\u2019un g\u00e9nocide\u00a0(5)\u00a0\u00bb, il documente les cinq premiers mois d\u2019attaques isra\u00e9liennes sur Gaza apr\u00e8s les massacres commis par le Hamas le 7\u00a0octobre\u00a02023\u00a0: meurtres, atteintes physiques et mentales graves, soumission \u00e0 des conditions de vie visant la destruction du groupe, sur fond de rh\u00e9torique d\u00e9shumanisante \u00e9manant de responsables \u00e9tatiques.<\/p>\n<p>Pendant cette p\u00e9riode, Isra\u00ebl a maquill\u00e9 son action d\u2019un \u00ab\u00a0camouflage humanitaire\u00a0\u00bb, libell\u00e9 dans un langage apaisant \u2014 \u00ab\u00a0conflit\u00a0\u00bb, \u00ab\u00a0dommages collat\u00e9raux\u00a0\u00bb, \u00ab\u00a0safe zones\u00a0\u00bb, \u00ab\u00a0ordres d\u2019\u00e9vacuation\u00a0\u00bb \u2014 pour justifier l\u2019effacement progressif de Gaza et de son identit\u00e9, la suppression de la capacit\u00e9 des Palestiniens \u00e0 exister comme communaut\u00e9, \u00e0 habiter leur terre, \u00e0 transmettre leur m\u00e9moire.<\/p>\n<p>Dans le rapport suivant, \u00ab\u00a0L\u2019effacement colonial par le g\u00e9nocide\u00a0(6)\u00a0\u00bb, j\u2019ai montr\u00e9 comment ce g\u00e9nocide s\u2019\u00e9tend en Cisjordanie et \u00e0 J\u00e9rusalem-Est par le biais d\u2019un nettoyage ethnique, l\u2019ensemble formant l\u2019aboutissement logique d\u2019une entreprise de colonisation de peuplement\u00a0: effacer pour remplacer, d\u00e9truire pour s\u2019approprier.<\/p>\n<p>Je ne suis pas la seule \u00e0 avoir abouti \u00e0 de telles conclusions. D\u00e8s janvier\u00a02024, la Cour internationale de justice (CIJ) a estim\u00e9 qu\u2019il existait un risque plausible de violation de la convention sur le g\u00e9nocide et ordonn\u00e9 des mesures conservatoires. En juillet\u00a02024, cette juridiction a \u00e9galement conclu \u00e0 l\u2019ill\u00e9galit\u00e9 de la pr\u00e9sence d\u2019Isra\u00ebl dans le territoire palestinien occup\u00e9 et demand\u00e9 qu\u2019elle cesse imm\u00e9diatement et sans condition. <br class=\"autobr\"\/><br \/>\nLa Cour a enfin constat\u00e9 l\u2019existence d\u2019une discrimination syst\u00e9mique, de violations de l\u2019interdiction de la s\u00e9gr\u00e9gation raciale et de l\u2019apartheid, ainsi que de politiques d\u2019annexion.<\/p>\n<p>On ne compte plus les institutions et organisations qui concluent qu\u2019Isra\u00ebl commet un g\u00e9nocide contre le peuple palestinien dans le peu de territoire qui reste de la Palestine.<\/p>\n<p>L\u2019historien isra\u00e9lien Raz Segal a sonn\u00e9 l\u2019alarme en octobre\u00a02023. En 2024, des historiens isra\u00e9liens sp\u00e9cialistes de la Shoah, comme Amos Goldberg et Omer Bartov, estimaient eux aussi que leur pays commettait un g\u00e9nocide\u00a0(7).<\/p>\n<p>Quelques mois plus tard, Amnesty International en arrivait \u00e0 la m\u00eame conclusion, et, en juillet\u00a02025\u00a0(8), l\u2019organisation isra\u00e9lienne B\u2019Tselem publiait un rapport en ce sens sous un titre accablant, plus saisissant encore lorsqu\u2019on l\u2019imagine en h\u00e9breu\u00a0: \u00ab\u00a0Notre g\u00e9nocide\u00a0\u00bb\u00a0(9).<\/p>\n<p>Enfin, et parmi beaucoup d\u2019autres, en septembre\u00a02025, la commission d\u2019enqu\u00eate internationale ind\u00e9pendante mandat\u00e9e par l\u2019ONU affirmait \u00e9galement qu\u2019un g\u00e9nocide \u00e9tait en cours \u00e0 Gaza\u00a0(10).<\/p>\n<p>Malgr\u00e9 une documentation minutieuse des crimes commis, ces rapports n\u2019ont re\u00e7u qu\u2019une attention limit\u00e9e ou nulle de la part des m\u00e9dias et des gouvernements occidentaux. \u00c0 d\u00e9faut d\u2019une d\u00e9cision judiciaire formelle, la commission d\u2019enqu\u00eate constitue ce qui se rapproche le plus d\u2019une conclusion quasi juridictionnelle fond\u00e9e sur l\u2019\u00e9tablissement des faits et l\u2019analyse du droit.<\/p>\n<p>En tout \u00e9tat de cause, l\u2019obligation de pr\u00e9venir le g\u00e9nocide na\u00eet d\u00e8s qu\u2019un risque s\u00e9rieux est identifi\u00e9. En janvier\u00a02024, lorsque la CIJ a reconnu un risque plausible \u00e0 Gaza, les \u00c9tats devaient agir \u2014 en commen\u00e7ant par suspendre les transferts d\u2019armes.<\/p>\n<p>Mon analyse de la complicit\u00e9 de certaines entreprises, publi\u00e9e en juillet\u00a02025, a suscit\u00e9 les r\u00e9actions les plus virulentes. J\u2019y d\u00e9cris l\u2019\u00ab\u00a0\u00e9conomie de g\u00e9nocide\u00a0(11)\u00a0\u00bb\u00a0: un r\u00e9seau d\u2019acteurs priv\u00e9s qui, par leurs investissements, leurs technologies, leurs services et leurs cha\u00eenes d\u2019approvisionnement soutiennent mat\u00e9riellement la r\u00e9alit\u00e9 d\u00e9crite dans les rapports pr\u00e9c\u00e9dents.<\/p>\n<p>Une telle implication engage leur responsabilit\u00e9. Mettre fin au g\u00e9nocide implique aussi de d\u00e9manteler les structures \u00e9conomiques qui le rendent possible \u2014 et profitable.<\/p>\n<p>Ce rapport a conduit les \u00c9tats-Unis \u00e0 m\u2019imposer des sanctions draconiennes d\u00e8s ao\u00fbt\u00a02025 \u2014 une pratique d\u00e9j\u00e0 appliqu\u00e9e \u00e0 des juges de la Cour p\u00e9nale internationale (CPI) et \u00e0 plusieurs organisations palestiniennes. <br class=\"autobr\"\/><br \/>\nJe suis coup\u00e9e financi\u00e8rement du monde. Quiconque entretient des liens avec moi, y compris les membres de ma famille (je suis m\u00e8re d\u2019une fille ayant la citoyennet\u00e9 am\u00e9ricaine), est menac\u00e9 d\u2019amendes de 1\u00a0million de dollars et de vingt ans de prison. Ma capacit\u00e9 \u00e0 exercer mon mandat et, tout simplement, \u00e0 conduire ma vie s\u2019en trouve gravement entrav\u00e9e.<\/p>\n<p>Bien que ces attaques soient appuy\u00e9es par mon propre pays, l\u2019Italie, et en l\u2019absence de soutien concret de la part d\u2019autres \u00c9tats, j\u2019ai poursuivi ma mission. Mon rapport le plus r\u00e9cent qualifie le g\u00e9nocide \u00e0 Gaza de \u00ab\u00a0crime collectif\u00a0(12)\u00a0\u00bb, car rendu possible et financ\u00e9 par le soutien politique et militaire ind\u00e9fectible de plusieurs \u00c9tats, parmi lesquels figurent ceux qui aujourd\u2019hui m\u2019attaquent avec le plus de vigueur.<\/p>\n<p>Les \u00c9tats-Unis restent de loin le premier fournisseur d\u2019armes \u00e0 Isra\u00ebl, tandis que plusieurs \u00c9tats membres de l\u2019Union europ\u00e9enne continuent d\u2019alimenter ces transferts\u00a0; l\u2019Union demeure d\u2019ailleurs le premier partenaire commercial de Tel-Aviv.<\/p>\n<p>\u00c0 quelques exceptions pr\u00e8s, comme l\u2019Espagne ou la Slov\u00e9nie, les \u00c9tats du Vieux Continent ont choisi l\u2019inaction ou la complicit\u00e9.<\/p>\n<p>La France, par exemple, a autoris\u00e9 plusieurs fois le survol de son espace a\u00e9rien par M.\u00a0Benyamin Netanyahou malgr\u00e9 le mandat d\u2019arr\u00eat \u00e9mis par la CPI \u00e0 son encontre. Paris a poursuivi le commerce d\u2019\u00e9quipements militaires, facilit\u00e9 des transits via ses ports et a\u00e9roports, et maintenu des \u00e9changes commerciaux intenses avec Isra\u00ebl.<\/p>\n<p>De grandes banques fran\u00e7aises financent des entreprises li\u00e9es \u00e0 l\u2019industrie militaire isra\u00e9lienne et aux colonies, tandis que plusieurs milliers de Franco-Isra\u00e9liens servent dans l\u2019arm\u00e9e isra\u00e9lienne.<\/p>\n<p><strong>Criminaliser la solidarit\u00e9<\/strong><\/p>\n<p>Parall\u00e8lement, la r\u00e9pression des mobilisations s\u2019intensifie\u00a0: manifestations interdites, conf\u00e9rences acad\u00e9miques censur\u00e9es, militants et journalistes accus\u00e9s d\u2019\u00ab\u00a0apologie du terrorisme\u00a0\u00bb, interventions polici\u00e8res violentes. <br class=\"autobr\"\/><br \/>\nL\u2019Allemagne, l\u2019Italie, la France et le Royaume-Uni occupent les avant-postes dans ce domaine, sous couvert de lutte l\u00e9gitime contre l\u2019antis\u00e9mitisme.<\/p>\n<p>Des projets de loi proposent d\u2019amalgamer le combat indispensable contre la jud\u00e9ophobie et toutes les formes de racisme avec la prohibition de toute critique d\u2019Isra\u00ebl en tant qu\u2019\u00c9tat. Pr\u00e9sent\u00e9e comme une \u00e9vidence, cette confusion qui assimile nos fr\u00e8res et s\u0153urs juifs \u00e0 la politique isra\u00e9lienne participe d\u2019une offensive politique\u00a0: instrumentaliser le combat contre l\u2019antis\u00e9mitisme pour criminaliser l\u2019expression de solidarit\u00e9 avec le peuple palestinien et justifier des campagnes de diffamation.<\/p>\n<p>Parce qu\u2019ils critiquent la politique de Tel-Aviv, des ressortissants isra\u00e9liens et des personnes juives subissent dans le monde entier les m\u00eames campagnes de d\u00e9nigrement. Leurs voix sont \u00e9touff\u00e9es, et leur loyaut\u00e9 est mise en cause.<\/p>\n<p>L\u2019antis\u00e9mitisme, horrible et odieux, est la haine des Juifs\u00a0: il n\u2019a rien \u00e0 voir avec le travail de celles et ceux qui d\u00e9fendent les droits humains, lequel porte sur l\u2019analyse des actes d\u2019un \u00c9tat.<\/p>\n<p>L\u2019ensemble du syst\u00e8me du droit international repose sur le principe de la responsabilit\u00e9 de l\u2019\u00c9tat. Ce sont les \u00c9tats qui assument et portent des obligations juridiques, et ce sont eux qui doivent r\u00e9pondre, en premier lieu, de leurs violations. Isra\u00ebl ne fait pas exception\u00a0: les critiques envers l\u2019\u00c9tat d\u2019Isra\u00ebl ne visent pas ce que l\u2019\u00c9tat d\u2019Isra\u00ebl est ni la religion qu\u2019il professe, mais ce qu\u2019il fait, en particulier au regard du droit international, qu\u2019il viole, de mani\u00e8re grave, r\u00e9p\u00e9t\u00e9e et dans une impunit\u00e9 persistante.<\/p>\n<p>La question soulev\u00e9e n\u2019est pas d\u2019ordre id\u00e9ologique mais juridique\u00a0: la France respecte-t-elle ses obligations internationales en menant de telles actions\u00a0? Mon mandat de rapporteuse sp\u00e9ciale m\u2019a appris une chose essentielle\u00a0: lorsque le pouvoir est mis en cause, il ne d\u00e9bat pas, il frappe. Salir pour disqualifier, intimider pour r\u00e9duire au silence\u00a0; la violence trahit la f\u00e9brilit\u00e9 plut\u00f4t que la force.<\/p>\n<p>Mon travail s\u2019inscrit dans la continuit\u00e9 de celui de mes pr\u00e9d\u00e9cesseurs\u00a0: MM.\u00a0John Dugard, Richard Falk et Michael Lynk. Eux aussi furent accus\u00e9s d\u2019antis\u00e9mitisme ou de complaisance envers le terrorisme. Contre eux aussi fut d\u00e9ploy\u00e9 le proc\u00e9d\u00e9 consistant \u00e0 substituer la pol\u00e9mique aux faits document\u00e9s, l\u2019attaque ad hominem \u00e0 l\u2019analyse juridique. La m\u00e9canique est d\u00e9sormais rod\u00e9e.<\/p>\n<p>Des groupes pro-isra\u00e9liens \u2014 avec, comme chef de file, depuis Gen\u00e8ve, l\u2019organisation UN Watch \u2014 produisent, depuis des ann\u00e9es, des rapports diffamatoires contre quiconque, surtout au sein des Nations unies, documente les infractions au droit international commises par Tel-Aviv. Au pr\u00e9texte de contrebalancer un \u00ab\u00a0traitement disproportionn\u00e9 d\u2019Isra\u00ebl\u00a0\u00bb, ces acteurs isolent et fragmentent des propos pour en alt\u00e9rer le sens, puis amplifient et r\u00e9p\u00e8tent leur d\u00e9sinformation jusqu\u2019\u00e0 lui donner l\u2019apparence de la v\u00e9rit\u00e9.<\/p>\n<p>\u00c0 y regarder de pr\u00e8s, les \u00ab\u00a0rapports\u00a0\u00bb de ces groupes sonnent creux. Au sein des Nations unies, leur caract\u00e8re mensonger et diffamatoire est connu de longue date. Les accusations selon lesquelles j\u2019aurais justifi\u00e9 les atrocit\u00e9s du 7\u00a0octobre\u00a02023, ni\u00e9 des violences sexuelles ou minimis\u00e9 la souffrance des otages proc\u00e8dent de cette fabrique, alors m\u00eame que j\u2019ai condamn\u00e9 sans ambigu\u00eft\u00e9 et sans rel\u00e2che les attaques contre les civils isra\u00e9liens le 7\u00a0octobre et les crimes du Hamas en g\u00e9n\u00e9ral.<\/p>\n<p>Je les ai condamn\u00e9s sans h\u00e9sitation comme des crimes de guerre et des crimes contre l\u2019humanit\u00e9, dont les auteurs doivent \u00eatre poursuivis en justice dans le cadre de proc\u00e9dures internationales. J\u2019ai condamn\u00e9 les violences sexuelles commises contre des victimes isra\u00e9liennes, telles que document\u00e9es par la commission d\u2019enqu\u00eate des Nations unies\u00a0(13), et, conform\u00e9ment au droit international, je consid\u00e8re le viol utilis\u00e9 dans un contexte d\u2019hostilit\u00e9 comme une arme de guerre pouvant constituer un crime de guerre et, selon les circonstances, un crime contre l\u2019humanit\u00e9.<\/p>\n<p>La justice internationale ne fonctionne ni par indignation s\u00e9lective ni par instrumentalisation politique. Elle repose sur la qualification juridique des faits, l\u2019\u00e9tablissement des responsabilit\u00e9s individuelles et le respect du due process (proc\u00e9dure r\u00e9guli\u00e8re), pour tous et toutes, sans exception.<\/p>\n<p>Si ma condamnation des massacres et d\u2019autres crimes contre les civils isra\u00e9liens a \u00e9t\u00e9 sans \u00e9quivoque, j\u2019ai contest\u00e9 l\u2019affirmation largement r\u00e9pandue, surtout en France pour quelque raison qui m\u2019\u00e9chappe, selon laquelle ils auraient \u00e9t\u00e9 principalement motiv\u00e9s par l\u2019antis\u00e9mitisme\u00a0(14)\u00a0: comme l\u2019ont rappel\u00e9 d\u2019\u00e9minents sp\u00e9cialistes de la Shoah et de l\u2019antis\u00e9mitisme, cette lecture est \u00e0 la fois erron\u00e9e et dangereuse, car elle occulte les causes structurelles de la violence et en fausse l\u2019analyse\u00a0(15).<\/p>\n<p>Si l\u2019antis\u00e9mitisme a pu jouer un r\u00f4le \u00e0 titre individuel pour certains assaillants, ces massacres, comme le d\u00e9clara le secr\u00e9taire g\u00e9n\u00e9ral des Nations unies, M.\u00a0Ant\u00f3nio Guterres, se sont produits dans le contexte de cinquante-six ann\u00e9es d\u2019occupation \u00e9touffante\u00a0(16).<\/p>\n<p>Aucun crime ne justifie un autre crime. Mais ignorer le contexte, c\u2019est entretenir une lecture d\u00e9form\u00e9e qui risque d\u2019alimenter le cycle de violence au lieu de le r\u00e9soudre, mettant en danger autant les Palestiniens que les Isra\u00e9liens.<\/p>\n<p>Il faut nommer ce que cette campagne r\u00e9v\u00e8le\u00a0: l\u2019\u00e9nergie d\u00e9ploy\u00e9e pour me calomnier contraste avec le silence face aux crimes en cours \u00e0 Gaza et l\u2019inaction vis-\u00e0-vis de ceux qui font l\u2019objet de mandats d\u2019arr\u00eat internationaux devant la CPI. Sous pr\u00e9texte de \u00ab\u00a0responsabiliser l\u2019ONU\u00a0\u00bb, il s\u2019agit en r\u00e9alit\u00e9 de red\u00e9finir la d\u00e9fense des droits humains comme une prise de position partisane.<\/p>\n<p>L\u2019ironie est cinglante. En septembre\u00a02025, la France a reconnu l\u2019\u00c9tat de Palestine, un geste salu\u00e9 comme un signal fort, un tournant symbolique. Mais reconna\u00eetre un \u00c9tat dont on soutient activement l\u2019occupant, sans exercer de pression pour que celui-ci respecte le droit international et proc\u00e8de au retrait inconditionnel des territoires occup\u00e9s qu\u2019exige la CIJ, rel\u00e8ve davantage de la posture diplomatique que de l\u2019engagement juridique et politique.<\/p>\n<p>La reconnaissance d\u2019un \u00c9tat sans territoire, sans souverainet\u00e9, sans cessation de l\u2019occupation, n\u2019est qu\u2019un propos creux, surtout lorsque l\u2019on s\u2019emploie parall\u00e8lement \u00e0 intimider les experts mandat\u00e9s pour documenter pr\u00e9cis\u00e9ment les violations qui rendent impossible la cr\u00e9ation concr\u00e8te de cet \u00c9tat. On ne peut pas reconna\u00eetre la Palestine le lundi et chercher \u00e0 museler ses d\u00e9fenseurs le reste de la semaine.<\/p>\n<p>Les dirigeants qui se pr\u00eatent \u00e0 ce jeu ne ciblent pas seulement ma personne. Ils sacrifient l\u2019ordre juridique international lui-m\u00eame, et acc\u00e9l\u00e8rent le d\u00e9mant\u00e8lement du droit international humanitaire et des institutions qui en sont garantes, au moment pr\u00e9cis o\u00f9 leur survie est en jeu.<\/p>\n<p>On peut fuir la v\u00e9rit\u00e9, plus difficilement la cacher. Ce n\u2019est qu\u2019une question de temps\u00a0: la justice frappera \u00e0 la porte des auteurs de crimes \u00e0 Gaza et de leurs complices.<\/p>\n<p>La destruction de Gaza a r\u00e9veill\u00e9 des consciences que l\u2019on croyait anesth\u00e9si\u00e9es et a rendu visible ce que beaucoup refusaient de voir\u00a0: non seulement la brutalit\u00e9 de l\u2019occupation, mais la complicit\u00e9 active de nos d\u00e9mocraties occidentales dans sa perp\u00e9tuation.<\/p>\n<p>Car Isra\u00ebl n\u2019est pas une anomalie dans l\u2019ordre mondial\u00a0; il en est, \u00e0 bien des \u00e9gards, le miroir, dans lequel on d\u00e9couvre des logiques d\u2019exception, des hi\u00e9rarchies coloniales entre vies dignes de deuil et vies sacrifiables, une rh\u00e9torique de la s\u00e9curit\u00e9 qui garantit l\u2019impunit\u00e9.<\/p>\n<p>La plupart des gouvernements occidentaux ne se confrontent pas \u00e0 Isra\u00ebl, parce qu\u2019en le faisant ils se remettraient en cause eux-m\u00eames.<\/p>\n<p><strong>Patrie des droits humains\u00a0?<\/strong><\/p>\n<p>C\u2019est pourquoi il est \u00e0 la fois instructif et attristant que la France, patrie d\u00e9clar\u00e9e des droits humains, se retrouve en premi\u00e8re ligne, non pour d\u00e9fendre un principe, mais pour prot\u00e9ger un statu quo\u00a0; non pour promouvoir le droit international, mais pour neutraliser ses gardiens.<\/p>\n<p>Pourtant, quelque chose a chang\u00e9. Un mouvement est n\u00e9 \u2014 sur les campus, les r\u00e9seaux sociaux, dans les rues, dans les pr\u00e9toires\u00a0\u2014, qui r\u00e9clame une justice sociale r\u00e9elle, le respect effectif des droits humains, un multilat\u00e9ralisme d\u00e9colonial et l\u2019universalit\u00e9 sans exception de ses principes.<\/p>\n<p>Une universalit\u00e9 qui n\u2019admet pas l\u2019apartheid, f\u00fbt-il pratiqu\u00e9 par un \u00c9tat alli\u00e9 des capitales occidentales. <br class=\"autobr\"\/><br \/>\nCe mouvement ne se laissera pas r\u00e9duire au silence par des campagnes de diffamation. Il ne sera pas d\u00e9courag\u00e9 par ses sanctions, ses r\u00e9pressions.<\/p>\n<p>Il grandit et se renforce \u00e0 mesure que les mensonges et les distorsions qui cherchent \u00e0 le disqualifier se r\u00e9v\u00e8lent.<\/p>\n<p><strong>Francesca Albanese<\/strong><\/p>\n<p>Rapporteuse sp\u00e9ciale des Nations unies sur la situation des droits humains dans les territoires palestiniens occup\u00e9s depuis 1967.<\/p>\n<p>(1)\u00a0Cf. <a target=\"_blank\" href=\"https:\/\/x.com\/FranceskAlbs\/status\/2020983308818186721\" class=\"spip_out\" rel=\"external\">l\u2019int\u00e9gralit\u00e9 de ma d\u00e9claration au forum d\u2019Al-Jazira<\/a> (AJ Forum), X (ex-Twitter), 9\u00a0f\u00e9vrier 2026.<\/p>\n<p>(2)\u00a0Cf. <a target=\"_blank\" href=\"https:\/\/docs.un.org\/fr\/A\/77\/356\" class=\"spip_out\" rel=\"external\">\u00ab\u00a0Situation des droits humains dans les territoires palestiniens occup\u00e9s depuis 1967\u00a0\u00bb<\/a> (A\/77\/356), <a target=\"_blank\" href=\"https:\/\/docs.un.org\/fr\/A\/HRC\/53\/59\" class=\"spip_out\" rel=\"external\">\u00ab\u00a0Privation arbitraire de libert\u00e9 dans le territoire palestinien occup\u00e9\u00a0: l\u2019exp\u00e9rience des Palestiniens derri\u00e8re les barreaux et au-dehors\u00a0\u00bb<\/a> (A\/HRC\/53\/59) et <a target=\"_blank\" href=\"https:\/\/docs.un.org\/fr\/A\/78\/545\" class=\"spip_out\" rel=\"external\">\u00ab\u00a0Situation des droits humains dans les territoires palestiniens occup\u00e9s depuis 1967\u00a0\u00bb<\/a> (A\/78\/545), rapports de la rapporteuse sp\u00e9ciale sur la situation des droits de l\u2019homme dans les territoires palestiniens occup\u00e9s depuis 1967, Nations unies, respectivement le 21\u00a0septembre 2022, le 28\u00a0ao\u00fbt 2023 et le 20\u00a0octobre 2023.<\/p>\n<p>(3)\u00a0Cf. Michel Foucault, Surveiller et punir. Naissance de la prison, Gallimard, Paris, 1975.<\/p>\n<p>(4)\u00a0Nadera Shalhoub-Kevorkian, Incarcerated Childhood and the Politics of Unchilding, Cambridge University Press, 2019.<\/p>\n<p>(5)\u00a0<a target=\"_blank\" href=\"https:\/\/docs.un.org\/fr\/A\/HRC\/55\/73\" class=\"spip_out\" rel=\"external\">\u00ab\u00a0Anatomie d\u2019un g\u00e9nocide\u00a0\u00bb<\/a> (A\/HRC\/55\/73), rapport de la rapporteuse sp\u00e9ciale sur la situation des droits de l\u2019homme dans les territoires palestiniens occup\u00e9s depuis 1967, Nations unies, 1er\u00a0juillet 2004.<\/p>\n<p>(6)\u00a0<a target=\"_blank\" href=\"https:\/\/docs.un.org\/fr\/A\/79\/384\" class=\"spip_out\" rel=\"external\">\u00ab\u00a0L\u2019effacement colonial par le g\u00e9nocide\u00a0\u00bb<\/a> (A\/79\/384), rapport de la rapporteuse sp\u00e9ciale sur la situation des droits de l\u2019homme dans les territoires palestiniens occup\u00e9s depuis 1967, Nations unies, 1er\u00a0octobre 2024.<\/p>\n<p>(7)\u00a0Cf. Raz Segal, <a target=\"_blank\" href=\"https:\/\/jewishcurrents.org\/a-textbook-case-of-genocide\" class=\"spip_out\" rel=\"external\">\u00ab\u00a0A textbook case of genocide\u00a0\u00bb<\/a>, JewishCurrents, 13\u00a0octobre 2023\u00a0; Amos Goldberg, <a target=\"_blank\" href=\"https:\/\/www.lemonde.fr\/idees\/article\/2024\/10\/29\/amos-goldberg-historien-israelien-ce-qui-se-passe-a-gaza-est-un-genocide-car-gaza-n-existe-plus_6364702_3232.html\" class=\"spip_out\" rel=\"external\">\u00ab\u00a0Ce qui se passe \u00e0 Gaza est un g\u00e9nocide, car Gaza n\u2019existe plus\u00a0\u00bb<\/a>, Le Monde, 29\u00a0octobre 2024\u00a0; Omer Bartov, <a target=\"_blank\" href=\"https:\/\/orientxxi.info\/un-historien-du-genocide-face-a-israel,7577\" class=\"spip_out\" rel=\"external\">\u00ab\u00a0Un historien du g\u00e9nocide face \u00e0 Isra\u00ebl\u00a0\u00bb<\/a>, Orient XXI, 5\u00a0septembre 2024.<\/p>\n<p>(8)\u00a0<a target=\"_blank\" href=\"https:\/\/www.amnesty.fr\/communiques\/enquete-amnesty-israel-commet-un-genocide-contre-les-palestiniens-a-gaza\/\" class=\"spip_out\" rel=\"external\">\u00ab\u00a0Isra\u00ebl et territoire palestinien occup\u00e9. Une enqu\u00eate d\u2019Amnesty International conclut qu\u2019Isra\u00ebl commet un g\u00e9nocide contre les Palestiniens et Palestiniennes \u00e0 Gaza\u00a0\u00bb<\/a>, Amnesty International, 5\u00a0d\u00e9cembre 2024.<\/p>\n<p>(9)\u00a0<a target=\"_blank\" href=\"https:\/\/www.btselem.org\/publications\/202507_our_genocide\" class=\"spip_out\" rel=\"external\">\u00ab\u00a0Our genocide\u00a0\u00bb<\/a>, B\u2019Tselem, juillet 2025.<\/p>\n<p>(10)\u00a0Cf. <a target=\"_blank\" href=\"https:\/\/news.un.org\/fr\/story\/2025\/09\/1157475\" class=\"spip_out\" rel=\"external\">Bulletin d\u2019ONU Info<\/a>, 16\u00a0septembre 2025.<\/p>\n<p>(11)\u00a0<a target=\"_blank\" href=\"https:\/\/docs.un.org\/fr\/A\/HRC\/59\/23\" class=\"spip_out\" rel=\"external\">\u00ab\u00a0D\u2019une \u00e9conomie d\u2019occupation \u00e0 une \u00e9conomie de g\u00e9nocide\u00a0\u00bb<\/a> (A\/HRC\/59\/23), rapport de la rapporteuse sp\u00e9ciale sur la situation des droits de l\u2019homme dans les territoires palestiniens occup\u00e9s depuis 1967, Nations unies, 2\u00a0juillet 2025.<\/p>\n<p>(12)\u00a0<a target=\"_blank\" href=\"https:\/\/www.ohchr.org\/sites\/default\/files\/documents\/hrbodies\/hrcouncil\/coiopt\/a-80-492-advance-unedited-version.pdf\" class=\"spip_out\" rel=\"external\">\u00ab\u00a0Gaza genocide\u00a0: a collective crime\u00a0\u00bb<\/a> (PDF), rapport de la rapporteuse sp\u00e9ciale sur la situation des droits de l\u2019homme dans les territoires palestiniens occup\u00e9s depuis 1967, Nations unies, 20\u00a0octobre 2025, <a target=\"_blank\" href=\"https:\/\/www.ohchr.org\/en\/ohchr_homepage\" class=\"spip_out\" rel=\"external\">www.ohchr.org<\/a><\/p>\n<p>(13)\u00a0Cf. <a target=\"_blank\" href=\"https:\/\/www.ohchr.org\/sites\/default\/files\/documents\/hrbodies\/hrcouncil\/sessions-regular\/session56\/a-hrc-56-crp-3.pdf\" class=\"spip_out\" rel=\"external\">\u00ab\u00a0Detailed findings on attacks carried out on and after 7 October 2023 in Israel\u00a0\u00bb<\/a> (PDF), Nations unies, 10\u00a0juin 2024.<\/p>\n<p>(14)\u00a0Cf. <a target=\"_blank\" href=\"https:\/\/www.ohchr.org\/en\/press-releases\/2024\/02\/israels-symbolic-ban-must-not-distract-atrocity-crimes-gaza-un-expert\" class=\"spip_out\" rel=\"external\">\u00ab\u00a0Israel\u2019s symbolic \u201cban\u201d must not distract from atrocity crimes in Gaza\u00a0: UN expert\u00a0\u00bb<\/a>, United Nations Human Rights, 15\u00a0f\u00e9vrier 2024.<\/p>\n<p>(15)\u00a0Cf. Omer Bartov, Christopher R. Browning, Jane Caplan, Deb\u00f3rah Dwork, David Feldman et al., <a target=\"_blank\" href=\"https:\/\/www.nybooks.com\/online\/2023\/11\/20\/an-open-letter-on-the-misuse-of-holocaust-memory\/\" class=\"spip_out\" rel=\"external\">\u00ab\u00a0An open letter on the misuse of Holocaust memory\u00a0\u00bb<\/a>, The New York Review of Books, 20\u00a0novembre 2023.<\/p>\n<p>(16)\u00a0Cf. <a target=\"_blank\" href=\"https:\/\/www.un.org\/sg\/en\/content\/sg\/statements\/2023-10-24\/secretary-generals-remarks-the-security-council-the-middle-east-delivered\" class=\"spip_out\" rel=\"external\">\u00ab\u00a0Secretary-General\u2019s remarks to the Security Council \u2014 on the Middle East\u00a0\u00bb<\/a>, 24\u00a0octobre 2023.<\/p>\n<\/div>\n<p><br \/>\n<br \/><a href=\"https:\/\/www.legrandsoir.info\/reponse-a-mes-detracteurs.html\" target=\"_blank\"\">Source link <\/a><\/p>\n","protected":false},"excerpt":{"rendered":"<p>Le Monde diplomatique Mardi 31 mars 2026 Le 23 mars 2026, la rapporteuse sp\u00e9ciale de l\u2019ONU Francesca Albanese a publi\u00e9 un nouveau rapport \u2014 \u00ab\u00a0Torture and genocide\u00a0\u00bb \u2014 qui \u00e9taye&hellip; <\/p>\n","protected":false},"author":1,"featured_media":27013,"comment_status":"open","ping_status":"open","sticky":false,"template":"","format":"standard","meta":{"footnotes":""},"categories":[1],"tags":[],"class_list":["post-27012","post","type-post","status-publish","format-standard","has-post-thumbnail","hentry","category-non-classe"],"_links":{"self":[{"href":"https:\/\/monde25.info\/index.php\/wp-json\/wp\/v2\/posts\/27012","targetHints":{"allow":["GET"]}}],"collection":[{"href":"https:\/\/monde25.info\/index.php\/wp-json\/wp\/v2\/posts"}],"about":[{"href":"https:\/\/monde25.info\/index.php\/wp-json\/wp\/v2\/types\/post"}],"author":[{"embeddable":true,"href":"https:\/\/monde25.info\/index.php\/wp-json\/wp\/v2\/users\/1"}],"replies":[{"embeddable":true,"href":"https:\/\/monde25.info\/index.php\/wp-json\/wp\/v2\/comments?post=27012"}],"version-history":[{"count":0,"href":"https:\/\/monde25.info\/index.php\/wp-json\/wp\/v2\/posts\/27012\/revisions"}],"wp:featuredmedia":[{"embeddable":true,"href":"https:\/\/monde25.info\/index.php\/wp-json\/wp\/v2\/media\/27013"}],"wp:attachment":[{"href":"https:\/\/monde25.info\/index.php\/wp-json\/wp\/v2\/media?parent=27012"}],"wp:term":[{"taxonomy":"category","embeddable":true,"href":"https:\/\/monde25.info\/index.php\/wp-json\/wp\/v2\/categories?post=27012"},{"taxonomy":"post_tag","embeddable":true,"href":"https:\/\/monde25.info\/index.php\/wp-json\/wp\/v2\/tags?post=27012"}],"curies":[{"name":"wp","href":"https:\/\/api.w.org\/{rel}","templated":true}]}}