{"id":27023,"date":"2026-04-26T12:00:40","date_gmt":"2026-04-26T10:00:40","guid":{"rendered":"https:\/\/monde25.info\/index.php\/2026\/04\/26\/le-gouvernement-veut-reautoriser-la-location-des-passoires-thermiques\/"},"modified":"2026-04-26T12:00:40","modified_gmt":"2026-04-26T10:00:40","slug":"le-gouvernement-veut-reautoriser-la-location-des-passoires-thermiques","status":"publish","type":"post","link":"https:\/\/monde25.info\/index.php\/2026\/04\/26\/le-gouvernement-veut-reautoriser-la-location-des-passoires-thermiques\/","title":{"rendered":"Le gouvernement veut r\u00e9autoriser la location des passoires thermiques"},"content":{"rendered":"<p> <br \/>\n<br \/><img loading=\"lazy\" decoding=\"async\" src=\"https:\/\/reporterre.net\/local\/cache-vignettes\/L700xH467\/radiateur_2-2-44c53.jpg?1777032110\" class=\"spip_logo\" width=\"700\" height=\"467\" alt=\"\" \/><\/p>\n<p>Pour le gouvernement, la crise du logement est devenue une \u00ab<small class=\"fine d-inline\">\u00a0<\/small>urgence nationale<small class=\"fine d-inline\">\u00a0<\/small>\u00bb, qui ne peut pas attendre la prochaine \u00e9lection pr\u00e9sidentielle. S\u00e9bastien Lecornu a ainsi annonc\u00e9 un projet de loi sur le logement, lors d&rsquo;un d\u00e9placement \u00e0 Marseille le 23\u00a0avril. L&rsquo;objectif du texte\u00a0: \u00ab<small class=\"fine d-inline\">\u00a0<\/small>b\u00e2tir plus vite, b\u00e2tir mieux, b\u00e2tir pour tous<small class=\"fine d-inline\">\u00a0<\/small>\u00bb. <br class=\"autobr\" \/><br \/>\nL&rsquo;enjeu avait d\u00e9j\u00e0 \u00e9t\u00e9 \u00e9voqu\u00e9 en janvier par le Premier ministre, lorsqu&rsquo;il avait fix\u00e9 un objectif de construction de 2\u00a0millions de logements d&rsquo;ici \u00e0 2030. Il\u00a0(\u2026)<\/p>\n<p>                    <a target=\"_blank\" href=\"https:\/\/reporterre.net\/Le-gouvernement-veut-reautoriser-la-location-des-passoires-thermiques?utm_source=RSS&amp;utm_medium=RSS\">Lire la suite<\/a><\/p>\n<p>                    &#8211;<br \/>\n                        <a target=\"_blank\" href=\"https:\/\/reporterre.net\/Breves-20\" rel=\"directory\">En bref<\/a><\/p>\n<p>                    \/<br \/>\n                        <a target=\"_blank\" href=\"https:\/\/reporterre.net\/Quotidien\" rel=\"tag\">Quotidien<\/a><br \/>\n                    ,<br \/>\n                        <a target=\"_blank\" href=\"https:\/\/reporterre.net\/Habitat\" rel=\"tag\">Habitat et urbanisme<\/a><br \/>\n<br \/><br \/>\n<br \/><a href=\"https:\/\/reporterre.net\/Le-gouvernement-veut-reautoriser-la-location-des-passoires-thermiques\" target=\"_blank\"\">Source link <\/a><\/p>\n","protected":false},"excerpt":{"rendered":"<p>Pour le gouvernement, la crise du logement est devenue une \u00ab\u00a0urgence nationale\u00a0\u00bb, qui ne peut pas attendre la prochaine \u00e9lection pr\u00e9sidentielle. S\u00e9bastien Lecornu a ainsi annonc\u00e9 un projet de loi&hellip; <\/p>\n","protected":false},"author":1,"featured_media":0,"comment_status":"open","ping_status":"open","sticky":false,"template":"","format":"standard","meta":{"footnotes":""},"categories":[1],"tags":[],"class_list":["post-27023","post","type-post","status-publish","format-standard","hentry","category-non-classe"],"_links":{"self":[{"href":"https:\/\/monde25.info\/index.php\/wp-json\/wp\/v2\/posts\/27023","targetHints":{"allow":["GET"]}}],"collection":[{"href":"https:\/\/monde25.info\/index.php\/wp-json\/wp\/v2\/posts"}],"about":[{"href":"https:\/\/monde25.info\/index.php\/wp-json\/wp\/v2\/types\/post"}],"author":[{"embeddable":true,"href":"https:\/\/monde25.info\/index.php\/wp-json\/wp\/v2\/users\/1"}],"replies":[{"embeddable":true,"href":"https:\/\/monde25.info\/index.php\/wp-json\/wp\/v2\/comments?post=27023"}],"version-history":[{"count":0,"href":"https:\/\/monde25.info\/index.php\/wp-json\/wp\/v2\/posts\/27023\/revisions"}],"wp:attachment":[{"href":"https:\/\/monde25.info\/index.php\/wp-json\/wp\/v2\/media?parent=27023"}],"wp:term":[{"taxonomy":"category","embeddable":true,"href":"https:\/\/monde25.info\/index.php\/wp-json\/wp\/v2\/categories?post=27023"},{"taxonomy":"post_tag","embeddable":true,"href":"https:\/\/monde25.info\/index.php\/wp-json\/wp\/v2\/tags?post=27023"}],"curies":[{"name":"wp","href":"https:\/\/api.w.org\/{rel}","templated":true}]}}