{"id":27028,"date":"2026-04-26T14:12:39","date_gmt":"2026-04-26T12:12:39","guid":{"rendered":"https:\/\/monde25.info\/index.php\/2026\/04\/26\/le-gouvernement-enterre-le-solaire-des-particuliers-en-divisant-par-4-le-prix-du-kwh-revendu\/"},"modified":"2026-04-26T14:12:39","modified_gmt":"2026-04-26T12:12:39","slug":"le-gouvernement-enterre-le-solaire-des-particuliers-en-divisant-par-4-le-prix-du-kwh-revendu","status":"publish","type":"post","link":"https:\/\/monde25.info\/index.php\/2026\/04\/26\/le-gouvernement-enterre-le-solaire-des-particuliers-en-divisant-par-4-le-prix-du-kwh-revendu\/","title":{"rendered":"Le gouvernement enterre le solaire des particuliers en divisant par 4 le prix du kWh revendu !"},"content":{"rendered":"<p> <br \/>\n<\/p>\n<div>\n<p><span class=\"css-1jxf684 r-bcqeeo r-1ttztb7 r-qvutc0 r-poiln3 r-1adg3ll r-1g7jtus r-1x3r274\"><span class=\"css-1jxf684 r-bcqeeo r-1ttztb7 r-qvutc0 r-poiln3\"><span class=\"css-1jxf684 r-bcqeeo r-1ttztb7 r-qvutc0 r-poiln3 r-1x3r274\"><span class=\"dropcap \" style=\"background-color: #ffffff; color: #000000; border-color: #ffffff;\"><strong>L<\/strong><\/span>e gouvernement s\u2019appr\u00eate \u00e0 porter un coup brutal au photovolta\u00efque r\u00e9sidentiel. Un projet d\u2019arr\u00eat\u00e9 pr\u00e9sent\u00e9 mi-avril 2026 au Conseil sup\u00e9rieur de l\u2019\u00e9nergie pr\u00e9voit de <strong>diviser par quatre<\/strong> le tarif de rachat du surplus d\u2019\u00e9lectricit\u00e9 solaire. Il passerait ainsi de 4 centimes d\u2019euro par kWh \u00e0 seulement 1,1 centime. La prime \u00e0 l\u2019autoconsommation pourrait aussi dispara\u00eetre pour les nouvelles installations.<\/span><\/span><\/span><\/p>\n<p><span class=\"css-1jxf684 r-bcqeeo r-1ttztb7 r-qvutc0 r-poiln3 r-1adg3ll r-1g7jtus r-1x3r274\"><span class=\"css-1jxf684 r-bcqeeo r-1ttztb7 r-qvutc0 r-poiln3\"><span class=\"css-1jxf684 r-bcqeeo r-1ttztb7 r-qvutc0 r-poiln3 r-1x3r274\">Cette mesure touche surtout les petites centrales de moins de 9 kWc, typiques des toits de maisons. Revendre le surplus deviendra presque inutile. Les batteries restent encore tr\u00e8s ch\u00e8res, souvent plusieurs milliers d\u2019euros. Du coup, l\u2019investissement perd beaucoup de son int\u00e9r\u00eat pour la majorit\u00e9 des m\u00e9nages, c\u2019est factuel.\u00a0<\/span><\/span><\/span><\/p>\n<p><span class=\"css-1jxf684 r-bcqeeo r-1ttztb7 r-qvutc0 r-poiln3 r-1adg3ll r-1g7jtus r-1x3r274\"><span class=\"css-1jxf684 r-bcqeeo r-1ttztb7 r-qvutc0 r-poiln3\"><span class=\"css-1jxf684 r-bcqeeo r-1ttztb7 r-qvutc0 r-poiln3 r-1x3r274\">Pourtant, le discours officiel vante la transition \u00e9cologique et la lutte contre le CO\u2082. Le solaire produit une \u00e9lectricit\u00e9 propre et locale. Freiner son d\u00e9ploiement chez les particuliers para\u00eet contradictoire. La fili\u00e8re, d\u00e9j\u00e0 fragilis\u00e9e par les baisses successives, craint des milliers d\u2019emplois perdus et un ralentissement net des installations.<\/span><\/span><\/span><\/p>\n<p><span class=\"css-1jxf684 r-bcqeeo r-1ttztb7 r-qvutc0 r-poiln3 r-1adg3ll r-1g7jtus r-1x3r274\"><span class=\"css-1jxf684 r-bcqeeo r-1ttztb7 r-qvutc0 r-poiln3\"><span class=\"css-1jxf684 r-bcqeeo r-1ttztb7 r-qvutc0 r-poiln3 r-1x3r274\">Cette r\u00e9forme risque de d\u00e9courager massivement les Fran\u00e7ais pr\u00eats \u00e0 investir dans le solaire. Elle pose une vraie question : veut-on vraiment acc\u00e9l\u00e9rer la transition \u00e9nerg\u00e9tique en prenant de telles d\u00e9cisions ? En r\u00e9alit\u00e9 cela d\u00e9montre qu\u2019ils n\u2019ont que faire de la plan\u00e8te et son climat\u2026<\/span><\/span><\/span><\/p>\n<hr\/>\n<figure id=\"attachment_6043151\" aria-describedby=\"caption-attachment-6043151\" style=\"width: 460px\" class=\"wp-caption aligncenter\"><a target=\"_blank\" href=\"https:\/\/www.editionsfiatlux.com\/?product=climate-terror-de-salim-laibi-prevente-parution-4-oct-2024\"><img loading=\"lazy\" data-recalc-dims=\"1\" decoding=\"async\" data-attachment-id=\"6043151\" data-permalink=\"https:\/\/www.lelibrepenseur.org\/semaine-tres-froide-en-france-cette-mi-septembre-2024\/couve-3d-climate-terror\/\" data-orig-file=\"https:\/\/i0.wp.com\/www.lelibrepenseur.org\/wp-content\/uploads\/2024\/09\/Couve-3D-Climate-Terror.png?fit=852%2C1024&amp;ssl=1\" data-orig-size=\"852,1024\" data-comments-opened=\"1\" data-image-meta=\"{&quot;aperture&quot;:&quot;0&quot;,&quot;credit&quot;:&quot;&quot;,&quot;camera&quot;:&quot;&quot;,&quot;caption&quot;:&quot;&quot;,&quot;created_timestamp&quot;:&quot;0&quot;,&quot;copyright&quot;:&quot;&quot;,&quot;focal_length&quot;:&quot;0&quot;,&quot;iso&quot;:&quot;0&quot;,&quot;shutter_speed&quot;:&quot;0&quot;,&quot;title&quot;:&quot;&quot;,&quot;orientation&quot;:&quot;0&quot;}\" data-image-title=\"\u201cClimate Terror\u201d, de Salim La\u00efbi\" data-image-description=\"&lt;p&gt;\u201cClimate Terror\u201d, de Salim La\u00efbi&lt;\/p&gt;&#10;\" data-image-caption=\"&lt;p&gt;\u201cClimate Terror\u201d, de Salim La\u00efbi&lt;\/p&gt;&#10;\" data-medium-file=\"https:\/\/i0.wp.com\/www.lelibrepenseur.org\/wp-content\/uploads\/2024\/09\/Couve-3D-Climate-Terror.png?fit=250%2C300&amp;ssl=1\" data-large-file=\"https:\/\/i0.wp.com\/www.lelibrepenseur.org\/wp-content\/uploads\/2024\/09\/Couve-3D-Climate-Terror.png?fit=852%2C1024&amp;ssl=1\" class=\"wp-image-6043151\" data-pagespeed-lazy-src=\"https:\/\/i0.wp.com\/www.lelibrepenseur.org\/wp-content\/uploads\/2024\/09\/Couve-3D-Climate-Terror.png?resize=460%2C553&amp;ssl=1\" alt=\"\u201cClimate Terror\u201d, de Salim La\u00efbi\" width=\"460\" height=\"553\" data-pagespeed-lazy-srcset=\"https:\/\/i0.wp.com\/www.lelibrepenseur.org\/wp-content\/uploads\/2024\/09\/Couve-3D-Climate-Terror.png?w=852&amp;ssl=1 852w, https:\/\/i0.wp.com\/www.lelibrepenseur.org\/wp-content\/uploads\/2024\/09\/Couve-3D-Climate-Terror.png?resize=250%2C300&amp;ssl=1 250w, https:\/\/i0.wp.com\/www.lelibrepenseur.org\/wp-content\/uploads\/2024\/09\/Couve-3D-Climate-Terror.png?resize=768%2C923&amp;ssl=1 768w, https:\/\/i0.wp.com\/www.lelibrepenseur.org\/wp-content\/uploads\/2024\/09\/Couve-3D-Climate-Terror.png?resize=20%2C24&amp;ssl=1 20w, https:\/\/i0.wp.com\/www.lelibrepenseur.org\/wp-content\/uploads\/2024\/09\/Couve-3D-Climate-Terror.png?resize=30%2C36&amp;ssl=1 30w, https:\/\/i0.wp.com\/www.lelibrepenseur.org\/wp-content\/uploads\/2024\/09\/Couve-3D-Climate-Terror.png?resize=40%2C48&amp;ssl=1 40w, https:\/\/i0.wp.com\/www.lelibrepenseur.org\/wp-content\/uploads\/2024\/09\/Couve-3D-Climate-Terror.png?resize=600%2C721&amp;ssl=1 600w, https:\/\/i0.wp.com\/www.lelibrepenseur.org\/wp-content\/uploads\/2024\/09\/Couve-3D-Climate-Terror.png?resize=750%2C901&amp;ssl=1 750w\" sizes=\"auto, (max-width: 460px) 100vw, 460px\" src=\"\/pagespeed_static\/1.JiBnMqyl6S.gif\" onload=\"pagespeed.lazyLoadImages.loadIfVisibleAndMaybeBeacon(this);\" onerror=\"this.onerror=null;pagespeed.lazyLoadImages.loadIfVisibleAndMaybeBeacon(this);\"\/><\/a><figcaption id=\"caption-attachment-6043151\" class=\"wp-caption-text\">\u201cClimate Terror\u201d, de Salim La\u00efbi<\/figcaption><\/figure>\n<\/div>\n<p><br \/>\n<br \/><a href=\"https:\/\/www.lelibrepenseur.org\/le-gouvernement-enterre-le-solaire-des-particuliers-en-divisant-par-4-le-prix-du-kwh-revendu\/\" target=\"_blank\"\">Source link <\/a><\/p>\n","protected":false},"excerpt":{"rendered":"<p>Le gouvernement s\u2019appr\u00eate \u00e0 porter un coup brutal au photovolta\u00efque r\u00e9sidentiel. Un projet d\u2019arr\u00eat\u00e9 pr\u00e9sent\u00e9 mi-avril 2026 au Conseil sup\u00e9rieur de l\u2019\u00e9nergie pr\u00e9voit de diviser par quatre le tarif de&hellip; <\/p>\n","protected":false},"author":1,"featured_media":27029,"comment_status":"open","ping_status":"open","sticky":false,"template":"","format":"standard","meta":{"footnotes":""},"categories":[1],"tags":[],"class_list":["post-27028","post","type-post","status-publish","format-standard","has-post-thumbnail","hentry","category-non-classe"],"_links":{"self":[{"href":"https:\/\/monde25.info\/index.php\/wp-json\/wp\/v2\/posts\/27028","targetHints":{"allow":["GET"]}}],"collection":[{"href":"https:\/\/monde25.info\/index.php\/wp-json\/wp\/v2\/posts"}],"about":[{"href":"https:\/\/monde25.info\/index.php\/wp-json\/wp\/v2\/types\/post"}],"author":[{"embeddable":true,"href":"https:\/\/monde25.info\/index.php\/wp-json\/wp\/v2\/users\/1"}],"replies":[{"embeddable":true,"href":"https:\/\/monde25.info\/index.php\/wp-json\/wp\/v2\/comments?post=27028"}],"version-history":[{"count":0,"href":"https:\/\/monde25.info\/index.php\/wp-json\/wp\/v2\/posts\/27028\/revisions"}],"wp:featuredmedia":[{"embeddable":true,"href":"https:\/\/monde25.info\/index.php\/wp-json\/wp\/v2\/media\/27029"}],"wp:attachment":[{"href":"https:\/\/monde25.info\/index.php\/wp-json\/wp\/v2\/media?parent=27028"}],"wp:term":[{"taxonomy":"category","embeddable":true,"href":"https:\/\/monde25.info\/index.php\/wp-json\/wp\/v2\/categories?post=27028"},{"taxonomy":"post_tag","embeddable":true,"href":"https:\/\/monde25.info\/index.php\/wp-json\/wp\/v2\/tags?post=27028"}],"curies":[{"name":"wp","href":"https:\/\/api.w.org\/{rel}","templated":true}]}}