{"id":27033,"date":"2026-04-26T18:03:35","date_gmt":"2026-04-26T16:03:35","guid":{"rendered":"https:\/\/monde25.info\/index.php\/2026\/04\/26\/patrick-sebastien-versus-delphine-ernotte-quand-la-paillardise-devient-un-symptome-politique-de-la-grande-rupture-francaise\/"},"modified":"2026-04-26T18:03:35","modified_gmt":"2026-04-26T16:03:35","slug":"patrick-sebastien-versus-delphine-ernotte-quand-la-paillardise-devient-un-symptome-politique-de-la-grande-rupture-francaise","status":"publish","type":"post","link":"https:\/\/monde25.info\/index.php\/2026\/04\/26\/patrick-sebastien-versus-delphine-ernotte-quand-la-paillardise-devient-un-symptome-politique-de-la-grande-rupture-francaise\/","title":{"rendered":"Patrick S\u00e9bastien versus Delphine Ernotte : quand la paillardise devient un sympt\u00f4me politique de la grande rupture fran\u00e7aise"},"content":{"rendered":"<p> <br \/>\n<\/p>\n<div>\n<p>Ou \u00ab <em>Delphine, si t\u2019avais connu ma \u2026.. <\/em>\u00bb : quand la France d\u2019en bas r\u00e9pond \u00e0 la France d\u2019en haut<\/p>\n<p>Il y a des moments o\u00f9 la vulgarit\u00e9 populaire devient un acte politique. Patrick S\u00e9bastien vient d\u2019en offrir un exemple haut en couleurs avec sa chanson paillarde <em><strong>Delphine<\/strong><\/em>, sortie vendredi dernier sur l\u2019album <strong>Ol\u00e9 Os\u00e9 vol. 2<\/strong>. Sur un rythme festif de f\u00eate foraine, avec trompettes et ch\u0153urs entra\u00eenants, l\u2019ancien animateur vedette du <em>Plus grand cabaret du monde<\/em> r\u00e8gle ses comptes avec Delphine Ernotte, pr\u00e9sidente de France T\u00e9l\u00e9visions. Le refrain, d\u00e9j\u00e0 viral, est entr\u00e9 dans l\u2019histoire du rire gras hexagonal : \u00ab <em>Delphine, si t\u2019avais connu ma pine \/ On aurait \u00e9t\u00e9 si heureux \/ Delphine, si t\u2019avais connu ma pine \/ On aurait \u00e9t\u00e9 amoureux \/ Delphine, si t\u2019avais connu ma pine \/ Tu aurais eu les larmes aux yeux \/ Delphine, si t\u2019avais connu ma pine \/ \u00c7a aurait \u00e9t\u00e9 merveilleux\u2026 Delphine, si t\u2019avais connu sa pine \/ Je serais rest\u00e9 sur France 2 !<\/em> \u00bb<\/p>\n<p>Derri\u00e8re les \u00ab <em>noix de coco toutes blanches de plus de cinquante ans<\/em> \u00bb et les images crues, il y a bien plus qu\u2019une simple vengeance personnelle. C\u2019est le sympt\u00f4me criant d\u2019une fracture profonde entre deux France : celle d\u2019en haut, hors-sol, qui impose sa vision id\u00e9alis\u00e9e, et celle d\u2019en bas, qui ne se reconna\u00eet plus dans ses \u00e9lites et r\u00e9pond par l\u2019humour le plus truculent. Cette affaire s\u2019inscrit dans une s\u00e9rie de d\u00e9monstrations r\u00e9centes et embl\u00e9matiques de cette rupture : la c\u00e9r\u00e9monie d\u2019ouverture des <em>JO de Paris 2024<\/em> et le traitement m\u00e9diatique r\u00e9serv\u00e9 au documentaire <em>Hold-up<\/em> en 2020.<\/p>\n<p class=\"text-align-center\"><iframe style=\"border-style:none;overflow:hidden;\" width=\"267\" height=\"476\" scrolling=\"no\" frameborder=\"0\" allowfullscreen=\"true\" allow=\"autoplay; clipboard-write; encrypted-media; picture-in-picture; web-share\" class=\"lazyload\" data-src=\"https:\/\/www.facebook.com\/plugins\/video.php?height=476&amp;href=https%3A%2F%2Fwww.facebook.com%2Freel%2F1709808973793303%2F&amp;show_text=false&amp;width=267&amp;t=0\"><\/iframe><\/p>\n<p>\u00a0<\/p>\n<h5><strong>Les faits et les citations<\/strong><\/h5>\n<p>En 2019, apr\u00e8s 23 ans de succ\u00e8s populaire ininterrompu, <em>Le Plus grand cabaret du monde<\/em> est arr\u00eat\u00e9 net. Raison officielle : contraintes budg\u00e9taires. Raison ressentie par S\u00e9bastien et une large partie du public : son style \u00ab <em>trop blanc, trop populaire, trop ancien<\/em> \u00bb ne colle plus \u00e0 la nouvelle doctrine du service public. Delphine Ernotte, arriv\u00e9e en 2015, avait pos\u00e9 le cadre d\u00e8s son arriv\u00e9e : \u00ab <em><strong>On a une t\u00e9l\u00e9vision d\u2019hommes blancs de plus de 50 ans, et \u00e7a, il va falloir que cela change.<\/strong><\/em> \u00bb<\/p>\n<p><img decoding=\"async\" data-entity-uuid=\"1d107404-8bfb-478a-ac44-089cd4ae11ce\" data-entity-type=\"file\" alt=\"Delphine\" width=\"703\" height=\"393\" class=\"align-center lazyload\" loading=\"lazy\" src=\"https:\/\/www.francesoir.fr\/sites\/default\/files\/inline-images\/5_19.png\"\/><\/p>\n<p>Quelques ann\u00e9es plus tard, en juillet 2023, lors <a target=\"_blank\" href=\"https:\/\/www.youtube.com\/watch?v=3gm-aWOa1as\">d\u2019une audition devant la commission de l\u2019audiovisuel public<\/a> \u00e0 l\u2019Assembl\u00e9e nationale, elle enfonce le clou avec une phrase qui restera grav\u00e9e : \u00ab <em>On ne repr\u00e9sente pas la France telle qu\u2019elle est parce que si on repr\u00e9sentait la France telle qu\u2019elle est, on aurait toujours 5 % de femmes dans les expertes\u2026 <strong>mais on essaie de repr\u00e9senter la France telle qu\u2019on voudrait qu\u2019elle soit<\/strong>.<\/em> \u00bb<\/p>\n<p>Traduction : la r\u00e9alit\u00e9 du peuple fran\u00e7ais \u2013 majoritairement blanc, populaire, attach\u00e9 \u00e0 ses traditions \u2013 est un probl\u00e8me \u00e0 corriger. On ne montre pas la France, on la dessine selon l\u2019id\u00e9al progressiste.<\/p>\n<p>Patrick S\u00e9bastien, \u00e9vinc\u00e9, a attendu sept ans pour r\u00e9pondre. Sa chanson est crue, sexiste, vulgaire, grossi\u00e8re\u2026 et assum\u00e9e comme telle. Il inverse m\u00eame le rapport de force : \u00ab <em>C\u2019est pas moi qui ai commenc\u00e9, c\u2019est toi qui m\u2019as bais\u00e9 en premier.<\/em> \u00bb Le deuxi\u00e8me couplet reprend mot pour mot la phrase d\u2019Ernotte en la sexualisant.<\/p>\n<p>France T\u00e9l\u00e9visions garde le silence. L\u2019entourage d\u2019Ernotte d\u00e9nonce un contenu \u00ab <em>sexiste, vulgaire et grossier<\/em> \u00bb. Une plainte pour outrage sexiste et sexuel a \u00e9t\u00e9 annonc\u00e9e. R\u00e9action pr\u00e9visible d\u2019une \u00e9lite qui ne supporte plus qu\u2019on lui rende la monnaie de sa pi\u00e8ce.<\/p>\n<p><img decoding=\"async\" data-entity-uuid=\"024fe303-7e65-4da5-bbcc-3992579b8741\" data-entity-type=\"file\" alt=\"Delphine\" width=\"701\" height=\"391\" class=\"align-center lazyload\" loading=\"lazy\" src=\"https:\/\/www.francesoir.fr\/sites\/default\/files\/inline-images\/6_17.png\"\/><\/p>\n<h5><strong>Analyse culturelle : la revanche de la paillardise fran\u00e7aise<\/strong><\/h5>\n<p>La France a toujours eu deux cultures : celle des salons et celle des bistrots. La paillardise fait partie de son ADN depuis Rabelais, B\u00e9ranger, les chansons de corps de garde, Coluche (\u00ab <em>Monique, deux qui la tiennent, trois qui la niquent<\/em> \u00bb) ou encore les sketches les plus crus de Desproges et Le Luron. Patrick S\u00e9bastien n\u2019invente rien : il <strong>perp\u00e9tue une tradition<\/strong> o\u00f9 le rire gras est une arme du faible contre le puissant.<\/p>\n<p>Ce qui a chang\u00e9, c\u2019est le puritanisme nouveau. L\u2019\u00e9lite m\u00e9diatique et culturelle, qui hier riait des blagues les plus salaces quand elles visaient la droite ou l\u2019\u00c9glise, crie aujourd\u2019hui au scandale d\u00e8s qu\u2019on touche \u00e0 ses ic\u00f4nes \u00ab <em>progressistes<\/em> \u00bb. La vulgarit\u00e9 n\u2019est plus tol\u00e9r\u00e9e que lorsqu\u2019elle va dans le sens de la doxa. Quand elle vient du peuple et qu\u2019elle moque le politiquement correct, elle devient soudain \u00ab <em>sexiste et grossi\u00e8re<\/em> \u00bb.<\/p>\n<p><img decoding=\"async\" data-entity-uuid=\"e17aae3e-01bf-41d4-9f88-eddc610b4c9d\" data-entity-type=\"file\" alt=\"Delphine\" width=\"700\" height=\"391\" class=\"align-center lazyload\" loading=\"lazy\" src=\"https:\/\/www.francesoir.fr\/sites\/default\/files\/inline-images\/7_14.png\"\/><\/p>\n<p><strong>\u00a0<\/strong><\/p>\n<h5><strong>Analyse politique : la grande rupture, illustr\u00e9e par des d\u00e9monstrations tr\u00e8s actuelles<\/strong><\/h5>\n<p>Cette affaire illustre \u00e0 la perfection la fracture entre la France d\u2019en haut et la France d\u2019en bas. Mais elle n\u2019est pas unique. Deux exemples r\u00e9cents et embl\u00e9matiques renforcent cette th\u00e8se.<\/p>\n<p><img decoding=\"async\" data-entity-uuid=\"6831ac77-c596-4430-896a-9b44691b520f\" data-entity-type=\"file\" alt=\"Delphine\" width=\"704\" height=\"393\" class=\"align-center lazyload\" loading=\"lazy\" src=\"https:\/\/www.francesoir.fr\/sites\/default\/files\/inline-images\/9_11.png\"\/><\/p>\n<p>La <strong>c\u00e9r\u00e9monie d\u2019ouverture des JO de Paris 2024<\/strong> : France T\u00e9l\u00e9visions, sous la houlette de Delphine Ernotte, a diffus\u00e9 et d\u00e9fendu avec enthousiasme ce spectacle mis en sc\u00e8ne par Thomas Jolly. Ernotte l\u2019avait qualifi\u00e9 \u00e0 l\u2019avance de \u00ab <em>moment qui marquera l\u2019histoire de la t\u00e9l\u00e9vision<\/em> \u00bb et avait pour ambition de \u00ab <em>toucher 100 % des Fran\u00e7ais<\/em> \u00bb. Elle a ensuite d\u00e9fendu bec et ongles les commentaires de Daphn\u00e9 B\u00fcrki (co-cr\u00e9atrice des costumes) face aux critiques, jugeant les attaques \u00ab <em><strong>compl\u00e8tement injustes<\/strong><\/em> \u00bb. Pour l\u2019entre-soi des Ernotte and co., c\u2019\u00e9tait une apoth\u00e9ose inclusive, r\u00e9volutionnaire, audacieuse.<\/p>\n<p>Pour une large partie de la France r\u00e9elle, ce fut un choc : la fameuse s\u00e9quence avec des drag queens \u00e0 une table (largement interpr\u00e9t\u00e9e comme une parodie de La C\u00e8ne), le Dionysos bleu de Philippe Katerine, l\u2019ensemble jug\u00e9 blasph\u00e9matoire par de nombreux chr\u00e9tiens et traditionnalistes. Les \u00e9v\u00eaques ont condamn\u00e9 un \u00ab <em>spectacle qui moque la foi<\/em> \u00bb. Ce qui \u00e9tait cens\u00e9 unir a profond\u00e9ment divis\u00e9. Preuve, une fois de plus, que l\u2019\u00e9lite impose sa vision \u00ab <em>telle qu\u2019on voudrait qu\u2019elle soit<\/em> \u00bb (diversit\u00e9 performative, provocation artistique) sans \u00e9gard pour le sentiment populaire. Le service public, loin de refl\u00e9ter la France, l\u2019a transform\u00e9e en plateau exp\u00e9rimental woke.<\/p>\n<p>Le <strong>traitement du documentaire Hold-up<\/strong> (2020) : Ce film crowdfund\u00e9, qui questionnait la gestion de la crise Covid (origines du virus, utilit\u00e9 des confinements et masques, conflits d\u2019int\u00e9r\u00eats, revirements scientifiques), a rencontr\u00e9 un \u00e9norme succ\u00e8s populaire sur les r\u00e9seaux (plus de 2,5 millions de vues en quelques jours malgr\u00e9 les censures). Il posait des questions l\u00e9gitimes sur la peur orchestr\u00e9e et les mensonges d\u2019\u00c9tat.<\/p>\n<p>Le service public et les grands m\u00e9dias (dont France T\u00e9l\u00e9visions) l\u2019ont imm\u00e9diatement \u00e9tiquet\u00e9 \u00ab <em>complotiste<\/em> \u00bb, \u00ab <em>propagande<\/em> \u00bb et \u00ab <em>truff\u00e9 de fausses informations<\/em> \u00bb, sans vrai d\u00e9bat de fond. Fact-checkings en rafale, interventions politiques pour le d\u00e9noncer, d\u00e9solidarisation des intervenants sous pression. Il peut \u00eatre justement reli\u00e9 au \u00ab <a target=\"_blank\" href=\"https:\/\/www.francesoir.fr\/opinions-tribunes\/devoir-de-memoire-le-florilege-de-la-servitude-volontaire-quand-une-crise\"><em>floril\u00e8ge de la servitude volontaire<\/em><\/a> \u00bb : au lieu d\u2019un \u00e9change d\u00e9mocratique, on a pr\u00e9f\u00e9r\u00e9 la censure par le label, la division soci\u00e9tale et la peur pour maintenir le contr\u00f4le narratif. Exactement le m\u00eame m\u00e9canisme qu\u2019avec S\u00e9bastien : on disqualifie d\u2019abord (\u00ab <em>vulgaire<\/em> \u00bb, \u00ab <em>sexiste<\/em> \u00bb, \u00ab <em>complotiste<\/em> \u00bb) avant m\u00eame d\u2019\u00e9couter le peuple.<\/p>\n<p>Ces deux cas \u2013 JO 2024 et Hold-up \u2013 sont des d\u00e9monstrations br\u00fblantes de la m\u00eame logique : \u00e9lites qui ne repr\u00e9sentent plus qu\u2019elles-m\u00eames, qui pratiquent l\u2019inversion accusatoire syst\u00e9matique (\u00ab c\u2019est toi le vulgaire \/ le complotiste \u00bb alors qu\u2019elles ont commenc\u00e9 par imposer leur vision) et qui s\u2019assoient sur le contrat social.<\/p>\n<p><img decoding=\"async\" data-entity-uuid=\"9149f2e4-49ce-4d32-a71e-cfb72c006f11\" data-entity-type=\"file\" alt=\"Delphine\" width=\"706\" height=\"394\" class=\"align-center lazyload\" loading=\"lazy\" src=\"https:\/\/www.francesoir.fr\/sites\/default\/files\/inline-images\/12_11.png\"\/><\/p>\n<p>L\u2019audition r\u00e9cente \u00e0 l\u2019Assembl\u00e9e o\u00f9 Delphine Ernotte s\u2019en est prise vertement au d\u00e9put\u00e9 Charles Alloncle, repr\u00e9sentant du peuple, en pr\u00e9sentant des chiffres contest\u00e9s, est r\u00e9v\u00e9latrice de ce m\u00e9pris hautain. <strong>On ne d\u00e9bat plus : on ass\u00e8ne<\/strong>.<\/p>\n<p>\u00a0<\/p>\n<h5><strong>Le cri du peuple<\/strong><\/h5>\n<p>\u00ab <em>Delphine, si t\u2019avais connu ma \u2026.<\/em> \u00bb n\u2019est pas une simple chanson paillarde. C\u2019est un sympt\u00f4me. C\u2019est la r\u00e9ponse brute, triviale, joyeuse et vengeresse d\u2019un peuple qui ne se reconna\u00eet plus dans ses \u00e9lites. Plus celles-ci le m\u00e9prisent \u2013 que ce soit en virant son cabaret, en imposant une c\u00e9r\u00e9monie qui le choque ou en qualifiant de \u00ab complot \u00bb ses questionnements l\u00e9gitimes \u2013, plus il r\u00e9pondra par la vulgarit\u00e9, le rire gras et le rejet.<\/p>\n<blockquote>\n<p>La France d\u2019en bas n\u2019est pas morte. Elle rit encore. Elle regarde encore les JO, mais elle n\u2019oublie pas. Et elle n\u2019a pas fini de chanter et de faire trembler les podiums des bien-pensants.<\/p>\n<\/blockquote>\n<p><img decoding=\"async\" data-entity-uuid=\"159cae86-5fcd-4c8c-9ae3-0a7ca93a18b2\" data-entity-type=\"file\" alt=\"Delphine\" width=\"701\" height=\"391\" class=\"align-center lazyload\" loading=\"lazy\" src=\"https:\/\/www.francesoir.fr\/sites\/default\/files\/inline-images\/15_4.png\"\/><\/div>\n<p><script>(function(d, s, id) {  var js, fjs = d.getElementsByTagName(s)[0];  if (d.getElementById(id)) return;  js = d.createElement(s); js.id = id;  js.src = \"\/\/connect.facebook.net\/fr_FR\/sdk.js#xfbml=1&version=v2.3\";  fjs.parentNode.insertBefore(js, fjs);}(document, \"script\", \"facebook-jssdk\"));<\/script><br \/>\n<br \/><br \/>\n<br \/><a href=\"https:\/\/www.francesoir.fr\/opinions-editos\/patrick-sebastien-versus-delphine-ernotte-quand-la-paillardise-devient-un-symptome\" target=\"_blank\"\">Source link <\/a><\/p>\n","protected":false},"excerpt":{"rendered":"<p>Ou \u00ab Delphine, si t\u2019avais connu ma \u2026.. \u00bb : quand la France d\u2019en bas r\u00e9pond \u00e0 la France d\u2019en haut Il y a des moments o\u00f9 la vulgarit\u00e9 populaire&hellip; <\/p>\n","protected":false},"author":1,"featured_media":27034,"comment_status":"open","ping_status":"open","sticky":false,"template":"","format":"standard","meta":{"footnotes":""},"categories":[1],"tags":[],"class_list":["post-27033","post","type-post","status-publish","format-standard","has-post-thumbnail","hentry","category-non-classe"],"_links":{"self":[{"href":"https:\/\/monde25.info\/index.php\/wp-json\/wp\/v2\/posts\/27033","targetHints":{"allow":["GET"]}}],"collection":[{"href":"https:\/\/monde25.info\/index.php\/wp-json\/wp\/v2\/posts"}],"about":[{"href":"https:\/\/monde25.info\/index.php\/wp-json\/wp\/v2\/types\/post"}],"author":[{"embeddable":true,"href":"https:\/\/monde25.info\/index.php\/wp-json\/wp\/v2\/users\/1"}],"replies":[{"embeddable":true,"href":"https:\/\/monde25.info\/index.php\/wp-json\/wp\/v2\/comments?post=27033"}],"version-history":[{"count":0,"href":"https:\/\/monde25.info\/index.php\/wp-json\/wp\/v2\/posts\/27033\/revisions"}],"wp:featuredmedia":[{"embeddable":true,"href":"https:\/\/monde25.info\/index.php\/wp-json\/wp\/v2\/media\/27034"}],"wp:attachment":[{"href":"https:\/\/monde25.info\/index.php\/wp-json\/wp\/v2\/media?parent=27033"}],"wp:term":[{"taxonomy":"category","embeddable":true,"href":"https:\/\/monde25.info\/index.php\/wp-json\/wp\/v2\/categories?post=27033"},{"taxonomy":"post_tag","embeddable":true,"href":"https:\/\/monde25.info\/index.php\/wp-json\/wp\/v2\/tags?post=27033"}],"curies":[{"name":"wp","href":"https:\/\/api.w.org\/{rel}","templated":true}]}}