{"id":27052,"date":"2026-04-27T07:16:41","date_gmt":"2026-04-27T05:16:41","guid":{"rendered":"https:\/\/monde25.info\/index.php\/2026\/04\/27\/islamabad-et-kaboul-le-cout-de-la-proximite-par-zia-ur-rehman-le-monde-diplomatique-mai-2026\/"},"modified":"2026-04-27T07:16:41","modified_gmt":"2026-04-27T05:16:41","slug":"islamabad-et-kaboul-le-cout-de-la-proximite-par-zia-ur-rehman-le-monde-diplomatique-mai-2026","status":"publish","type":"post","link":"https:\/\/monde25.info\/index.php\/2026\/04\/27\/islamabad-et-kaboul-le-cout-de-la-proximite-par-zia-ur-rehman-le-monde-diplomatique-mai-2026\/","title":{"rendered":"Islamabad et Kaboul, le co\u00fbt de la proximit\u00e9, par Zia Ur Rehman (Le Monde diplomatique, mai 2026)"},"content":{"rendered":"<p> <br \/>\n<\/p>\n<div>\n<p class=\"crayon article-surtitre-69546 surtitre\">\u00ab<small class=\"fine\">\u00a0<\/small>On ne peut \u00e9lever des serpents et s\u2019attendre \u00e0 ce qu\u2019ils ne mordent que ses voisins<small class=\"fine\">\u00a0<\/small>\u00bb<\/p>\n<div class=\"crayon article-chapo-69546 chapo\">\n<p>D\u00e8s le 23\u00a0mars, Islamabad s\u2019est impos\u00e9 comme l\u2019un des acteurs-cl\u00e9s des tentatives de m\u00e9diation entre Washington et T\u00e9h\u00e9ran, en vue d\u2019un cessez-le-feu. Frontalier de l\u2019Iran, le Pakistan mesure les cons\u00e9quences potentielles d\u2019une escalade du conflit, \u00e0 l\u2019heure o\u00f9 il est lui-m\u00eame aux prises avec son rival historique, l\u2019Inde, et engag\u00e9 dans un affrontement violent avec l\u2019Afghanistan.<\/p>\n<\/div><\/div>\n<div couleurfade=\"e6f5f6\" couleurclaire=\"d9eff1\" couleurpale=\"a9e8ee\" couleurmi=\"378c94\" couleurfoncee=\"147a84\" couleursombre=\"0d2325\" couleurfond=\"4c6a6d\" couleurtexte=\"ffffff\">\n<div class=\"enapercu\">\n<p><span class=\"mot-lettrine\"><span class=\"lettrine\">R<\/span>epr\u00e9sent\u00e9s<\/span> sur les cartes par un trait continu, les 2\u00a0640\u00a0kilom\u00e8tres de la ligne Durand \u2014 le nom de la fronti\u00e8re qui s\u00e9pare le Pakistan et l\u2019Afghanistan \u2014 ressemblent davantage \u00e0 une s\u00e9rie de pointill\u00e9s. Espace g\u00e9opolitique poreux et fluide, cette fronti\u00e8re n\u2019a que peu d\u2019existence concr\u00e8te. Elle s\u2019efface au gr\u00e9 des \u00e9changes entre r\u00e9gions tribales pachtounes et offre un espace id\u00e9al pour les insurg\u00e9s de part et d\u2019autre de son trac\u00e9. Un tel contexte favorise l\u2019immixtion de chaque pays dans les affaires int\u00e9rieures de son voisin.<\/p>\n<p>Ces derniers mois, la r\u00e9gion est entr\u00e9e dans une phase de conflit plus aigu\u00eb. Les affrontements sporadiques et localis\u00e9s ont laiss\u00e9 place \u00e0 une confrontation militaire ouverte. Fin f\u00e9vrier, le Pakistan a effectu\u00e9 des bombardements en profondeur dans le territoire afghan, visant des villes importantes telles que Kaboul, la capitale, et Kandahar, ainsi que l\u2019ancienne base a\u00e9rienne am\u00e9ricaine de Bagram. Les autorit\u00e9s talibanes ont affirm\u00e9 avoir ripost\u00e9 en visant des positions frontali\u00e8res pakistanaises avec des armes lourdes. Les deux parties se sont ensuite accus\u00e9es mutuellement d\u2019avoir fait des centaines de victimes, mais une v\u00e9rification ind\u00e9pendante reste impossible.<\/p>\n<p>La situation s\u2019est encore d\u00e9t\u00e9rior\u00e9e lorsqu\u2019une frappe a\u00e9rienne pakistanaise a touch\u00e9 un centre de d\u00e9sintoxication dans la nuit du 16\u00a0mars \u00e0 Kaboul, faisant au moins 143\u00a0morts. Un bref cessez-le-feu de cinq jours a suivi \u00e0 l\u2019occasion des c\u00e9l\u00e9brations de l\u2019A\u00efd, mais les combats ont repris le 27\u00a0mars.<\/p>\n<p>Si aucune des deux parties ne semble d\u00e9sireuse d\u2019entrer dans une guerre totale, elles ont toutes deux d\u00e9montr\u00e9 leur disposition \u00e0 recourir \u00e0 une violence calibr\u00e9e. Ce sch\u00e9ma d\u2019escalade contr\u00f4l\u00e9e fait craindre qu\u2019une erreur de calcul ne d\u00e9clenche un conflit plus large et plus d\u00e9vastateur.<\/p>\n<p>Le Pakistan traverse cette crise dans une position paradoxale de force et de vuln\u00e9rabilit\u00e9. \u00c9tat dot\u00e9 de l\u2019arme nucl\u00e9aire, avec l\u2019une des plus grandes arm\u00e9es permanentes du monde et une\u00a0(\u2026)<\/p>\n<\/p><\/div>\n<p>Taille de l\u2019article complet\u00a0:\u00a0<span>2\u00a0218<\/span>\u00a0mots.<\/p>\n<div class=\"promo_dispo_article\">\n<h2 class=\"avantbloc\">\n\tCet article est r\u00e9serv\u00e9 aux\u00a0abonn\u00e9s<\/p>\n<\/h2>\n<div class=\"abo_inst\">\n\t<strong>Lyc\u00e9es, biblioth\u00e8ques, administrations, entreprises,<\/strong><br \/>\n\tacc\u00e9dez \u00e0 la base de donn\u00e9es en ligne de tous les articles du <i>Monde diplomatique<\/i> de 1954 \u00e0 nos\u00a0jours.<br \/>\n\t<a target=\"_blank\" id=\"pw-institutions\" class=\"suivi\" href=\"https:\/\/www.monde-diplomatique.fr\/archives\/institutions\">Retrouvez cette\u00a0offre sp\u00e9cifique<\/a>.\n<\/div>\n<\/div><\/div>\n<p><br \/>\n<br \/><a href=\"https:\/\/www.monde-diplomatique.fr\/2026\/05\/REHMAN\/69546\" target=\"_blank\"\">Source link <\/a><\/p>\n","protected":false},"excerpt":{"rendered":"<p>\u00ab\u00a0On ne peut \u00e9lever des serpents et s\u2019attendre \u00e0 ce qu\u2019ils ne mordent que ses voisins\u00a0\u00bb D\u00e8s le 23\u00a0mars, Islamabad s\u2019est impos\u00e9 comme l\u2019un des acteurs-cl\u00e9s des tentatives de m\u00e9diation&hellip; <\/p>\n","protected":false},"author":1,"featured_media":27053,"comment_status":"open","ping_status":"open","sticky":false,"template":"","format":"standard","meta":{"footnotes":""},"categories":[1],"tags":[],"class_list":["post-27052","post","type-post","status-publish","format-standard","has-post-thumbnail","hentry","category-non-classe"],"_links":{"self":[{"href":"https:\/\/monde25.info\/index.php\/wp-json\/wp\/v2\/posts\/27052","targetHints":{"allow":["GET"]}}],"collection":[{"href":"https:\/\/monde25.info\/index.php\/wp-json\/wp\/v2\/posts"}],"about":[{"href":"https:\/\/monde25.info\/index.php\/wp-json\/wp\/v2\/types\/post"}],"author":[{"embeddable":true,"href":"https:\/\/monde25.info\/index.php\/wp-json\/wp\/v2\/users\/1"}],"replies":[{"embeddable":true,"href":"https:\/\/monde25.info\/index.php\/wp-json\/wp\/v2\/comments?post=27052"}],"version-history":[{"count":0,"href":"https:\/\/monde25.info\/index.php\/wp-json\/wp\/v2\/posts\/27052\/revisions"}],"wp:featuredmedia":[{"embeddable":true,"href":"https:\/\/monde25.info\/index.php\/wp-json\/wp\/v2\/media\/27053"}],"wp:attachment":[{"href":"https:\/\/monde25.info\/index.php\/wp-json\/wp\/v2\/media?parent=27052"}],"wp:term":[{"taxonomy":"category","embeddable":true,"href":"https:\/\/monde25.info\/index.php\/wp-json\/wp\/v2\/categories?post=27052"},{"taxonomy":"post_tag","embeddable":true,"href":"https:\/\/monde25.info\/index.php\/wp-json\/wp\/v2\/tags?post=27052"}],"curies":[{"name":"wp","href":"https:\/\/api.w.org\/{rel}","templated":true}]}}