{"id":27055,"date":"2026-04-27T08:22:41","date_gmt":"2026-04-27T06:22:41","guid":{"rendered":"https:\/\/monde25.info\/index.php\/2026\/04\/27\/la-gauche-est-elle-moralisatrice\/"},"modified":"2026-04-27T08:22:41","modified_gmt":"2026-04-27T06:22:41","slug":"la-gauche-est-elle-moralisatrice","status":"publish","type":"post","link":"https:\/\/monde25.info\/index.php\/2026\/04\/27\/la-gauche-est-elle-moralisatrice\/","title":{"rendered":"La gauche est-elle moralisatrice ?"},"content":{"rendered":"<p> <br \/>\n<\/p>\n<div>\n<h4><strong>Certains observateurs accusent r\u00e9guli\u00e8rement la gauche d\u2019adopter une posture moralisatrice, en la pr\u00e9sentant comme donneuse de le\u00e7ons. Pourtant, dans les faits, c\u2019est bien la droite et la haute bourgeoisie qui lancent constamment des injonctions \u00e0 se conformer \u00e0 un mod\u00e8le social capitaliste bas\u00e9 sur la concurrence et la soumission. \u00c9dito.\u00a0<\/strong><\/h4>\n<p><em>[Temps de lecture estim\u00e9 : ~ 3min] <\/em><\/p>\n<p>La gauche est r\u00e9guli\u00e8rement accus\u00e9e de vouloir \u00ab\u2009imposer\u2009\u00bb une vision du monde d\u00e8s lors qu\u2019elle remet en cause les oppressions existantes. Mais cette accusation tient de l\u2019inversion des r\u00f4les\u00a0: <strong>ce qui est pr\u00e9sent\u00e9 comme du \u00ab\u2009moralisme\u2009\u00bb n\u2019est en r\u00e9alit\u00e9 que la contestation d\u2019un ordre \u00e9tabli d\u00e9j\u00e0 satur\u00e9 de normes,<\/strong> prescrites quotidiennement par les classes dominantes qui ont int\u00e9r\u00eat \u00e0 les maintenir. Pr\u00e9senter cette critique comme une tentative d\u2019imposer une morale revient \u00e0 <strong>d\u00e9l\u00e9gitimer toute remise en cause du syst\u00e8me, en la r\u00e9duisant \u00e0 une posture arrogante ou culpabilisante.<\/strong><\/p>\n<h2><strong>Une arme politique pour faire taire la critique<\/strong><\/h2>\n<p>Cette accusation rel\u00e8ve d\u2019une <strong>manipulation rh\u00e9torique grossi\u00e8re, visant \u00e0 disqualifier la critique.<\/strong> Suivant ce raisonnement, le fait de s\u2019opposer au racisme, au sexisme ou aux violences sexuelles serait r\u00e9duit \u00e0 une simple le\u00e7on de morale.<\/p>\n<p>Tout le monde peut pourtant comprendre qu\u2019aspirer \u00e0 une soci\u00e9t\u00e9 o\u00f9 personne ne subirait de discrimination en raison de son genre, de la couleur de sa peau ou de ses convictions religieuses sert simplement l\u2019int\u00e9r\u00eat g\u00e9n\u00e9ral.<\/p>\n<p><iframe loading=\"lazy\" title=\"Le Seul Moyen d&#039;en Finir avec l&#039;Exploitation du Capitalisme - Bernard Friot\" width=\"1110\" height=\"624\" src=\"https:\/\/www.youtube.com\/embed\/W5RKMHo7FzU?feature=oembed\" frameborder=\"0\" allow=\"accelerometer; autoplay; clipboard-write; encrypted-media; gyroscope; picture-in-picture; web-share\" referrerpolicy=\"strict-origin-when-cross-origin\" allowfullscreen><\/iframe><\/p>\n<p>D\u00e9peindre ce genre d\u2019ambition en \u00ab\u2009le\u00e7on de morale\u2009\u00bb revient, en r\u00e9alit\u00e9, \u00e0 nier les rapports de dominations et les avantages que peuvent avoir ceux qui en b\u00e9n\u00e9ficient \u00e0 le d\u00e9fendre. Il est d\u2019ailleurs amusant de noter que <strong>les personnes faisant ce type de remarque sont pr\u00e9cis\u00e9ment celles qui se trouvent en position de force.<\/strong><\/p>\n<h2><strong>Poser un cadre collectif plut\u00f4t qu\u2019individuel<\/strong><\/h2>\n<p>L\u2019argument est, en particulier, utilis\u00e9 par l\u2019extr\u00eame droite lorsqu\u2019une personne se r\u00e9clamant de gauche transgresse ses propres id\u00e9aux. Toutefois, cette lutte ne consiste pas \u00e0 d\u00e9noncer quelqu\u2019un ayant \u00ab\u2009faut\u00e9\u2009\u00bb de mani\u00e8re individuelle, mais bien \u00e0 <strong>s\u2019opposer aux rapports de domination.<\/strong> Mettre en exergue des personnes dites de gauche n\u2019ayant pas des comportements exemplaires, c\u2019est nier <strong>le caract\u00e8re syst\u00e9mique du probl\u00e8me.<\/strong><\/p>\n<blockquote>\n<p><strong>\u00ab\u00a0Plut\u00f4t que d\u00e9battre du fond, l\u2019accusateur pr\u00e9f\u00e9rera pointer du doigt un individu.\u00a0\u00bb<\/strong><\/p>\n<\/blockquote>\n<p>Cette rh\u00e9torique n\u2019est d\u2019ailleurs pas sans rappeler <a target=\"_blank\" href=\"https:\/\/mrmondialisation.org\/ecolo-smartphone\/\" target=\"_blank\" rel=\"noopener\">celle du whataboutisme<\/a>.<strong> Plut\u00f4t que d\u00e9battre du fond, l\u2019accusateur pr\u00e9f\u00e9rera pointer du doigt un individu.<\/strong> En outre, un changement de paradigme au niveau global ne passera pas par des \u00ab\u2009petits efforts de chacun\u2009\u00bb. Un constat que l\u2019on a particuli\u00e8rement pu \u00e9tablir dans le domaine de l\u2019\u00e9cologie avec l\u2019<a target=\"_blank\" href=\"https:\/\/lvsl.fr\/appelez-les-pompiers-pas-le-colibri\/\" target=\"_blank\" rel=\"noopener\">imposture du mythe du colibri<\/a>.<\/p>\n<h2><strong>Juger le syst\u00e8me, pas les individus<\/strong><\/h2>\n<p>M\u00eame si certain<span data-subtree=\"aimfl,mfl\">\u00b7<\/span>es militant<span data-subtree=\"aimfl,mfl\">\u00b7<\/span>es de gauche peuvent se tromper de strat\u00e9gie et culpabiliser les individus, l\u2019Histoire de ce courant politique remet bien en cause un syst\u00e8me. L\u2019objectif est donc de <strong>modifier le cadre collectif et non pas d\u2019accabler les gens.<\/strong><\/p>\n<p>Faire une comp\u00e9tition du mode de vie le plus \u00ab\u2009\u00e9thique\u2009\u00bb ou le plus \u00ab\u2009moral\u2009\u00bb s\u2019ins\u00e8re d\u2019ailleurs dans une m\u00e9thode de pens\u00e9e capitaliste o\u00f9<strong> la concurrence et le d\u00e9veloppement personnel se sont impos\u00e9s comme des valeurs cardinales.<\/strong><\/p>\n<p><iframe loading=\"lazy\" title=\"EN FINIR AVEC L\u2019\u00c9COLOGIE BOURGEOISE ET MORALISATRICE\" width=\"1110\" height=\"624\" src=\"https:\/\/www.youtube.com\/embed\/sg6_TcYvD5s?feature=oembed\" frameborder=\"0\" allow=\"accelerometer; autoplay; clipboard-write; encrypted-media; gyroscope; picture-in-picture; web-share\" referrerpolicy=\"strict-origin-when-cross-origin\" allowfullscreen><\/iframe><\/p>\n<p>\u00c0 l\u2019inverse,<strong> tout le combat de la gauche s\u2019inscrit dans une volont\u00e9 d\u2019\u00e9mancipation au sein d\u2019une soci\u00e9t\u00e9.<\/strong> Critiquer un syst\u00e8me qui perp\u00e9tue les injustices n\u2019a donc rien \u00e0 voir avec un jugement des individus. Lorsque la gauche d\u00e9fend des droits suppl\u00e9mentaires ou la plan\u00e8te, c\u2019est bien dans le sens de l\u2019int\u00e9r\u00eat g\u00e9n\u00e9ral.<\/p>\n<h2><strong>Le v\u00e9ritable moralisme\u00a0: celui de l\u2019ordre capitaliste<\/strong><\/h2>\n<p>En r\u00e9alit\u00e9, <strong>ceux qui accusent la gauche d\u2019\u00eatre \u00ab\u2009moralisatrice\u2009\u00bb sont souvent les premiers \u00e0 lancer des injonctions individuelles<\/strong> \u00e0 tout bout de champ. Ainsi, selon cet ordre bourgeois, les Fran\u00e7ais ne \u00ab\u2009<a target=\"_blank\" href=\"https:\/\/mrmondialisation.org\/francais-travaillent-pas-assez\/\" target=\"_blank\" rel=\"noopener\">travailleraient pas assez<\/a>\u2009\u00bb, les pauvres \u00ab\u2009g\u00e9reraient mal leur argent\u2009\u00bb, seraient \u00ab\u2009<a target=\"_blank\" href=\"https:\/\/mrmondialisation.org\/et-si-on-arretait-de-sanctifier-les-ultra-riches-5-mythes-a-deconstruire\/\" target=\"_blank\" rel=\"noopener\">jaloux des plus riches<\/a>\u2009\u00bb ou \u00ab\u2009<a target=\"_blank\" href=\"https:\/\/mrmondialisation.org\/france-des-assistes-9-arguments-contre-ce-prejuge\/\" target=\"_blank\" rel=\"noopener\">profiteraient du syst\u00e8me<\/a>\u2009\u00bb.<\/p>\n<div class=\"td-a-rec td-a-rec-id-content_inline  tdi_1 td_block_template_1\">\n<center><a target=\"_blank\" href=\"https:\/\/fr.tipeee.com\/mr-mondialisation\" class=\"tipeee-project-small\">Je m&rsquo;abonne \u00e0 Mr Mondialisation<\/a>&#13;<br \/>\n<\/center>&amp;nbsp<\/div>\n<blockquote>\n<p><strong>\u00ab\u00a0Tout ce qui s\u2019\u00e9carte du mod\u00e8le dominant est susceptible d\u2019\u00eatre recadr\u00e9 par les classes les plus favoris\u00e9es.\u00a0\u00bb<\/strong><\/p>\n<\/blockquote>\n<p><strong>Les femmes ou les minorit\u00e9s sont \u00e9galement particuli\u00e8rement victimes de ces le\u00e7ons de morale<\/strong>, que ce soit par rapport \u00e0 leur <a target=\"_blank\" href=\"https:\/\/mrmondialisation.org\/tribune-uterus-rearmement-natalite\/\" target=\"_blank\" rel=\"noopener\">r\u00f4le dans la soci\u00e9t\u00e9<\/a>, leur comportement ou bien leurs convictions. En d\u00e9finitive, tout ce qui s\u2019\u00e9carte du mod\u00e8le dominant est susceptible d\u2019\u00eatre recadr\u00e9 par les classes les plus favoris\u00e9es.<\/p>\n<h2><strong>Normaliser l\u2019injustice<\/strong><\/h2>\n<p>D\u00e8s lors, accuser la gauche d\u2019\u00eatre moralisatrice, c\u2019est simplement normaliser les in\u00e9galit\u00e9s et l\u2019injustice, comme si les accepter \u00e9quivalait \u00e0 vivre dans un certain ordre naturel. Pourtant, on peut y voir, au contraire, <strong>une volont\u00e9 de d\u00e9fendre un \u00e9tat des lieux, d\u00e9crit comme irr\u00e9versible.<\/strong><\/p>\n<p>Et si cette contestation du syst\u00e8me bourgeois est presque d\u00e9peinte comme une agression, c\u2019est bien parce qu\u2019elle remet en cause certains privil\u00e8ges. Par l\u00e0,<strong> les auteurs de cette accusation de moralisme tentent d\u2019invisibiliser leurs propres actes de domination.<\/strong> Pour mieux les perp\u00e9tuer.<\/p>\n<p style=\"text-align: right;\"><strong><em>\u2013 Simon Verdi\u00e8re<\/em><\/strong><\/p>\n<hr\/>\n<p>Photo de couverture : Activistes climat bloquant le Minist\u00e8re de la Transition Ecologique et Solidaire lors de l\u2019action \u00ab R\u00e9publique des pollueurs \u00bb \/ <a target=\"_blank\" href=\"https:\/\/commons.wikimedia.org\/wiki\/File:Activistes_climat_bloquant_le_Minist%C3%A8re_de_la_Transition_Ecologique_et_Solidaire_lors_de_l%27action_%22R%C3%A9publique_des_pollueurs%22.jpg\">Wikimedia Commons<\/a><\/p>\n<div class=\"td-a-rec td-a-rec-id-content_bottom  tdi_2 td_block_template_1\">\n<span class=\"td-adspot-title\">&#8211; Cet article gratuit, ind\u00e9pendant et sans IA existe gr\u00e2ce aux abonn\u00e9s &#8211;<\/span><\/p>\n<div class=\"td-all-devices\">\n    <a target=\"_blank\" href=\"https:\/\/mrmondialisation.org\/donation\/\" title=\"Faire_un_don\"><img decoding=\"async\" class=\"donationArticle\" src=\"https:\/\/mrmondialisation.org\/wp-content\/uploads\/2022\/12\/220405-flikalicious-final.jpg\" alt=\"Donation\"\/><\/a>\n<\/div>\n<\/div><\/div>\n<p><br \/>\n<br \/><a href=\"https:\/\/mrmondialisation.org\/gauche-moralisatrice\/\" target=\"_blank\"\">Source link <\/a><\/p>\n","protected":false},"excerpt":{"rendered":"<p>Certains observateurs accusent r\u00e9guli\u00e8rement la gauche d\u2019adopter une posture moralisatrice, en la pr\u00e9sentant comme donneuse de le\u00e7ons. Pourtant, dans les faits, c\u2019est bien la droite et la haute bourgeoisie qui&hellip; <\/p>\n","protected":false},"author":1,"featured_media":27056,"comment_status":"open","ping_status":"open","sticky":false,"template":"","format":"standard","meta":{"footnotes":""},"categories":[1],"tags":[],"class_list":["post-27055","post","type-post","status-publish","format-standard","has-post-thumbnail","hentry","category-non-classe"],"_links":{"self":[{"href":"https:\/\/monde25.info\/index.php\/wp-json\/wp\/v2\/posts\/27055","targetHints":{"allow":["GET"]}}],"collection":[{"href":"https:\/\/monde25.info\/index.php\/wp-json\/wp\/v2\/posts"}],"about":[{"href":"https:\/\/monde25.info\/index.php\/wp-json\/wp\/v2\/types\/post"}],"author":[{"embeddable":true,"href":"https:\/\/monde25.info\/index.php\/wp-json\/wp\/v2\/users\/1"}],"replies":[{"embeddable":true,"href":"https:\/\/monde25.info\/index.php\/wp-json\/wp\/v2\/comments?post=27055"}],"version-history":[{"count":0,"href":"https:\/\/monde25.info\/index.php\/wp-json\/wp\/v2\/posts\/27055\/revisions"}],"wp:featuredmedia":[{"embeddable":true,"href":"https:\/\/monde25.info\/index.php\/wp-json\/wp\/v2\/media\/27056"}],"wp:attachment":[{"href":"https:\/\/monde25.info\/index.php\/wp-json\/wp\/v2\/media?parent=27055"}],"wp:term":[{"taxonomy":"category","embeddable":true,"href":"https:\/\/monde25.info\/index.php\/wp-json\/wp\/v2\/categories?post=27055"},{"taxonomy":"post_tag","embeddable":true,"href":"https:\/\/monde25.info\/index.php\/wp-json\/wp\/v2\/tags?post=27055"}],"curies":[{"name":"wp","href":"https:\/\/api.w.org\/{rel}","templated":true}]}}