{"id":27059,"date":"2026-04-27T10:02:04","date_gmt":"2026-04-27T08:02:04","guid":{"rendered":"https:\/\/monde25.info\/index.php\/2026\/04\/27\/ehpad-rebaptises-maisons-france-autonomie-une-mascarade-a-75-millions-deuros-apres-les-scandales-orpea-et-korian\/"},"modified":"2026-04-27T10:02:04","modified_gmt":"2026-04-27T08:02:04","slug":"ehpad-rebaptises-maisons-france-autonomie-une-mascarade-a-75-millions-deuros-apres-les-scandales-orpea-et-korian","status":"publish","type":"post","link":"https:\/\/monde25.info\/index.php\/2026\/04\/27\/ehpad-rebaptises-maisons-france-autonomie-une-mascarade-a-75-millions-deuros-apres-les-scandales-orpea-et-korian\/","title":{"rendered":"Ehpad rebaptis\u00e9s \u00ab Maisons France Autonomie \u00bb : une mascarade \u00e0 75 millions d\u2019euros apr\u00e8s les scandales Orpea et Korian"},"content":{"rendered":"<p> <br \/>\n<\/p>\n<div>\n<p><span class=\"css-1jxf684 r-bcqeeo r-1ttztb7 r-qvutc0 r-poiln3 r-1adg3ll r-1g7jtus r-1x3r274\"><span class=\"css-1jxf684 r-bcqeeo r-1ttztb7 r-qvutc0 r-poiln3\"><span class=\"css-1jxf684 r-bcqeeo r-1ttztb7 r-qvutc0 r-poiln3 r-1x3r274\"><span class=\"dropcap \" style=\"background-color: #ffffff; color: #000000; border-color: #ffffff;\"><strong>Q<\/strong><\/span>uatre ans apr\u00e8s les r\u00e9v\u00e9lations explosives des <\/span><span class=\"css-1jxf684 r-bcqeeo r-1ttztb7 r-qvutc0 r-poiln3 r-1x3r274 r-36ujnk\"><span class=\"css-1jxf684 r-bcqeeo r-1ttztb7 r-qvutc0 r-poiln3 r-1x3r274\">Fossoyeurs<\/span><\/span><span class=\"css-1jxf684 r-bcqeeo r-1ttztb7 r-qvutc0 r-poiln3 r-1x3r274\">, rien n\u2019a vraiment chang\u00e9. Orpea est devenu Emeis, Korian s\u2019est mu\u00e9 en Clariane (eux aussi ont chang\u00e9 de nom pour faire oublier le scandale). Pourtant, les plaintes pour maltraitance persistent. Les inspections massives ont touch\u00e9 96 % des 7 500 \u00e9tablissements. Seuls 55 ont subi des sanctions graves. Beaucoup d\u2019autres affichent encore des dysfonctionnements.<\/span><\/span><\/span><\/p>\n<p><span class=\"css-1jxf684 r-bcqeeo r-1ttztb7 r-qvutc0 r-poiln3 r-1adg3ll r-1g7jtus r-1x3r274\"><span class=\"css-1jxf684 r-bcqeeo r-1ttztb7 r-qvutc0 r-poiln3\"><span class=\"css-1jxf684 r-bcqeeo r-1ttztb7 r-qvutc0 r-poiln3 r-1x3r274\">Aujourd\u2019hui, le gouvernement propose un nouveau nom : <\/span><strong><span class=\"css-1jxf684 r-bcqeeo r-1ttztb7 r-qvutc0 r-poiln3 r-b88u0q r-1x3r274\"><span class=\"css-1jxf684 r-bcqeeo r-1ttztb7 r-qvutc0 r-poiln3 r-1x3r274\">Maisons France Autonomie<\/span><\/span><\/strong><span class=\"css-1jxf684 r-bcqeeo r-1ttztb7 r-qvutc0 r-poiln3 r-1x3r274\">. Ce label positif doit effacer l\u2019image n\u00e9gative du mot \u00ab d\u00e9pendantes \u00bb. Pourtant, les r\u00e9sidents restent d\u00e9pendants par d\u00e9finition. Changer les enseignes, les pancartes et les documents co\u00fbtera des millions. Certaines estimations parlent de 75 millions d\u2019euros. Cela \u00e9quivaut au salaire annuel de pr\u00e8s de 2 000 soignants !<\/span><\/span><\/span><\/p>\n<p><span class=\"css-1jxf684 r-bcqeeo r-1ttztb7 r-qvutc0 r-poiln3 r-1adg3ll r-1g7jtus r-1x3r274\"><span class=\"css-1jxf684 r-bcqeeo r-1ttztb7 r-qvutc0 r-poiln3\"><span class=\"css-1jxf684 r-bcqeeo r-1ttztb7 r-qvutc0 r-poiln3 r-1x3r274\">Or, les vrais probl\u00e8mes demeurent. Le personnel manque cruellement. Les ratios d\u2019encadrement stagnent. Les familles d\u00e9noncent toujours des soins insuffisants et des situations indignes. Rebaptiser ne recrute pas d\u2019aides-soignantes ; cela ne forme pas mieux les \u00e9quipes. Et cela n\u2019augmente pas les budgets d\u00e9di\u00e9s aux r\u00e9sidents.<\/span><\/span><\/span><\/p>\n<p><span class=\"css-1jxf684 r-bcqeeo r-1ttztb7 r-qvutc0 r-poiln3 r-1adg3ll r-1g7jtus r-1x3r274\"><span class=\"css-1jxf684 r-bcqeeo r-1ttztb7 r-qvutc0 r-poiln3\"><span class=\"css-1jxf684 r-bcqeeo r-1ttztb7 r-qvutc0 r-poiln3 r-1x3r274\">Cette op\u00e9ration de communication ressemble \u00e0 du ripolinage. Elle masque l\u2019absence de r\u00e9forme profonde. Les a\u00een\u00e9s m\u00e9ritent plus que des mots. Ils ont besoin de moyens humains concrets et de contr\u00f4les permanents avec de vraies cons\u00e9quences. C\u2019est du pur macronisme !<\/span><\/span><\/span><\/p>\n<\/div>\n<p><br \/>\n<br \/><a href=\"https:\/\/www.lelibrepenseur.org\/ehpad-rebaptises-maisons-france-autonomie-une-mascarade-a-75-millions-deuros-apres-les-scandales-orpea-et-korian\/\" target=\"_blank\"\">Source link <\/a><\/p>\n","protected":false},"excerpt":{"rendered":"<p>Quatre ans apr\u00e8s les r\u00e9v\u00e9lations explosives des Fossoyeurs, rien n\u2019a vraiment chang\u00e9. Orpea est devenu Emeis, Korian s\u2019est mu\u00e9 en Clariane (eux aussi ont chang\u00e9 de nom pour faire oublier&hellip; <\/p>\n","protected":false},"author":1,"featured_media":0,"comment_status":"open","ping_status":"open","sticky":false,"template":"","format":"standard","meta":{"footnotes":""},"categories":[1],"tags":[],"class_list":["post-27059","post","type-post","status-publish","format-standard","hentry","category-non-classe"],"_links":{"self":[{"href":"https:\/\/monde25.info\/index.php\/wp-json\/wp\/v2\/posts\/27059","targetHints":{"allow":["GET"]}}],"collection":[{"href":"https:\/\/monde25.info\/index.php\/wp-json\/wp\/v2\/posts"}],"about":[{"href":"https:\/\/monde25.info\/index.php\/wp-json\/wp\/v2\/types\/post"}],"author":[{"embeddable":true,"href":"https:\/\/monde25.info\/index.php\/wp-json\/wp\/v2\/users\/1"}],"replies":[{"embeddable":true,"href":"https:\/\/monde25.info\/index.php\/wp-json\/wp\/v2\/comments?post=27059"}],"version-history":[{"count":0,"href":"https:\/\/monde25.info\/index.php\/wp-json\/wp\/v2\/posts\/27059\/revisions"}],"wp:attachment":[{"href":"https:\/\/monde25.info\/index.php\/wp-json\/wp\/v2\/media?parent=27059"}],"wp:term":[{"taxonomy":"category","embeddable":true,"href":"https:\/\/monde25.info\/index.php\/wp-json\/wp\/v2\/categories?post=27059"},{"taxonomy":"post_tag","embeddable":true,"href":"https:\/\/monde25.info\/index.php\/wp-json\/wp\/v2\/tags?post=27059"}],"curies":[{"name":"wp","href":"https:\/\/api.w.org\/{rel}","templated":true}]}}