{"id":27060,"date":"2026-04-27T12:46:34","date_gmt":"2026-04-27T10:46:34","guid":{"rendered":"https:\/\/monde25.info\/index.php\/2026\/04\/27\/de-lessence-dans-une-riviere-normande-lactalis-mis-en-cause\/"},"modified":"2026-04-27T12:46:34","modified_gmt":"2026-04-27T10:46:34","slug":"de-lessence-dans-une-riviere-normande-lactalis-mis-en-cause","status":"publish","type":"post","link":"https:\/\/monde25.info\/index.php\/2026\/04\/27\/de-lessence-dans-une-riviere-normande-lactalis-mis-en-cause\/","title":{"rendered":"De l&#039;essence dans une rivi\u00e8re normande\u00a0: Lactalis mis en cause"},"content":{"rendered":"<p> <br \/>\n<br \/><img loading=\"lazy\" decoding=\"async\" src=\"https:\/\/reporterre.net\/local\/cache-vignettes\/L700xH467\/img_0062-1cb73.jpg?1777266301\" class=\"spip_logo\" width=\"700\" height=\"467\" alt=\"\" \/><\/p>\n<p>Un p\u00eacheur, les gendarmes et les pompiers ont observ\u00e9 des hydrocarbures mi-mars dans une rivi\u00e8re de l&rsquo;Orne. Une pollution qui, selon des t\u00e9moignages recueillis par Reporterre, provient du site industriel voisin, propri\u00e9t\u00e9 du groupe Lactalis. <br class=\"autobr\" \/><br \/>\nVimoutiers (Orne), reportage <br class=\"autobr\" \/><br \/>\nLe 20\u00a0avril, un flux continu de camions-citernes de lait animait le site industriel de la Solaipa, filiale du groupe Lactalis \u00e0 Vimoutiers, dans l&rsquo;Orne. Mais aucun d&rsquo;entre eux n&rsquo;y faisait le plein, alors que les lieux\u00a0(\u2026)<\/p>\n<p>                    <a target=\"_blank\" href=\"https:\/\/reporterre.net\/De-l-essence-dans-une-riviere-normande-Lactalis-mis-en-cause?utm_source=RSS&amp;utm_medium=RSS\">Lire la suite<\/a><\/p>\n<p>                    &#8211;<br \/>\n                        <a target=\"_blank\" href=\"https:\/\/reporterre.net\/Enquete\" rel=\"directory\">Enqu\u00eate<\/a><\/p>\n<p>                    \/<br \/>\n                        <a target=\"_blank\" href=\"https:\/\/reporterre.net\/Pollutions\" rel=\"tag\">Pollutions<\/a><br \/>\n<br \/><br \/>\n<br \/><a href=\"https:\/\/reporterre.net\/De-l-essence-dans-une-riviere-normande-Lactalis-mis-en-cause\" target=\"_blank\"\">Source link <\/a><\/p>\n","protected":false},"excerpt":{"rendered":"<p>Un p\u00eacheur, les gendarmes et les pompiers ont observ\u00e9 des hydrocarbures mi-mars dans une rivi\u00e8re de l&rsquo;Orne. Une pollution qui, selon des t\u00e9moignages recueillis par Reporterre, provient du site industriel&hellip; <\/p>\n","protected":false},"author":1,"featured_media":0,"comment_status":"open","ping_status":"open","sticky":false,"template":"","format":"standard","meta":{"footnotes":""},"categories":[1],"tags":[],"class_list":["post-27060","post","type-post","status-publish","format-standard","hentry","category-non-classe"],"_links":{"self":[{"href":"https:\/\/monde25.info\/index.php\/wp-json\/wp\/v2\/posts\/27060","targetHints":{"allow":["GET"]}}],"collection":[{"href":"https:\/\/monde25.info\/index.php\/wp-json\/wp\/v2\/posts"}],"about":[{"href":"https:\/\/monde25.info\/index.php\/wp-json\/wp\/v2\/types\/post"}],"author":[{"embeddable":true,"href":"https:\/\/monde25.info\/index.php\/wp-json\/wp\/v2\/users\/1"}],"replies":[{"embeddable":true,"href":"https:\/\/monde25.info\/index.php\/wp-json\/wp\/v2\/comments?post=27060"}],"version-history":[{"count":0,"href":"https:\/\/monde25.info\/index.php\/wp-json\/wp\/v2\/posts\/27060\/revisions"}],"wp:attachment":[{"href":"https:\/\/monde25.info\/index.php\/wp-json\/wp\/v2\/media?parent=27060"}],"wp:term":[{"taxonomy":"category","embeddable":true,"href":"https:\/\/monde25.info\/index.php\/wp-json\/wp\/v2\/categories?post=27060"},{"taxonomy":"post_tag","embeddable":true,"href":"https:\/\/monde25.info\/index.php\/wp-json\/wp\/v2\/tags?post=27060"}],"curies":[{"name":"wp","href":"https:\/\/api.w.org\/{rel}","templated":true}]}}