{"id":27063,"date":"2026-04-27T14:25:36","date_gmt":"2026-04-27T12:25:36","guid":{"rendered":"https:\/\/monde25.info\/index.php\/2026\/04\/27\/tolle-apres-le-projet-de-rebaptiser-les-ehpad-rt-en-francais\/"},"modified":"2026-04-27T14:25:36","modified_gmt":"2026-04-27T12:25:36","slug":"tolle-apres-le-projet-de-rebaptiser-les-ehpad-rt-en-francais","status":"publish","type":"post","link":"https:\/\/monde25.info\/index.php\/2026\/04\/27\/tolle-apres-le-projet-de-rebaptiser-les-ehpad-rt-en-francais\/","title":{"rendered":"toll\u00e9 apr\u00e8s le projet de rebaptiser les Ehpad \u2014 RT en fran\u00e7ais"},"content":{"rendered":"<p> <br \/>\n<br \/><img decoding=\"async\" src=\"https:\/\/mf.b37mrtl.ru\/french\/images\/2026.04\/thumbnail\/69ef304a6f7ccc6838446566.jpg\" \/><\/p>\n<div>\n<p class=\"text__summary\">\n                                        En France, le changement de nom des Ehpad en \u00abMaisons France Autonomie\u00bb, annonc\u00e9 par le gouvernement afin de \u00abchanger le regard sur le vieillissement\u00bb, a vivement fait r\u00e9agir sur la toile. Nombre d\u2019internautes d\u00e9noncent un \u00abcoup de peinture\u00bb de l\u2019ex\u00e9cutif, qui ne s\u2019attaque pas au c\u0153ur du probl\u00e8me.\n                                    <\/p>\n<p>Apr\u00e8s France Travail, France Strat\u00e9gie, France Munitions, France Libre, France Identit\u00e9, France R\u00e9nov\u2019, FranceConnect\u2026 voici venu le temps de France Autonomie. Le gouvernement a annonc\u00e9 son intention de rebaptiser les \u00c9tablissements d&rsquo;h\u00e9bergement pour personnes \u00e2g\u00e9es d\u00e9pendantes (Ehpad) en \u00ab Maisons France Autonomie \u00bb.<\/p>\n<p>\u00ab Un label qu\u2019on va travailler d\u2019ici septembre \u00bb, <a target=\"_blank\" href=\"https:\/\/www.lavoixdunord.fr\/1697303\/article\/2026-04-24\/les-ehpad-vont-disparaitre-au-profit-des-maisons-france-autonomie\">a d\u00e9clar\u00e9<\/a> au quotidien <em>La Voix du Nord<\/em> la ministre d\u00e9l\u00e9gu\u00e9e charg\u00e9e de l\u2019Autonomie, Camille Galliard-Minier, en d\u00e9placement dans le Pas-de-Calais. Selon elle, les Ehpad doivent \u00eatre \u00ab des lieux o\u00f9 on a envie de vivre et de travailler \u00bb.<\/p>\n<p>\u00ab Pour \u00eatre labellis\u00e9, il faudra aussi disposer d&rsquo;un accueil temporaire \u00bb, a pr\u00e9cis\u00e9 la ministre. Cette \u00ab transformation \u00bb de ces \u00e9tablissements, \u00e9clabouss\u00e9s par des scandales ces derni\u00e8res ann\u00e9es, doit se faire \u00ab d\u2019ici 2027 \u00bb, a ajout\u00e9 son cabinet.<\/p>\n<p>Cette initiative de l\u2019ex\u00e9cutif survient quatre ans apr\u00e8s le scandale Orpea, l\u2019un des gestionnaires d\u2019Ehpad priv\u00e9s les plus importants, o\u00f9 des cas de maltraitance et de malversations financi\u00e8res avaient \u00e9t\u00e9 r\u00e9v\u00e9l\u00e9s lors de la parution du livre-enqu\u00eate <em>Les fossoyeurs<\/em> (\u00c9d. Fayard, 2022) de Victor Castanet.<\/p>\n<h2>\u00ab On change le nom mais pas les couches \u00bb<\/h2>\n<p>\u00ab Le gouvernement souhaite transformer l\u2019image \u00bb, a ainsi rapport\u00e9 l\u2019AFP. Un \u00ab coup de peinture \u00bb qui ne fait pas l\u2019unanimit\u00e9, de tr\u00e8s nombreux internautes d\u00e9non\u00e7ant notamment un \u00ab gaspillage \u00bb d\u2019argent public.<\/p>\n<p>\u00ab On change le nom mais pas les couches \u00bb, tance l\u2019un d\u2019entre eux. \u00ab <a target=\"_blank\" href=\"https:\/\/x.com\/kalyce83\/status\/2048386722417774644\">C&rsquo;est path\u00e9tique<\/a>, changer le nom ne changera pas les conditions d\u2019accueil&#8230; Bref, un cabinet de conseil a encore d\u00fb se rincer pour cela&#8230; \u00bb, rench\u00e9rit un autre internaute. \u00ab Et combien va co\u00fbter ce <a target=\"_blank\" href=\"https:\/\/x.com\/ProgressismeMag\/status\/2048088169598611846\">petit rebranding<\/a> ? Les Ehpad vont-ils financer leur changement de nom ? \u00bb, lance un troisi\u00e8me. \u00ab \u00c7a a co\u00fbt\u00e9 combien d&rsquo;<a target=\"_blank\" href=\"https:\/\/x.com\/warlock147895\/status\/2048125234834739662\">argent de nos imp\u00f4ts<\/a>, ce d\u00e9bat sur ce changement de nom ? \u00bb, peut-on encore lire.<\/p>\n<p>Le choix du nom n\u2019a pas laiss\u00e9 indiff\u00e9rent. \u00ab De personnes \u00e2g\u00e9es d\u00e9pendantes, <a target=\"_blank\" href=\"https:\/\/x.com\/GuaM971\/status\/2048210774611439643\">on passe \u00e0 autonomie<\/a> ? \u00bb, interpelle un internaute. \u00ab Et les prisons vont \u00eatre renomm\u00e9es <a target=\"_blank\" href=\"https:\/\/x.com\/jvol31\/status\/2048387783983612357\">France Libert\u00e9<\/a> ! \u00bb, ironise un autre. \u00ab Ne dites plus cimeti\u00e8re mais maisons <a target=\"_blank\" href=\"https:\/\/x.com\/rom6859\/status\/2048134227451879691\">France repos<\/a> \u00bb, raille un utilisateur dans la droite <a target=\"_blank\" href=\"https:\/\/x.com\/le_gorafi\/status\/2048074719035855184\">ligne du site parodique Le Gorafi<\/a>.<\/p>\n<p>\u00ab Supprimer cet affreux acronyme d\u2019Ehpad, c\u2019est une excellente id\u00e9e \u00bb, s\u2019est r\u00e9joui aupr\u00e8s de RMC Pascal Champvert, pr\u00e9sident de l&rsquo;Association des directeurs au service des personnes \u00e2g\u00e9es (AD-PA). \u00ab Parce que dans Ehpad il y a d\u00e9pendantes, c\u2019est vraiment le mot qui stigmatise les personnes \u00e2g\u00e9es \u00bb, a-t-il ajout\u00e9, saluant cette d\u00e9cision du gouvernement.<\/p>\n<p>Un enthousiasme que ne partage pas Bernard de Lise, fondateur de l\u2019association Marie-Louise, qui d\u00e9fend les droits des r\u00e9sidents. \u00ab C\u2019est un peu comme on a chang\u00e9 le nom de P\u00f4le emploi pour France Travail : cela n\u2019a rien chang\u00e9, cela n\u2019a pas fait moins de ch\u00f4meurs \u00bb, d\u00e9plore-t-il, pointant la p\u00e9nurie de personnel dans le secteur. \u00ab Ils sont deux pour 25 r\u00e9sidents \u00bb, souligne-t-il, en \u00e9voquant l\u2019\u00e9tablissement o\u00f9 vit sa m\u00e8re.<\/p>\n<\/div>\n<p><br \/>\n<br \/><a href=\"https:\/\/francais.rt.com\/france\/133589-tolle-projet-rebaptiser-ehpad\" target=\"_blank\"\">Source link <\/a><\/p>\n","protected":false},"excerpt":{"rendered":"<p>En France, le changement de nom des Ehpad en \u00abMaisons France Autonomie\u00bb, annonc\u00e9 par le gouvernement afin de \u00abchanger le regard sur le vieillissement\u00bb, a vivement fait r\u00e9agir sur la&hellip; <\/p>\n","protected":false},"author":1,"featured_media":27064,"comment_status":"open","ping_status":"open","sticky":false,"template":"","format":"standard","meta":{"footnotes":""},"categories":[1],"tags":[],"class_list":["post-27063","post","type-post","status-publish","format-standard","has-post-thumbnail","hentry","category-non-classe"],"_links":{"self":[{"href":"https:\/\/monde25.info\/index.php\/wp-json\/wp\/v2\/posts\/27063","targetHints":{"allow":["GET"]}}],"collection":[{"href":"https:\/\/monde25.info\/index.php\/wp-json\/wp\/v2\/posts"}],"about":[{"href":"https:\/\/monde25.info\/index.php\/wp-json\/wp\/v2\/types\/post"}],"author":[{"embeddable":true,"href":"https:\/\/monde25.info\/index.php\/wp-json\/wp\/v2\/users\/1"}],"replies":[{"embeddable":true,"href":"https:\/\/monde25.info\/index.php\/wp-json\/wp\/v2\/comments?post=27063"}],"version-history":[{"count":0,"href":"https:\/\/monde25.info\/index.php\/wp-json\/wp\/v2\/posts\/27063\/revisions"}],"wp:featuredmedia":[{"embeddable":true,"href":"https:\/\/monde25.info\/index.php\/wp-json\/wp\/v2\/media\/27064"}],"wp:attachment":[{"href":"https:\/\/monde25.info\/index.php\/wp-json\/wp\/v2\/media?parent=27063"}],"wp:term":[{"taxonomy":"category","embeddable":true,"href":"https:\/\/monde25.info\/index.php\/wp-json\/wp\/v2\/categories?post=27063"},{"taxonomy":"post_tag","embeddable":true,"href":"https:\/\/monde25.info\/index.php\/wp-json\/wp\/v2\/tags?post=27063"}],"curies":[{"name":"wp","href":"https:\/\/api.w.org\/{rel}","templated":true}]}}