{"id":27071,"date":"2026-04-27T17:10:44","date_gmt":"2026-04-27T15:10:44","guid":{"rendered":"https:\/\/monde25.info\/index.php\/2026\/04\/27\/plainte-de-liran-contre-la-presence-illicite-de-bases-militaires-us-pour-mener-une-agression-contre-liran-par-amir-saeid-iravani\/"},"modified":"2026-04-27T17:10:44","modified_gmt":"2026-04-27T15:10:44","slug":"plainte-de-liran-contre-la-presence-illicite-de-bases-militaires-us-pour-mener-une-agression-contre-liran-par-amir-saeid-iravani","status":"publish","type":"post","link":"https:\/\/monde25.info\/index.php\/2026\/04\/27\/plainte-de-liran-contre-la-presence-illicite-de-bases-militaires-us-pour-mener-une-agression-contre-liran-par-amir-saeid-iravani\/","title":{"rendered":"Plainte de l&rsquo;Iran contre la pr\u00e9sence illicite de bases militaires US pour mener une agression contre l&rsquo;Iran, par Amir Saeid Iravani"},"content":{"rendered":"<p> <br \/>\n<\/p>\n<div>\n<div class=\"spip_document_253058 spip_document spip_documents spip_document_image spip_documents_center spip_document_center\">\n<figure class=\"spip_doc_inner\">\n<a target=\"_blank\" href=\"https:\/\/www.voltairenet.org\/IMG\/jpg\/iravani-46.jpg\" class=\"spip_doc_lien mediabox\" type=\"image\/jpeg\"><br \/>\n<img loading=\"lazy\" decoding=\"async\" src=\"https:\/\/www.voltairenet.org\/local\/cache-vignettes\/L800xH600\/iravani-46-47728.jpg?1777288174\" width=\"800\" height=\"600\" alt=\"\"\/><\/a><br \/>\n<\/figure>\n<\/div>\n<p>\tD\u2019ordre de mon Gouvernement et comme suite \u00e0 nos pr\u00e9c\u00e9dentes communications, je vous \u00e9cris pour r\u00e9pondre \u00e0 la lettre dat\u00e9e du 7 avril 2026 que le Repr\u00e9sentant permanent du Royaume de Bahre\u00efn aupr\u00e8s de l\u2019Organisation des Nations Unies a adress\u00e9e au Pr\u00e9sident du Conseil de s\u00e9curit\u00e9 et au Secr\u00e9taire g\u00e9n\u00e9ral au nom d\u2019un certain nombre d\u2019\u00c9tats voisins du golfe Persique (S\/2026\/298).<\/p>\n<p>\tLa R\u00e9publique islamique d\u2019Iran rejette cat\u00e9goriquement les all\u00e9gations formul\u00e9es dans ladite lettre, lesquelles sont d\u00e9nu\u00e9es de tout fondement et d\u00e9lib\u00e9r\u00e9ment trompeuses. \u00c0 cet \u00e9gard, j\u2019ai \u00e9galement re\u00e7u pour instruction de consigner l\u2019affirmation sans \u00e9quivoque de la responsabilit\u00e9 internationale qui incombe \u00e0 ces m\u00eames \u00c9tats du fait de leurs propres actes internationalement illicites.<\/p>\n<p>\tComme nous l\u2019avons d\u00e9j\u00e0 expos\u00e9 dans nos nombreuses communications ant\u00e9rieures d\u00fbment \u00e9tay\u00e9es, le 28 f\u00e9vrier 2026, les \u00c9tats-Unis d\u2019Am\u00e9rique et le r\u00e9gime isra\u00e9lien ont men\u00e9 une attaque arm\u00e9e ill\u00e9gale contre la R\u00e9publique islamique d\u2019Iran, en violation flagrante des principes cardinaux du droit international, dont l\u2019interdiction de l\u2019emploi de la force et la norme imp\u00e9rative (jus cogens) prohibant toute agression. Le communiqu\u00e9 en question omet d\u00e9lib\u00e9r\u00e9ment ce fait essentiel et d\u00e9terminant, et vise au contraire \u00e0 renverser le cadre factuel et juridique, notamment en imputant la responsabilit\u00e9 \u00e0 l\u2019\u00c9tat qui est pourtant victime d\u2019agression.<\/p>\n<p>\tIl est d\u00e9plorable que, d\u00e8s les premi\u00e8res phases de pr\u00e9paration et d\u00e8s le premier jour de l\u2019acte d\u2019agression, ainsi que tout au long de la commission de crimes de guerre, les installations, le territoire et l\u2019espace a\u00e9rien de certains \u00c9tats de la r\u00e9gion aient \u00e9t\u00e9 illicitement mis \u00e0 la disposition des agresseurs afin de leur permettre de mener des actes d\u2019agression et de perp\u00e9trer des crimes odieux contre des cibles civiles, notamment des enfants et des innocents, ainsi que contre des biens prot\u00e9g\u00e9s tels que des \u00e9coles, des h\u00f4pitaux, des biens culturels et d\u2019autres infrastructures civiles. \u00c0 titre d\u2019exemple, les attentats terroristes barbares perp\u00e9tr\u00e9s contre une \u00e9cole \u00e0 Minab, qui ont co\u00fbt\u00e9 la vie \u00e0 au moins 168 \u00e9coliers et \u00e9coli\u00e8res, ont \u00e9t\u00e9 men\u00e9s depuis le territoire de ces m\u00eames \u00c9tats. Il ne fait aucun doute que ce comportement rel\u00e8ve de l\u2019alin\u00e9a f) de l\u2019article 3 de l\u2019annexe \u00e0 la r\u00e9solution 3314 (XXIX) de l\u2019Assembl\u00e9e g\u00e9n\u00e9rale.<\/p>\n<p>\tD\u2019apr\u00e8s les observations et les analyses faites par les Forces arm\u00e9es de la R\u00e9publique islamique d\u2019Iran, les agresseurs utilisent de mani\u00e8re r\u00e9p\u00e9t\u00e9e le territoire et l\u2019espace a\u00e9rien de ces \u00c9tats pour appr\u00eater des armes et planifier, pr\u00e9parer et mener des op\u00e9rations militaires illicites contre la R\u00e9publique islamique d\u2019Iran. Des exemples concrets d\u2019un tel comportement ont d\u00e9j\u00e0 \u00e9t\u00e9 formellement signal\u00e9s aux \u00c9tats concern\u00e9s par voie de notes diplomatiques.<\/p>\n<p>\tPar ailleurs, les vestiges mat\u00e9riels provenant des armes utilis\u00e9es pour commettre cette agression, qui ont \u00e9t\u00e9 retrouv\u00e9s dans plusieurs villes touch\u00e9es, confirment que ces armes faisaient partie des arsenaux de certains \u00c9tats du golfe Persique. Les \u00e9l\u00e9ments de preuve pr\u00e9sent\u00e9s montrent clairement que ces \u00c9tats ont non seulement aid\u00e9 et encourag\u00e9 les agresseurs, mais \u00e9galement particip\u00e9 eux-m\u00eames \u00e0 la commission d\u2019actes d\u2019agression, tels que d\u00e9finis par le droit international coutumier et codifi\u00e9s dans la r\u00e9solution 3314 (XXIX) de l\u2019Assembl\u00e9e g\u00e9n\u00e9rale. Ce comportement rel\u00e8ve en particulier des alin\u00e9as a), b) et d) de l\u2019article 3 de l\u2019annexe \u00e0 ladite r\u00e9solution.<\/p>\n<p>\tConform\u00e9ment au droit international coutumier, tel qu\u2019il ressort de l\u2019article 16 des articles de la Commission du droit international sur la responsabilit\u00e9 de l\u2019\u00c9tat pour fait internationalement illicite, la conduite de ces \u00c9tats engage leur responsabilit\u00e9 internationale et entra\u00eene l\u2019obligation de fournir une r\u00e9paration int\u00e9grale, notamment une indemnisation compl\u00e8te des dommages r\u00e9sultant des actes d\u2019agression commis contre la R\u00e9publique islamique d\u2019Iran.<\/p>\n<p>\tS\u2019agissant des all\u00e9gations de terrorisme, la R\u00e9publique islamique d\u2019Iran, en tant que grande victime du terrorisme, a constamment d\u00e9montr\u00e9 sa d\u00e9termination in\u00e9branlable, son engagement r\u00e9solu et son r\u00f4le d\u00e9terminant dans la lutte contre ce ph\u00e9nom\u00e8ne, en aidant efficacement les \u00c9tats touch\u00e9s \u00e0 combattre et \u00e0 affaiblir des groupes terroristes tels qu\u2019Al-Qaida et l\u2019EIIL. Dans le m\u00eame temps, certaines attaques organis\u00e9es et perp\u00e9tr\u00e9es de mani\u00e8re \u00e9hont\u00e9e contre des responsables gouvernementaux et des scientifiques de la R\u00e9publique islamique d\u2019Iran restent impunies.<\/p>\n<p>\tLes all\u00e9gations d\u00e9nu\u00e9es de tout fondement concernant les pr\u00e9tendus \u00ab\u00a0liens\u00a0\u00bb entre la R\u00e9publique islamique d\u2019Iran et des groupes terroristes tels qu\u2019Al-Qaida, qui ignorent d\u00e9lib\u00e9r\u00e9ment les co\u00fbts humains et financiers consid\u00e9rables support\u00e9s par l\u2019Iran dans sa lutte contre les groupes terroristes et extr\u00e9mistes, ne sauraient occulter ni les liens historiques entre ces groupes terroristes et certains blocs ou organisations accusateurs, ni la v\u00e9ritable nature et l\u2019origine de l\u2019agression en cours contre le pays.<\/p>\n<p>\tIl convient en outre de rappeler que la principale source d\u2019instabilit\u00e9 dans la r\u00e9gion provient, sans l\u2019ombre d\u2019un doute, des agissements auxquels le r\u00e9gime isra\u00e9lien se livre sous l\u2019\u00e9gide des \u00c9tats-Unis. Les mouvements de r\u00e9sistance tels que le Hezbollah et les groupes de r\u00e9sistance en Iraq, qui constituent des r\u00e9ponses naturelles \u00e0 l\u2019apartheid, \u00e0 l\u2019occupation et au terrorisme, font partie int\u00e9grante du tissu national et de l\u2019identit\u00e9 de leurs pays respectifs. Ils ont vu le jour de mani\u00e8re organique et spontan\u00e9e en r\u00e9action \u00e0 des actes d\u2019agression et d\u2019occupation prolong\u00e9s, et sont d\u00fbment repr\u00e9sent\u00e9s au sein des syst\u00e8mes politiques de ces pays. La R\u00e9publique islamique d\u2019Iran agit dans le respect de sa Constitution et du droit international et en accord avec sa position de principe en faveur de ces mouvements.<\/p>\n<p>\tIl est fort regrettable que certains pays de la r\u00e9gion persistent \u00e0 relayer les r\u00e9cits impos\u00e9s par le r\u00e9gime isra\u00e9lien, plut\u00f4t que d\u2019assumer leurs responsabilit\u00e9s morales et religieuses en appuyant les mouvements de r\u00e9sistance contre l\u2019occupation.<\/p>\n<p>\tLa R\u00e9publique islamique d\u2019Iran exprime par la pr\u00e9sente sa ferme et cat\u00e9gorique opposition \u00e0 ces actes ill\u00e9gaux et exhorte les \u00c9tats Membres du golfe Persique \u00e0 se conformer pleinement \u00e0 leurs obligations internationales, sans chercher \u00e0 d\u00e9tourner l\u2019attention du Conseil de s\u00e9curit\u00e9 vers des all\u00e9gations mensong\u00e8res et d\u00e9nu\u00e9es de tout fondement. Cela suppose la cessation imm\u00e9diate et durable de toute forme d\u2019agression, qu\u2019elle provienne du territoire de ces \u00c9tats ou de leurs forces arm\u00e9es.<\/p>\n<p>\tLa R\u00e9publique islamique d\u2019Iran se r\u00e9serve tous les droits que lui conf\u00e8re le droit international pour demander des comptes \u00e0 ceux dont les actes internationalement illicites ont contribu\u00e9 \u00e0 porter atteinte \u00e0 sa souverainet\u00e9 et \u00e0 son int\u00e9grit\u00e9 territoriale. Les tentatives persistantes visant \u00e0 d\u00e9former les faits et \u00e0 se soustraire \u00e0 toute responsabilit\u00e9 risquent d\u2019entra\u00eener une nouvelle escalade et constituent une grave menace pour la paix et la s\u00e9curit\u00e9 internationales. Le Conseil de s\u00e9curit\u00e9 doit, dans le plein respect de la Charte des Nations Unies, s\u2019attaquer aux causes directes de la situation actuelle, \u00e0 savoir l\u2019emploi illicite de la force, les crimes de guerre, les actes de terrorisme odieux et la complicit\u00e9 des \u00c9tats qui ont facilit\u00e9 ces actes ill\u00e9gaux contre la R\u00e9publique islamique d\u2019Iran.<\/p>\n<p>\tJe vous serais reconnaissant de bien vouloir faire distribuer le texte de la pr\u00e9sente lettre comme document du Conseil de s\u00e9curit\u00e9.<\/p>\n<\/div>\n<p><br \/>\n<br \/><a href=\"https:\/\/www.voltairenet.org\/article224343.html\" target=\"_blank\"\">Source link <\/a><\/p>\n","protected":false},"excerpt":{"rendered":"<p>D\u2019ordre de mon Gouvernement et comme suite \u00e0 nos pr\u00e9c\u00e9dentes communications, je vous \u00e9cris pour r\u00e9pondre \u00e0 la lettre dat\u00e9e du 7 avril 2026 que le Repr\u00e9sentant permanent du Royaume&hellip; <\/p>\n","protected":false},"author":1,"featured_media":27072,"comment_status":"open","ping_status":"open","sticky":false,"template":"","format":"standard","meta":{"footnotes":""},"categories":[1],"tags":[],"class_list":["post-27071","post","type-post","status-publish","format-standard","has-post-thumbnail","hentry","category-non-classe"],"_links":{"self":[{"href":"https:\/\/monde25.info\/index.php\/wp-json\/wp\/v2\/posts\/27071","targetHints":{"allow":["GET"]}}],"collection":[{"href":"https:\/\/monde25.info\/index.php\/wp-json\/wp\/v2\/posts"}],"about":[{"href":"https:\/\/monde25.info\/index.php\/wp-json\/wp\/v2\/types\/post"}],"author":[{"embeddable":true,"href":"https:\/\/monde25.info\/index.php\/wp-json\/wp\/v2\/users\/1"}],"replies":[{"embeddable":true,"href":"https:\/\/monde25.info\/index.php\/wp-json\/wp\/v2\/comments?post=27071"}],"version-history":[{"count":0,"href":"https:\/\/monde25.info\/index.php\/wp-json\/wp\/v2\/posts\/27071\/revisions"}],"wp:featuredmedia":[{"embeddable":true,"href":"https:\/\/monde25.info\/index.php\/wp-json\/wp\/v2\/media\/27072"}],"wp:attachment":[{"href":"https:\/\/monde25.info\/index.php\/wp-json\/wp\/v2\/media?parent=27071"}],"wp:term":[{"taxonomy":"category","embeddable":true,"href":"https:\/\/monde25.info\/index.php\/wp-json\/wp\/v2\/categories?post=27071"},{"taxonomy":"post_tag","embeddable":true,"href":"https:\/\/monde25.info\/index.php\/wp-json\/wp\/v2\/tags?post=27071"}],"curies":[{"name":"wp","href":"https:\/\/api.w.org\/{rel}","templated":true}]}}