{"id":27073,"date":"2026-04-27T17:43:39","date_gmt":"2026-04-27T15:43:39","guid":{"rendered":"https:\/\/monde25.info\/index.php\/2026\/04\/27\/bennes-a-vetements-qui-debordent-170-000-euros-damende-contre-un-eco-organisme\/"},"modified":"2026-04-27T17:43:39","modified_gmt":"2026-04-27T15:43:39","slug":"bennes-a-vetements-qui-debordent-170-000-euros-damende-contre-un-eco-organisme","status":"publish","type":"post","link":"https:\/\/monde25.info\/index.php\/2026\/04\/27\/bennes-a-vetements-qui-debordent-170-000-euros-damende-contre-un-eco-organisme\/","title":{"rendered":"Bennes \u00e0 v\u00eatements qui d\u00e9bordent\u00a0: 170\u00a0000 euros d&#039;amende contre un \u00e9co-organisme"},"content":{"rendered":"<p> <br \/>\n<br \/><img loading=\"lazy\" decoding=\"async\" src=\"https:\/\/reporterre.net\/local\/cache-vignettes\/L700xH467\/bennafringuecding-fc6ef.jpg?1777303012\" class=\"spip_logo\" width=\"700\" height=\"467\" alt=\"\" \/><\/p>\n<p>170 000 euros. C&rsquo;est le montant de l&rsquo;amende que les pouvoirs publics ont d\u00e9cid\u00e9 d&rsquo;infliger \u00e0 l&rsquo;\u00e9co-organisme de la fili\u00e8re textile, Refashion. Motif\u00a0: non prise en charge des d\u00e9chets textiles au cours des ann\u00e9es 2024 et 2025, comme l&rsquo;a confirm\u00e9 le minist\u00e8re de la Transition \u00e9cologique le 27\u00a0avril aupr\u00e8s de l&rsquo;<span class=\"caps\">AFP<\/span>. <br class=\"autobr\" \/><br \/>\nRefashion est tenu, conform\u00e9ment \u00e0 son cahier des charges, de reprendre sans frais les d\u00e9chets collect\u00e9s par les op\u00e9rateurs de l&rsquo;\u00e9conomie sociale et solidaire (<span class=\"caps\">ESS<\/span>), comme Le\u00a0(\u2026)<\/p>\n<p>                    <a target=\"_blank\" href=\"https:\/\/reporterre.net\/Bennes-a-vetements-qui-debordent-170-000-euros-d-amende-contre-un-eco-organisme?utm_source=RSS&amp;utm_medium=RSS\">Lire la suite<\/a><\/p>\n<p>                    &#8211;<br \/>\n                        <a target=\"_blank\" href=\"https:\/\/reporterre.net\/Breves-20\" rel=\"directory\">En bref<\/a><\/p>\n<p>                    \/<br \/>\n                        <a target=\"_blank\" href=\"https:\/\/reporterre.net\/Dechets\" rel=\"tag\">D\u00e9chets<\/a><br \/>\n                    ,<br \/>\n                        <a target=\"_blank\" href=\"https:\/\/reporterre.net\/Justice\" rel=\"tag\">Justice<\/a><br \/>\n<br \/><br \/>\n<br \/><a href=\"https:\/\/reporterre.net\/Bennes-a-vetements-qui-debordent-170-000-euros-d-amende-contre-un-eco-organisme\" target=\"_blank\"\">Source link <\/a><\/p>\n","protected":false},"excerpt":{"rendered":"<p>170 000 euros. C&rsquo;est le montant de l&rsquo;amende que les pouvoirs publics ont d\u00e9cid\u00e9 d&rsquo;infliger \u00e0 l&rsquo;\u00e9co-organisme de la fili\u00e8re textile, Refashion. Motif\u00a0: non prise en charge des d\u00e9chets textiles&hellip; <\/p>\n","protected":false},"author":1,"featured_media":0,"comment_status":"open","ping_status":"open","sticky":false,"template":"","format":"standard","meta":{"footnotes":""},"categories":[1],"tags":[],"class_list":["post-27073","post","type-post","status-publish","format-standard","hentry","category-non-classe"],"_links":{"self":[{"href":"https:\/\/monde25.info\/index.php\/wp-json\/wp\/v2\/posts\/27073","targetHints":{"allow":["GET"]}}],"collection":[{"href":"https:\/\/monde25.info\/index.php\/wp-json\/wp\/v2\/posts"}],"about":[{"href":"https:\/\/monde25.info\/index.php\/wp-json\/wp\/v2\/types\/post"}],"author":[{"embeddable":true,"href":"https:\/\/monde25.info\/index.php\/wp-json\/wp\/v2\/users\/1"}],"replies":[{"embeddable":true,"href":"https:\/\/monde25.info\/index.php\/wp-json\/wp\/v2\/comments?post=27073"}],"version-history":[{"count":0,"href":"https:\/\/monde25.info\/index.php\/wp-json\/wp\/v2\/posts\/27073\/revisions"}],"wp:attachment":[{"href":"https:\/\/monde25.info\/index.php\/wp-json\/wp\/v2\/media?parent=27073"}],"wp:term":[{"taxonomy":"category","embeddable":true,"href":"https:\/\/monde25.info\/index.php\/wp-json\/wp\/v2\/categories?post=27073"},{"taxonomy":"post_tag","embeddable":true,"href":"https:\/\/monde25.info\/index.php\/wp-json\/wp\/v2\/tags?post=27073"}],"curies":[{"name":"wp","href":"https:\/\/api.w.org\/{rel}","templated":true}]}}