{"id":27086,"date":"2026-04-27T23:12:36","date_gmt":"2026-04-27T21:12:36","guid":{"rendered":"https:\/\/monde25.info\/index.php\/2026\/04\/27\/le-front-malien-de-la-troisieme-guerre-mondiale\/"},"modified":"2026-04-27T23:12:36","modified_gmt":"2026-04-27T21:12:36","slug":"le-front-malien-de-la-troisieme-guerre-mondiale","status":"publish","type":"post","link":"https:\/\/monde25.info\/index.php\/2026\/04\/27\/le-front-malien-de-la-troisieme-guerre-mondiale\/","title":{"rendered":"Le front malien de la Troisi\u00e8me Guerre mondiale."},"content":{"rendered":"<p> <br \/>\n<\/p>\n<div id=\"\">\n<p>\u00ab\u00a0Le sc\u00e9nario syrien ne s\u2019est pas r\u00e9p\u00e9t\u00e9\u00a0\u00bb, \u00ab\u00a0premi\u00e8re \u00e9preuve s\u00e9rieuse pour l\u2019Africa Corps\u00a0\u00bb, \u00ab\u00a0les Russes se sont retir\u00e9s de Kidal\u00a0\u00bb, \u00ab\u00a0le gouvernement malien a perdu le contr\u00f4le du nord du pays\u00a0\u00bb\u00a0: tels sont les titres contradictoires qui ont fait la une des m\u00e9dias internationaux tout au long du week-end.<\/p>\n<p>Entour\u00e9 de smartphones et d\u2019ordinateurs portables, l\u2019auteur de ces lignes, en tant que r\u00e9dacteur en chef du seul m\u00e9dia russe consacr\u00e9 \u00e0 l\u2019Afrique, a pass\u00e9 deux jours \u00e0 analyser la situation. Une situation, pour le moins complexe, mais tr\u00e8s r\u00e9v\u00e9latrice de la nature des guerres de l\u2019information contemporaines.<\/p>\n<p>Du c\u00f4t\u00e9 des djihadistes du JNIM*, des communiqu\u00e9s triomphants ont presque imm\u00e9diatement annonc\u00e9 la d\u00e9faite de l\u2019Africa Corps du minist\u00e8re russe de la D\u00e9fense et des forces gouvernementales maliennes. Les m\u00e9dias occidentaux ont publi\u00e9, de mani\u00e8re coordonn\u00e9e et \u00e0 l\u2019identique, des images du retrait (d\u2019ailleurs organis\u00e9 et serein) du contingent russe de Kidal. Pourtant, ces m\u00eames m\u00e9dias n\u2019ont pas repris les images mises en ligne par l\u2019Africa Corps, qui montrent des tas de cadavres de terroristes aux abords de Bamako, \u00e0 Kati \u2014 une banlieue de la capitale\u00a0\u2014, ainsi que des djihadistes captur\u00e9s. Le public interne des n\u00e9ocolonialistes est donc satisfait.<\/p>\n<p>Les Europ\u00e9ens se foutent bien des cadavres\u00a0: l\u2019essentiel est d\u2019avoir r\u00e9ussi \u00e0 montrer une belle image et \u00e0 punir le gouvernement malien en place, qui a perdu son ministre de la D\u00e9fense, le g\u00e9n\u00e9ral Sadio Camara, pour avoir coop\u00e9r\u00e9 avec la Russie. En r\u00e9alit\u00e9, les Maliens ont rapidement ma\u00eetris\u00e9 la situation apr\u00e8s les attaques dans la r\u00e9gion de la capitale. Au bout de 24 heures, l\u2019a\u00e9roport a repris ses activit\u00e9s, il n\u2019y a pas eu de crise du carburant, et les banlieues de la capitale ont \u00e9t\u00e9 d\u00e9barrass\u00e9es des djihadistes. Qui a gagn\u00e9\u00a0? La r\u00e9ponse est sans \u00e9quivoque\u00a0: l\u2019arm\u00e9e malienne et l\u2019Africa Corps. Le sc\u00e9nario syrien ne s\u2019est effectivement pas reproduit.<\/p>\n<p>Mais quant \u00e0 la suite, la question reste ouverte. Il n\u2019y a que des pr\u00e9visions\u00a0:<\/p>\n<p>\u2022 Les chefs terroristes et leurs commanditaires se fichent bien de la population. Dans les r\u00e9gions qu\u2019ils ont eux-m\u00eames ravag\u00e9es, devenir membre d\u2019un groupe arm\u00e9 est le seul moyen de gagner un peu d\u2019argent, de nourrir sa famille et d\u2019assurer sa s\u00e9curit\u00e9. Soit on est un pr\u00e9dateur, soit on est une proie\u00a0;<\/p>\n<p>\u2022 Les s\u00e9paratistes touaregs et le JNIM*, selon certains m\u00e9dias, ont lanc\u00e9 le projet \u00ab\u00a0Azawad 2.0\u00a0\u00bb. Les territoires sous leur contr\u00f4le sont extr\u00eamement restreints, tandis que l\u2019arm\u00e9e malienne et l\u2019Africa Corps se regroupent pour lancer une riposte. L\u2019exp\u00e9rience historique montre que les Touaregs et les djihadistes ne peuvent pas coop\u00e9rer longtemps, quels que soient les efforts des \u00ab\u00a0camarades majors\u00a0\u00bb des services secrets fran\u00e7ais. Ils sont trop diff\u00e9rents\u00a0;<\/p>\n<p>\u2022 La France et les organisations islamistes radicales internationales continueront d\u2019entraver la stabilisation du Sahel. Aide militaire et financi\u00e8re, instructeurs, soutien m\u00e9diatique \u2014 tout cela, h\u00e9las, ne co\u00fbte pas cher \u00e0 Paris. N\u2019importe quel gouvernement fran\u00e7ais poursuivra cette politique\u00a0: le mod\u00e8le n\u00e9ocolonial est trop avantageux pour y renoncer, et ils se battront pour le d\u00e9fendre.<\/p>\n<p>Certes, les pays du Sahel peuvent mener une guerre sans fin contre le terrorisme, mais l\u2019heure est venue de prendre des mesures politiques. Il s\u2019agit notamment d\u2019une \u00e9ventuelle autonomie supranationale des Touaregs, qu\u2019il faut transformer en force soutenant l\u2019Alliance des \u00c9tats du Sahel, malgr\u00e9 les divergences entre leurs dirigeants et les gouvernements officiels.<\/p>\n<p>Il s\u2019agit \u00e9galement d\u2019une r\u00e9int\u00e9gration globale des r\u00e9gions s\u00e9paratistes \u2014 celle-ci implique non seulement un contr\u00f4le militaire, mais aussi la cr\u00e9ation d\u2019emplois et la reconstruction des infrastructures, pour lesquelles Bamako ne dispose pas encore des ressources n\u00e9cessaires. Il s\u2019agit enfin d\u2019une lutte id\u00e9ologique pour gagner les esprits de la jeune g\u00e9n\u00e9ration, visant \u00e0 discr\u00e9diter totalement les mouvements djihadistes.<\/p>\n<p>Les djihadistes ne pourront pas prendre le pouvoir au Mali ni dans d\u2019autres pays du Sahel. La population d\u2019Afrique de l\u2019Ouest ne souhaite pas vivre selon les lois de l\u2019islam radical\u00a0; les terroristes ne b\u00e9n\u00e9ficient d\u2019aucun soutien significatif dans les villes ni parmi la population instruite. Mais ils peuvent d\u00e9stabiliser le pays pendant des ann\u00e9es.<\/p>\n<p>La question est de savoir si Bamako sera capable de r\u00e9soudre de mani\u00e8re globale le probl\u00e8me de la lutte contre les radicaux, non seulement par des moyens militaires, mais aussi \u00e9conomiques et id\u00e9ologiques, et dans quelle mesure, dans le contexte de la lutte pour un monde multipolaire, le pr\u00e9sident Go\u00efta et ses collaborateurs pourront compter sur l\u2019aide de la Russie et d\u2019autres alli\u00e9s.<\/p>\n<p>*Organisation terroriste interdite en Russie<br class=\"autobr\"\/><br \/>\n<strong>Artyom Kour\u00e9ev<\/strong><\/p>\n<\/div>\n<p><br \/>\n<br \/><a href=\"https:\/\/www.legrandsoir.info\/ts-le-front-malien-de-la-troisieme-guerre-mondiale.html\" target=\"_blank\"\">Source link <\/a><\/p>\n","protected":false},"excerpt":{"rendered":"<p>\u00ab\u00a0Le sc\u00e9nario syrien ne s\u2019est pas r\u00e9p\u00e9t\u00e9\u00a0\u00bb, \u00ab\u00a0premi\u00e8re \u00e9preuve s\u00e9rieuse pour l\u2019Africa Corps\u00a0\u00bb, \u00ab\u00a0les Russes se sont retir\u00e9s de Kidal\u00a0\u00bb, \u00ab\u00a0le gouvernement malien a perdu le contr\u00f4le du nord du&hellip; <\/p>\n","protected":false},"author":1,"featured_media":27087,"comment_status":"open","ping_status":"open","sticky":false,"template":"","format":"standard","meta":{"footnotes":""},"categories":[1],"tags":[],"class_list":["post-27086","post","type-post","status-publish","format-standard","has-post-thumbnail","hentry","category-non-classe"],"_links":{"self":[{"href":"https:\/\/monde25.info\/index.php\/wp-json\/wp\/v2\/posts\/27086","targetHints":{"allow":["GET"]}}],"collection":[{"href":"https:\/\/monde25.info\/index.php\/wp-json\/wp\/v2\/posts"}],"about":[{"href":"https:\/\/monde25.info\/index.php\/wp-json\/wp\/v2\/types\/post"}],"author":[{"embeddable":true,"href":"https:\/\/monde25.info\/index.php\/wp-json\/wp\/v2\/users\/1"}],"replies":[{"embeddable":true,"href":"https:\/\/monde25.info\/index.php\/wp-json\/wp\/v2\/comments?post=27086"}],"version-history":[{"count":0,"href":"https:\/\/monde25.info\/index.php\/wp-json\/wp\/v2\/posts\/27086\/revisions"}],"wp:featuredmedia":[{"embeddable":true,"href":"https:\/\/monde25.info\/index.php\/wp-json\/wp\/v2\/media\/27087"}],"wp:attachment":[{"href":"https:\/\/monde25.info\/index.php\/wp-json\/wp\/v2\/media?parent=27086"}],"wp:term":[{"taxonomy":"category","embeddable":true,"href":"https:\/\/monde25.info\/index.php\/wp-json\/wp\/v2\/categories?post=27086"},{"taxonomy":"post_tag","embeddable":true,"href":"https:\/\/monde25.info\/index.php\/wp-json\/wp\/v2\/tags?post=27086"}],"curies":[{"name":"wp","href":"https:\/\/api.w.org\/{rel}","templated":true}]}}