{"id":27089,"date":"2026-04-28T01:24:37","date_gmt":"2026-04-27T23:24:37","guid":{"rendered":"https:\/\/monde25.info\/index.php\/2026\/04\/28\/gibert-annonce-son-intention-de-demande-de-placement-en-redressement-judiciaire\/"},"modified":"2026-04-28T01:24:37","modified_gmt":"2026-04-27T23:24:37","slug":"gibert-annonce-son-intention-de-demande-de-placement-en-redressement-judiciaire","status":"publish","type":"post","link":"https:\/\/monde25.info\/index.php\/2026\/04\/28\/gibert-annonce-son-intention-de-demande-de-placement-en-redressement-judiciaire\/","title":{"rendered":"Gibert annonce son intention de demande de placement en redressement judiciaire"},"content":{"rendered":"<p> <br \/>\n<\/p>\n<div>\n<p data-start=\"61\" data-end=\"415\">Le groupe Gibert, qui se pr\u00e9sente comme le principal libraire ind\u00e9pendant fran\u00e7ais, a annonc\u00e9 ce lundi 27 avril son intention de demander son placement en redressement judiciaire, invoquant l\u2019\u00e9rosion du march\u00e9 du livre neuf. Pour faire face \u00e0 cette crise, l\u2019enseigne entend acc\u00e9l\u00e9rer son repositionnement vers le march\u00e9 du livre d\u2019occasion, un segment en pleine expansion.<\/p>\n<p data-start=\"1016\" data-end=\"1275\">Gibert c&rsquo;est 16 librairies r\u00e9parties dans 12 villes et 500 salari\u00e9s. Le groupe explique subir un \u00ab effet ciseau \u00bb entre l\u2019envol\u00e9e des charges fixes \u2014 loyers et \u00e9nergie notamment \u2014 et l\u2019essoufflement du march\u00e9 du livre neuf, o\u00f9 les marges se r\u00e9duisent.<\/p>\n<p data-start=\"1277\" data-end=\"1584\">Pour assurer son avenir, Gibert mise d\u00e9sormais sur un changement strat\u00e9gique centr\u00e9 sur le livre d\u2019occasion, un secteur dont la croissance atteint environ 10 % par an. L\u2019enseigne esp\u00e8re doubler la part de ce segment dans ses ventes d\u2019ici 2029 ; il repr\u00e9sente aujourd\u2019hui d\u00e9j\u00e0 35 % de son chiffre d\u2019affaires.<\/p>\n<p data-start=\"1586\" data-end=\"1978\">Anciennement scind\u00e9 entre Gibert Joseph et Gibert Jeune jusqu\u2019en 2017, le groupe revendique aujourd\u2019hui une place de leader parmi les libraires et disquaires ind\u00e9pendants, avec plus de 500 000 r\u00e9f\u00e9rences, neuves et d\u2019occasion. En compl\u00e9ment des livres, certains magasins proposent \u00e9galement vid\u00e9os et papeterie. En 2025, l\u2019entreprise a enregistr\u00e9 un chiffre d\u2019affaires de 86 millions d\u2019euros.<\/p>\n<p data-start=\"1980\" data-end=\"2273\" data-is-last-node=\"\" data-is-only-node=\"\">Ce tournant intervient quelques ann\u00e9es apr\u00e8s un symbole fort du repli de l\u2019enseigne : en 2021, Gibert avait ferm\u00e9 quatre librairies historiques place Saint-Michel \u00e0 Paris, mettant fin \u00e0 135 ans de pr\u00e9sence sur ce site embl\u00e9matique, tout en conservant sa grande librairie proche de la Sorbonne.<\/p>\n<p data-start=\"1980\" data-end=\"2273\" data-is-last-node=\"\" data-is-only-node=\"\">Les librairies sont confront\u00e9es \u00e0 des fragilit\u00e9s croissantes, prises entre l\u2019\u00e9rosion des habitudes de lecture et la pression exerc\u00e9e par les g\u00e9ants de la vente en ligne.<\/p>\n<\/div>\n<p><script>(function(d, s, id) {  var js, fjs = d.getElementsByTagName(s)[0];  if (d.getElementById(id)) return;  js = d.createElement(s); js.id = id;  js.src = \"\/\/connect.facebook.net\/fr_FR\/sdk.js#xfbml=1&version=v2.3\";  fjs.parentNode.insertBefore(js, fjs);}(document, \"script\", \"facebook-jssdk\"));<\/script><br \/>\n<br \/><br \/>\n<br \/><a href=\"https:\/\/www.francesoir.fr\/societe-economie\/gibert-annonce-son-intention-de-demande-de-placement-en-redressement-judiciaire\" target=\"_blank\"\">Source link <\/a><\/p>\n","protected":false},"excerpt":{"rendered":"<p>Le groupe Gibert, qui se pr\u00e9sente comme le principal libraire ind\u00e9pendant fran\u00e7ais, a annonc\u00e9 ce lundi 27 avril son intention de demander son placement en redressement judiciaire, invoquant l\u2019\u00e9rosion du&hellip; <\/p>\n","protected":false},"author":1,"featured_media":27090,"comment_status":"open","ping_status":"open","sticky":false,"template":"","format":"standard","meta":{"footnotes":""},"categories":[1],"tags":[],"class_list":["post-27089","post","type-post","status-publish","format-standard","has-post-thumbnail","hentry","category-non-classe"],"_links":{"self":[{"href":"https:\/\/monde25.info\/index.php\/wp-json\/wp\/v2\/posts\/27089","targetHints":{"allow":["GET"]}}],"collection":[{"href":"https:\/\/monde25.info\/index.php\/wp-json\/wp\/v2\/posts"}],"about":[{"href":"https:\/\/monde25.info\/index.php\/wp-json\/wp\/v2\/types\/post"}],"author":[{"embeddable":true,"href":"https:\/\/monde25.info\/index.php\/wp-json\/wp\/v2\/users\/1"}],"replies":[{"embeddable":true,"href":"https:\/\/monde25.info\/index.php\/wp-json\/wp\/v2\/comments?post=27089"}],"version-history":[{"count":0,"href":"https:\/\/monde25.info\/index.php\/wp-json\/wp\/v2\/posts\/27089\/revisions"}],"wp:featuredmedia":[{"embeddable":true,"href":"https:\/\/monde25.info\/index.php\/wp-json\/wp\/v2\/media\/27090"}],"wp:attachment":[{"href":"https:\/\/monde25.info\/index.php\/wp-json\/wp\/v2\/media?parent=27089"}],"wp:term":[{"taxonomy":"category","embeddable":true,"href":"https:\/\/monde25.info\/index.php\/wp-json\/wp\/v2\/categories?post=27089"},{"taxonomy":"post_tag","embeddable":true,"href":"https:\/\/monde25.info\/index.php\/wp-json\/wp\/v2\/tags?post=27089"}],"curies":[{"name":"wp","href":"https:\/\/api.w.org\/{rel}","templated":true}]}}