{"id":2709,"date":"2025-02-16T04:50:02","date_gmt":"2025-02-16T03:50:02","guid":{"rendered":"https:\/\/monde25.info\/index.php\/2025\/02\/16\/a-dijon-la-mairie-veut-faire-tomber-le-quartier-autogere-des-lentilleres\/"},"modified":"2025-02-16T04:50:02","modified_gmt":"2025-02-16T03:50:02","slug":"a-dijon-la-mairie-veut-faire-tomber-le-quartier-autogere-des-lentilleres","status":"publish","type":"post","link":"https:\/\/monde25.info\/index.php\/2025\/02\/16\/a-dijon-la-mairie-veut-faire-tomber-le-quartier-autogere-des-lentilleres\/","title":{"rendered":"\u00c0 Dijon, la mairie veut faire tomber le quartier autog\u00e9r\u00e9 des Lentill\u00e8res"},"content":{"rendered":"<p> <br \/>\n<\/p>\n<div>\n<p class=\"indication_lieu\">Dijon ( C\u00f4te-d\u2019Or), reportage<\/p>\n<p><i>\u00ab<small class=\"fine d-inline\">\u00a0<\/small>\u00c0 un moment donn\u00e9, il va peut-\u00eatre falloir \u00e9vacuer cette zone<small class=\"fine d-inline\">\u00a0<\/small>\u00bb<\/i>, sur laquelle se trouveraient des <i>\u00ab<small class=\"fine d-inline\">\u00a0<\/small>bidonvilles<small class=\"fine d-inline\">\u00a0<\/small>\u00bb<\/i>, a d\u00e9clar\u00e9 la maire socialiste de Dijon nouvellement en poste, Nathalie Koenders, sur le plateau de <a target=\"_blank\" href=\"https:\/\/www.france.tv\/france-3\/bourgogne-franche-comte\/dimanche-en-politique-bourgogne\/6911071-nathalie-koenders-l-entretien.html#about-section\" class=\"spip_out\" rel=\"external\">France 3.<\/a> Un vent de panique souffle sur le <i>\u00ab<small class=\"fine d-inline\">\u00a0<\/small>quartier libre<small class=\"fine d-inline\">\u00a0<\/small>\u00bb<\/i> dit des Lentill\u00e8res depuis qu\u2019un incendie a compl\u00e8tement d\u00e9truit une maison au c\u0153ur de cette zone autog\u00e9r\u00e9e et agricole, mercredi 29\u00a0janvier.<\/p>\n<p>Le feu a \u00e9galement endommag\u00e9 le toit d\u2019un b\u00e2timent accol\u00e9. Aucun bless\u00e9 n\u2019a \u00e9t\u00e9 d\u00e9plor\u00e9, mais deux habitants ont perdu leur logement ainsi que toutes leurs affaires. Dans la foul\u00e9e, le premier adjoint au maire d\u00e9l\u00e9gu\u00e9 \u00e0 l\u2019Urbanisme, \u00e0 la Transition \u00e9cologique et \u00e0 l\u2019Administration g\u00e9n\u00e9rale, Antoine Hoareau, s\u2019est rendu sur place. Le lieu, n\u00e9 en 2010 pour r\u00e9sister \u00e0 un projet de b\u00e9tonisation, en a pris pour son grade.<\/p>\n<div class=\"spip_document_88767 spip_document spip_documents spip_document_image spip_documents_center spip_document_center spip_document_avec_legende\" data-legende-len=\"148\" data-legende-lenx=\"xxx\">\n<figure class=\"spip_doc_inner\">\n      <picture><source type=\"image\/webp\" srcset=\"https:\/\/reporterre.net\/local\/cache-vignettes\/L1050xH700\/p1180592-73c9a.jpg@.webp?1739540986\"><img decoding=\"async\" src=\"https:\/\/reporterre.net\/IMG\/jpg\/p1180592.jpg\" width=\"1200\" height=\"800\" loading=\"lazy\" alt=\"\"\/><br \/>\n    <\/source><\/picture><figcaption class=\"spip_doc_legende\">\n<p>Potagers partag\u00e9s, cantine&#8230; Depuis 2010, des habitants de Dijon font vivre le quartier libre dit des Lentill\u00e8res.<br \/>\n<i>\u00a9 Camille Jourdan \/ Reporterre<\/i><\/p>\n<\/figcaption><\/figure>\n<\/p><\/div>\n<p>L\u2019\u00e9lu a notamment \u00e9voqu\u00e9 des <i>\u00ab<small class=\"fine d-inline\">\u00a0<\/small>personnes [\u2026] log\u00e9es dans des conditions absolument indignes<small class=\"fine d-inline\">\u00a0<\/small>\u00bb<\/i>, <i>\u00ab<small class=\"fine d-inline\">\u00a0<\/small>des gens qui vivent \u00e0 m\u00eame le sol<small class=\"fine d-inline\">\u00a0<\/small>\u00bb<\/i>, <i>\u00ab<small class=\"fine d-inline\">\u00a0<\/small>une situation [..] de tr\u00e8s grande pr\u00e9carit\u00e9 et d\u2019inhumanit\u00e9<small class=\"fine d-inline\">\u00a0<\/small>\u00bb<\/i>, affirmant que <i>\u00ab<small class=\"fine d-inline\">\u00a0<\/small>m\u00eame nos animaux sont mieux trait\u00e9s<small class=\"fine d-inline\">\u00a0<\/small>\u00bb<\/i>.<\/p>\n<p><i>\u00ab<small class=\"fine d-inline\">\u00a0<\/small>Ces propos nous ont vraiment abattus<small class=\"fine d-inline\">\u00a0<\/small>\u00bb<\/i>, r\u00e9agit Morgane, habitante des Lentill\u00e8res depuis dix ans. <i>\u00ab<small class=\"fine d-inline\">\u00a0<\/small>Nous avons l\u2019impression que ces \u00e9lus ont pris quelques micro-\u00e9l\u00e9ments du quartier pour dire que c\u2019\u00e9tait un endroit horrible.<small class=\"fine d-inline\">\u00a0<\/small>\u00bb<\/i><\/p>\n<h2 class=\"spip\">Un dialogue rompu<\/h2>\n<p>La volont\u00e9 de la mairie de d\u00e9truire ce lieu bien connu des militants de gauche \u2014 qui accueille bien des \u00e9v\u00e9nements politiques et abrite de nombreuses personnes pr\u00e9caires \u2014 franchit un pas. L\u2019envie de la municipalit\u00e9\u00a0: arriver, enfin, \u00e0 cr\u00e9er son \u00e9coquartier (<i>\u00ab<small class=\"fine d-inline\">\u00a0<\/small>l\u2019\u00e9cocit\u00e9 Jardin des Mara\u00eechers<small class=\"fine d-inline\">\u00a0<\/small>\u00bb<\/i>, un projet de construction immobili\u00e8re.<\/p>\n<p>N\u00e9e en 2010 en contestation \u00e0 ce projet, la zad dijonnaise abrite depuis, sur 8 hectares, 80 personnes qui vivent dans des maisons, cabanes, caravanes et autres lieux de vie, ainsi que des jardins mara\u00eechers partag\u00e9s, une cantine \u2014 et m\u00eame un terrain de <span class=\"caps\">BMX<\/span>. <i>\u00ab<small class=\"fine d-inline\">\u00a0<\/small>Nous reconnaissons qu\u2019une pr\u00e9carit\u00e9 existe aux Lentill\u00e8res, mais elle existe aussi ailleurs<\/i>, dit Morgane. <i>Et elle est peut-\u00eatre plus facile \u00e0 vivre ici que dans des endroits isol\u00e9s, o\u00f9 on ne peut pas b\u00e9n\u00e9ficier d\u2019une telle solidarit\u00e9.<small class=\"fine d-inline\">\u00a0<\/small>\u00bb<\/i><\/p>\n<p>L\u2019entraide s\u2019est encore manifest\u00e9e lorsque l\u2019\u00e9lectricit\u00e9 a \u00e9t\u00e9 coup\u00e9e par la Ville dans une partie du quartier \u00e0 la suite de l\u2019incendie. <i>\u00ab<small class=\"fine d-inline\">\u00a0<\/small>Trente-cinq personnes se sont retrouv\u00e9es sans chauffage<\/i>, dit Morgane. <i>Nous avons tir\u00e9 des rallonges pour qu\u2019elles aient la lumi\u00e8re, et les gens se sont rassembl\u00e9s les uns chez les autres, pour dormir dans des pi\u00e8ces chauff\u00e9es.<small class=\"fine d-inline\">\u00a0<\/small>\u00bb<\/i><\/p>\n<p>Si Antoine Hoareau affirme rester dans <i>\u00ab<small class=\"fine d-inline\">\u00a0<\/small>une dynamique de dialogue<small class=\"fine d-inline\">\u00a0<\/small>\u00bb<\/i>, celui-ci semble pourtant rompu depuis plusieurs mois. Apr\u00e8s l\u2019abandon d\u2019une partie du projet d\u2019\u00e9coquartier en 2019, Fran\u00e7ois Rebsamen, le maire socialiste de l\u2019\u00e9poque, avait toujours maintenu l\u2019id\u00e9e de construire sur 2 \u2014 puis 1,4 \u2014 des 8 hectares des Lentill\u00e8res.<\/p>\n<p><center><br \/>\n  <\/p>\n<p><\/center><\/p>\n<p>\u00c0 l\u2019automne 2022, des discussions avaient \u00e9t\u00e9 entam\u00e9es entre des membres des Lentill\u00e8res et des employ\u00e9s de la mairie pour \u00e9tudier la mise en conformit\u00e9 des habitats, ainsi que la r\u00e9gularisation du quartier (en signant des baux). Las, le maire avait stopp\u00e9 ces \u00e9changes par une <a target=\"_blank\" href=\"https:\/\/www.bienpublic.com\/environnement\/2024\/01\/28\/fin-du-dialogue-avec-les-lentilleres-l-ultimatum-de-francois-rebsamen?login=1\" class=\"spip_out\" rel=\"external\">d\u00e9claration dans le journal local<\/a>, en janvier 2024.<\/p>\n<h2 class=\"spip\">Un \u00ab<small class=\"fine d-inline\">\u00a0<\/small>parc agriculturel<small class=\"fine d-inline\">\u00a0<\/small>\u00bb \u00e0 la place du quartier libre<\/h2>\n<p>Quelques mois plus tard, il a annonc\u00e9, lors d\u2019une r\u00e9union publique, la cr\u00e9ation d\u2019un <i>\u00ab<small class=\"fine d-inline\">\u00a0<\/small>parc agriculturel<small class=\"fine d-inline\">\u00a0<\/small>\u00bb<\/i> soit le maintien de nombreux espaces de mara\u00eechage, mais aussi la construction <i>\u00ab<small class=\"fine d-inline\">\u00a0<\/small>d\u2019entre 60 et 80 logements, de deux \u00e9tages maximum sur cet endroit, qui est pollu\u00e9 et qui abrite pour le moment une piste de <span class=\"caps\">BMX<\/span><small class=\"fine d-inline\">\u00a0<\/small>\u00bb<\/i>, comme le rapporte le magazine <a target=\"_blank\" href=\"https:\/\/www.dijonbeaunemag.fr\/dijon-un-referendum-pour-trancher-avenir-des-lentilleres-et-jardin-des-maraichers\/\" class=\"spip_out\" rel=\"external\"><i>Dijon Beaune<\/i><\/a>. Cette rencontre s\u2019est heurt\u00e9e \u00e0 l\u2019opposition d\u2019habitantes et habitants ainsi que de riverains, et s\u2019est sold\u00e9e par l\u2019annonce \u2014 officieuse \u2014 d\u2019un r\u00e9f\u00e9rendum pour d\u00e9cider du sort des Lentill\u00e8res. Depuis, silence radio.<\/p>\n<p>Avec les r\u00e9centes d\u00e9clarations de Nathalie Koenders, <i>\u00ab<small class=\"fine d-inline\">\u00a0<\/small>on assiste aujourd\u2019hui \u00e0 un r\u00e9trop\u00e9dalage de la mairie et de ce qu\u2019elle avait reconnu jusqu\u2019ici<\/i>, regrette Morgane. <i>Nous avons peur que ce recul aille plus loin.<small class=\"fine d-inline\">\u00a0<\/small>\u00bb<\/i><\/p>\n<blockquote class=\"spip\">\n<p>\u00ab<small class=\"fine d-inline\">\u00a0<\/small>On assiste \u00e0 un r\u00e9trop\u00e9dalage de la mairie<small class=\"fine d-inline\">\u00a0<\/small>\u00bb<\/p>\n<\/blockquote>\n<p><i>\u00ab<small class=\"fine d-inline\">\u00a0<\/small>Nous esp\u00e9rons toujours reprendre le dialogue<\/i>, affirment toutefois les d\u00e9fenseurs du quartier dans un communiqu\u00e9, <i>sur la base des cinq dimensions qu\u2019offrent les Lentill\u00e8res, et qu\u2019avait reconnues la mairie (la fonction sociale, celle de protection et valorisation de la biodiversit\u00e9, le mara\u00eechage, l\u2019habitat, et la dimension culturelle)<small class=\"fine d-inline\">\u00a0<\/small>\u00bb<\/i>. Ils insistent \u00e9galement sur leur <i>\u00ab<small class=\"fine d-inline\">\u00a0<\/small>volont\u00e9 de r\u00e9gulariser les lieux et de continuer la mise aux normes des b\u00e2timents<small class=\"fine d-inline\">\u00a0<\/small>\u00bb<\/i>.<\/p>\n<p>En 2019, les d\u00e9fenseurs du quartier libre avaient soumis l\u2019id\u00e9e de cr\u00e9er une <span class=\"caps\">ZEC<\/span> \u2014 une Zone d\u2019\u00e9cologies communale, cr\u00e9ation juridique locale \u2014 pour pr\u00e9server la richesse de cette exp\u00e9rimentation. Une proposition qui n\u2019avait pas re\u00e7u de r\u00e9ponse de la part de l\u2019institution.<\/p>\n<p><a target=\"_blank\" href=\"https:\/\/reporterre.net\/Quartier-libre-les-Lentilleres-de-Dijon-veulent-le-rester\" class=\"lien_lireaussi\"><strong>Lire aussi : <\/strong> <span>Quartier libre, les Lentill\u00e8res de Dijon veulent le rester<small class=\"fine d-inline\">\u00a0<\/small>!<\/span><\/a><\/p>\n<p>Le 8\u00a0f\u00e9vrier, un rassemblement en soutien aux Lentill\u00e8res a r\u00e9uni environ 300 personnes \u00e0 Dijon. Le quartier a aussi re\u00e7u le soutien d\u2019enseignants-chercheurs de l\u2019Universit\u00e9 de Bourgogne, ou encore de l\u2019Union Solidaires 21.<\/p>\n<aside class=\"boite_encarts\">\n<div class=\"encart encart_gris noprint\">\n<p><strong>Puisque vous \u00eates l\u00e0&#8230;<\/strong><\/p>\n<p>&#8230; nous avons un petit service \u00e0 vous demander.<br class=\"autobr\"\/><br \/>\nEntre la pr\u00e9sence d\u2019un climatosceptique \u00e0 la t\u00eate de la premi\u00e8re puissance mondiale, un gouvernement fran\u00e7ais qui flirte avec l\u2019extr\u00eame-droite, et les catastrophes climatiques qui s\u2019enchainent&#8230; Faire vivre l\u2019\u00e9cologie dans le d\u00e9bat public est un enjeu crucial.<\/p>\n<p>Personne ne modifie ce que nous publions. Nous n\u2019avons ni actionnaire, ni propri\u00e9taire milliardaire \u2014 seulement une \u00e9quipe d\u2019irr\u00e9ductibles journalistes, pleine de d\u00e9termination.<\/p>\n<p>Nous avons la conviction que l\u2019urgence \u00e9cologique est l\u2019enjeu majeur de notre \u00e9poque. Et comme plus de 2 millions de lectrices et lecteurs chaque mois, vous partagez sans doute cette conviction&#8230;<\/p>\n<p><strong>Depuis 12 ans, nous publions des articles de qualit\u00e9 sur l\u2019\u00e9cologie, en acc\u00e8s libre et sans publicit\u00e9, pour tous.<\/strong><br class=\"autobr\"\/><br \/>\nMais ce travail demande beaucoup de temps et de ressources.<\/p>\n<p>Alors, si vous en avez les moyens, sachez qu\u2019un don, m\u00eame d\u20191\u20ac, est un acte de soutien fort pour l\u2019\u00e9cologie et le journalisme ind\u00e9pendant.<br class=\"autobr\"\/><br \/>\n(Et \u00e7a vous prendra moins de temps que la lecture de ce texte).<\/p>\n<p><strong>Si vous le pouvez, choisissez un soutien mensuel. Merci.<\/strong><\/p>\n<p><a target=\"_blank\" href=\"https:\/\/reporterre.net\/dons\" class=\"bt_soutenir\">Je soutiens <i>Reporterre<\/i><\/a><\/p>\n<\/p><\/div>\n<div class=\"encart encart_vert noprint montre_1023\">\n<div class=\"infolettre-form-container noprint\">\n<p>Abonnez-vous \u00e0 la lettre d\u2019info de Reporterre<\/p>\n<\/div><\/div>\n<\/aside>\n<aside class=\"boite_apresarticle encart_note\">\n<\/aside>\n<aside class=\"boite_complement texte\">\n<p>      <!-- zone_forum --><br \/>\n          <\/aside>\n<aside class=\"boite_lireaussi noprint\">\n<\/aside>\n<aside class=\"colonne\">\n<div class=\"article_info cache_1023 noprint\">\n<p>    <span class=\"date\">14 f\u00e9vrier 2025  \u00e0 14h49<\/span><\/p>\n<p>    <span class=\"date_modif\">Mis \u00e0 jour le 15 f\u00e9vrier 2025 \u00e0 09h23<\/span>      <\/p>\n<p class=\"duree_lecture\">\n        Dur\u00e9e de lecture : 5 minutes\n      <\/p>\n<\/p><\/div>\n<div class=\"bloc_infolettre\">\n<div class=\"infolettre-form-container noprint\">\n<p>Abonnez-vous \u00e0 la lettre d\u2019info de Reporterre<\/p>\n<\/div><\/div>\n<\/aside>\n<div id=\"galerie\">\n  <img decoding=\"async\" src=\"\" class=\"principale\" id=\"principale\"\/><\/p>\n<p id=\"legende\">legende<\/p>\n<\/div>\n<footer class=\"noprint\">\n<\/footer>\n<\/div>\n<p><br \/>\n<br \/><a href=\"https:\/\/reporterre.net\/A-Dijon-la-mairie-veut-faire-tomber-le-quartier-autogere-des-Lentilleres\" target=\"_blank\"\">Source link <\/a><\/p>\n","protected":false},"excerpt":{"rendered":"<p>Dijon ( C\u00f4te-d\u2019Or), reportage \u00ab\u00a0\u00c0 un moment donn\u00e9, il va peut-\u00eatre falloir \u00e9vacuer cette zone\u00a0\u00bb, sur laquelle se trouveraient des \u00ab\u00a0bidonvilles\u00a0\u00bb, a d\u00e9clar\u00e9 la maire socialiste de Dijon nouvellement en&hellip; <\/p>\n","protected":false},"author":1,"featured_media":2710,"comment_status":"open","ping_status":"open","sticky":false,"template":"","format":"standard","meta":{"footnotes":""},"categories":[1],"tags":[],"class_list":["post-2709","post","type-post","status-publish","format-standard","has-post-thumbnail","hentry","category-non-classe"],"_links":{"self":[{"href":"https:\/\/monde25.info\/index.php\/wp-json\/wp\/v2\/posts\/2709","targetHints":{"allow":["GET"]}}],"collection":[{"href":"https:\/\/monde25.info\/index.php\/wp-json\/wp\/v2\/posts"}],"about":[{"href":"https:\/\/monde25.info\/index.php\/wp-json\/wp\/v2\/types\/post"}],"author":[{"embeddable":true,"href":"https:\/\/monde25.info\/index.php\/wp-json\/wp\/v2\/users\/1"}],"replies":[{"embeddable":true,"href":"https:\/\/monde25.info\/index.php\/wp-json\/wp\/v2\/comments?post=2709"}],"version-history":[{"count":0,"href":"https:\/\/monde25.info\/index.php\/wp-json\/wp\/v2\/posts\/2709\/revisions"}],"wp:featuredmedia":[{"embeddable":true,"href":"https:\/\/monde25.info\/index.php\/wp-json\/wp\/v2\/media\/2710"}],"wp:attachment":[{"href":"https:\/\/monde25.info\/index.php\/wp-json\/wp\/v2\/media?parent=2709"}],"wp:term":[{"taxonomy":"category","embeddable":true,"href":"https:\/\/monde25.info\/index.php\/wp-json\/wp\/v2\/categories?post=2709"},{"taxonomy":"post_tag","embeddable":true,"href":"https:\/\/monde25.info\/index.php\/wp-json\/wp\/v2\/tags?post=2709"}],"curies":[{"name":"wp","href":"https:\/\/api.w.org\/{rel}","templated":true}]}}