{"id":27095,"date":"2026-04-28T05:15:34","date_gmt":"2026-04-28T03:15:34","guid":{"rendered":"https:\/\/monde25.info\/index.php\/2026\/04\/28\/pedagogie-de-la-revolution-par-olivier-pironet-le-monde-diplomatique-mai-2026\/"},"modified":"2026-04-28T05:15:34","modified_gmt":"2026-04-28T03:15:34","slug":"pedagogie-de-la-revolution-par-olivier-pironet-le-monde-diplomatique-mai-2026","status":"publish","type":"post","link":"https:\/\/monde25.info\/index.php\/2026\/04\/28\/pedagogie-de-la-revolution-par-olivier-pironet-le-monde-diplomatique-mai-2026\/","title":{"rendered":"P\u00e9dagogie de la r\u00e9volution, par Olivier Pironet (Le Monde diplomatique, mai 2026)"},"content":{"rendered":"<p> <br \/>\n<\/p>\n<div>\n<figure class=\"spip_document_42142 spip_documents spip_documents_center xl\" style=\"width:890px;\">\n<div class=\"limage\">\n<p>\t\t\t<img loading=\"lazy\" decoding=\"async\" src=\"https:\/\/www.monde-diplomatique.fr\/local\/cache-vignettes\/L890xH703\/img027-78-f0ca8.jpg?1776961237\" width=\"890\" height=\"703\" class=\"spip_logos\" alt=\"JPEG - 429.7\u00a0kio\"\/><\/p><\/div><figcaption>\n<p>Fernand L\u00e9ger. \u2014 \u00ab<small class=\"fine\">\u00a0<\/small>Les Constructeurs<small class=\"fine\">\u00a0<\/small>\u00bb, 1951 <\/p>\n<p>\u00a9 Archives Alinari, Florence &#8211; Rmn-Grand Palais\n<\/p>\n<\/figcaption><\/figure>\n<p><span class=\"mot-lettrine\"><span class=\"lettrine\">A<\/span>u<\/span> d\u00e9but des ann\u00e9es\u00a01930, le Parti communiste fran\u00e7ais (PCF) d\u00e9cide de fonder une \u00e9cole pluridisciplinaire, gratuite, ouverte \u00e0 tous et dont l\u2019enseignement du marxisme formera l\u2019ossature. Des intellectuels s\u2019en chargent\u00a0: abandonnant progressivement la strat\u00e9gie \u00ab<small class=\"fine\">\u00a0<\/small>classe contre classe<small class=\"fine\">\u00a0<\/small>\u00bb (1924-1934), le PCF entend d\u00e9sormais mettre \u00e0 profit leurs comp\u00e9tences. S\u2019il se caract\u00e9rise par sa vocation \u00ab<small class=\"fine\">\u00a0<\/small>universelle<small class=\"fine\">\u00a0<\/small>\u00bb \u2014 il pr\u00e9tend inclure un public non partisan\u00a0\u2014, le projet n\u2019est pas tout \u00e0 fait in\u00e9dit. Il s\u2019inscrit dans la lign\u00e9e des cours \u00e9l\u00e9mentaires dispens\u00e9s aux militants de base, souvent peu ou pas instruits, et des \u00e9coles r\u00e9serv\u00e9es aux cadres du PCF, mis en place dans les ann\u00e9es\u00a01920. Sous le parrainage d\u2019\u00e9crivains alors tr\u00e8s renomm\u00e9s, Henri Barbusse et Romain Rolland, l\u2019Universit\u00e9 ouvri\u00e8re de Paris (UO), cr\u00e9\u00e9e par Paul Bouthonnier, Georges Cogniot et Georges Politzer, ouvre en 1932.<\/p>\n<p>Dans son tract fondateur, l\u2019UO critique l\u2019enseignement traditionnel, fa\u00e7onn\u00e9 par et pour la classe bourgeoise et se pr\u00e9sente comme un outil de transmission de la <i>\u00ab<small class=\"fine\">\u00a0<\/small>science marxiste<small class=\"fine\">\u00a0<\/small>\u00bb<\/i> permettant d\u2019<i>\u00ab<small class=\"fine\">\u00a0<\/small>armer [le prol\u00e9tariat] en vue de sa lib\u00e9ration<small class=\"fine\">\u00a0<\/small>\u00bb<\/i>. L\u2019\u00e9tablissement, que rejoignent pour y enseigner d\u2019autres figures du PCF, comme le philosophe et \u00e9crivain Paul Nizan, suscitera un certain engouement. En 1937, il compte deux mille inscrits, essentiellement des ouvriers et des employ\u00e9s mais aussi des instituteurs, des \u00e9tudiants, etc. L\u2019UO propose aussi un enseignement par correspondance. D\u2019autres universit\u00e9s ouvri\u00e8res voient le jour \u00e0 Dijon, Marseille, Sedan\u2026<\/p>\n<p>Parmi les disciplines propos\u00e9es, c\u2019est la philosophie, avec le cours sur le marxisme-l\u00e9ninisme et le mat\u00e9rialisme dialectique, assur\u00e9 de 1934 \u00e0 1938 par Politzer, qui sera la plus suivie. Entr\u00e9 au PCF en 1930, le jeune agr\u00e9g\u00e9 de philosophie, n\u00e9 en 1903 en Hongrie, membre du Parti communiste hongrois \u00e0 16\u00a0ans, r\u00e9fugi\u00e9 en France en 1921 apr\u00e8s avoir particip\u00e9 \u00e0 la Commune de Budapest\u00a0(\u2026)<\/p>\n<\/p><\/div>\n<p>Taille de l\u2019article complet\u00a0:\u00a0<span>1\u00a0831<\/span>\u00a0mots.<\/p>\n<p><br \/>\n<br \/><a href=\"https:\/\/www.monde-diplomatique.fr\/2026\/05\/PIRONET\/69547\" target=\"_blank\"\">Source link <\/a><\/p>\n","protected":false},"excerpt":{"rendered":"<p>Fernand L\u00e9ger. \u2014 \u00ab\u00a0Les Constructeurs\u00a0\u00bb, 1951 \u00a9 Archives Alinari, Florence &#8211; Rmn-Grand Palais Au d\u00e9but des ann\u00e9es\u00a01930, le Parti communiste fran\u00e7ais (PCF) d\u00e9cide de fonder une \u00e9cole pluridisciplinaire, gratuite, ouverte&hellip; <\/p>\n","protected":false},"author":1,"featured_media":27096,"comment_status":"open","ping_status":"open","sticky":false,"template":"","format":"standard","meta":{"footnotes":""},"categories":[1],"tags":[],"class_list":["post-27095","post","type-post","status-publish","format-standard","has-post-thumbnail","hentry","category-non-classe"],"_links":{"self":[{"href":"https:\/\/monde25.info\/index.php\/wp-json\/wp\/v2\/posts\/27095","targetHints":{"allow":["GET"]}}],"collection":[{"href":"https:\/\/monde25.info\/index.php\/wp-json\/wp\/v2\/posts"}],"about":[{"href":"https:\/\/monde25.info\/index.php\/wp-json\/wp\/v2\/types\/post"}],"author":[{"embeddable":true,"href":"https:\/\/monde25.info\/index.php\/wp-json\/wp\/v2\/users\/1"}],"replies":[{"embeddable":true,"href":"https:\/\/monde25.info\/index.php\/wp-json\/wp\/v2\/comments?post=27095"}],"version-history":[{"count":0,"href":"https:\/\/monde25.info\/index.php\/wp-json\/wp\/v2\/posts\/27095\/revisions"}],"wp:featuredmedia":[{"embeddable":true,"href":"https:\/\/monde25.info\/index.php\/wp-json\/wp\/v2\/media\/27096"}],"wp:attachment":[{"href":"https:\/\/monde25.info\/index.php\/wp-json\/wp\/v2\/media?parent=27095"}],"wp:term":[{"taxonomy":"category","embeddable":true,"href":"https:\/\/monde25.info\/index.php\/wp-json\/wp\/v2\/categories?post=27095"},{"taxonomy":"post_tag","embeddable":true,"href":"https:\/\/monde25.info\/index.php\/wp-json\/wp\/v2\/tags?post=27095"}],"curies":[{"name":"wp","href":"https:\/\/api.w.org\/{rel}","templated":true}]}}