{"id":27098,"date":"2026-04-28T06:21:37","date_gmt":"2026-04-28T04:21:37","guid":{"rendered":"https:\/\/monde25.info\/index.php\/2026\/04\/28\/a-velo-et-en-parapente-pauline-placais-part-a-la-rencontre-des-fermes-bio\/"},"modified":"2026-04-28T06:21:37","modified_gmt":"2026-04-28T04:21:37","slug":"a-velo-et-en-parapente-pauline-placais-part-a-la-rencontre-des-fermes-bio","status":"publish","type":"post","link":"https:\/\/monde25.info\/index.php\/2026\/04\/28\/a-velo-et-en-parapente-pauline-placais-part-a-la-rencontre-des-fermes-bio\/","title":{"rendered":"\u00c0 v\u00e9lo et en parapente, Pauline Pla\u00e7ais part \u00e0 la rencontre des fermes bio"},"content":{"rendered":"<p> <br \/>\n<\/p>\n<div>\n<h4><strong>\u00c0 29 ans, Pauline Pla\u00e7ais, petite-fille d\u2019agriculteurs, a d\u00e9cid\u00e9 de se lancer dans un voyage de deux mois \u00e0 travers des fermes biologiques fran\u00e7aises. L\u2019objectif ? D\u00e9montrer que l\u2019agriculture biologique est tr\u00e8s pr\u00e9sente et vari\u00e9e sur le territoire fran\u00e7ais. Et qu\u2019elle incarne un avenir durable et fiable.<\/strong><span id=\"more-1670828\"\/><\/h4>\n<p><em>[ Temps de lecture estim\u00e9 : ~ 7min ] <\/em><\/p>\n<p>Engag\u00e9e dans le programme Sport Plan\u00e8te de la MAIF, <strong>Pauline Pla\u00e7ais a cr\u00e9\u00e9 <a target=\"_blank\" href=\"https:\/\/www.instagram.com\/desgrainespourdemain\/\" target=\"_blank\" rel=\"noopener\">Des graines pour demain<\/a> : un p\u00e9riple \u00e0 v\u00e9lo et en parapente qui la m\u00e8ne de ferme en ferme,<\/strong> dans une d\u00e9marche de partage, d\u2019apprentissage et de transmission.<\/p>\n<p>Avec cinq autres \u00e9co-aventuriers suivis par <a target=\"_blank\" href=\"https:\/\/entreprise.maif.fr\/engagements\/environnement\/promouvoir-sport-ecoresponsable\/outils-et-evenements-sport-planete\" target=\"_blank\" rel=\"noopener\">Sport Plan\u00e8te<\/a>, Pauline incarne <strong>une g\u00e9n\u00e9ration en qu\u00eate de sens et d\u2019engagement.<\/strong> Durant son tour de France, la jeune femme part \u00e0 la <strong>rencontre de celles et ceux qui font vivre l\u2019agriculture biologique et paysanne,<\/strong> et qui se font un plaisir de partager leurs connaissances.\u00a0Nous l\u2019avons interrog\u00e9e alors qu\u2019elle entamait son aventure.<\/p>\n<figure id=\"attachment_1679331\" aria-describedby=\"caption-attachment-1679331\" style=\"width: 768px\" class=\"wp-caption alignnone\"><img fetchpriority=\"high\" decoding=\"async\" class=\"size-medium wp-image-1679331\" src=\"https:\/\/mrmondialisation.org\/wp-content\/uploads\/2026\/04\/img-0279-768x1024.jpeg\" alt=\"Pauline s'est lanc\u00e9e dans une aventure de deux mois, de ferme en ferme \u00a9Pauline Pla\u00e7ais\" width=\"768\" height=\"1024\" srcset=\"https:\/\/mrmondialisation.org\/wp-content\/uploads\/2026\/04\/img-0279-768x1024.jpeg 768w, https:\/\/mrmondialisation.org\/wp-content\/uploads\/2026\/04\/img-0279-1143x1524.jpeg 1143w, https:\/\/mrmondialisation.org\/wp-content\/uploads\/2026\/04\/img-0279-1152x1536.jpeg 1152w, https:\/\/mrmondialisation.org\/wp-content\/uploads\/2026\/04\/img-0279-1536x2048.jpeg 1536w, https:\/\/mrmondialisation.org\/wp-content\/uploads\/2026\/04\/img-0279-696x928.jpeg 696w, https:\/\/mrmondialisation.org\/wp-content\/uploads\/2026\/04\/img-0279-1068x1424.jpeg 1068w, https:\/\/mrmondialisation.org\/wp-content\/uploads\/2026\/04\/img-0279-315x420.jpeg 315w, https:\/\/mrmondialisation.org\/wp-content\/uploads\/2026\/04\/img-0279-scaled.jpeg 1920w\" sizes=\"(max-width: 768px) 100vw, 768px\"\/><figcaption id=\"caption-attachment-1679331\" class=\"wp-caption-text\">Pauline s\u2019est lanc\u00e9e dans une aventure de deux mois, de ferme en ferme \u00a9 Pauline Pla\u00e7ais<\/figcaption><\/figure>\n<h4><strong>Mr Mondialisation : Pouvez-vous nous raconter votre parcours, avant de vous lancer dans ce projet ?<\/strong><\/h4>\n<p><strong>Pauline Pla\u00e7ais :<\/strong> <em>\u00ab Je poss\u00e8de un <strong>Master de Management en solidarit\u00e9 internationale<\/strong>, que j\u2019ai pass\u00e9 dans le but de travailler au sein d\u2019ONG. J\u2019ai notamment effectu\u00e9 <strong>des stages au Cambodge, puis en C\u00f4te d\u2019Ivoire,<\/strong> o\u00f9 j\u2019ai travaill\u00e9 sur la coordination de structures dans des projets li\u00e9s aux droits des femmes. <strong>De retour en France, je me suis investie dans l\u2019\u00e9ducation populaire et l\u2019impact \u00e9cologique qui y est li\u00e9.<\/strong> J\u2019ai travaill\u00e9 dans une association d\u2019\u00e9ducation populaire en Pays de la Loire et en Normandie pendant deux ans et demi. L\u2019an dernier, j\u2019ai d\u00e9cid\u00e9 de partir car j\u2019avais besoin de faire une pause et de ralentir\u2026 \u00bb\u00a0<\/em><\/p>\n<h4><strong>Mr Mondialisation : Pour mieux entamer cette nouvelle aventure ?<\/strong><\/h4>\n<p><strong>Pauline Pla\u00e7ais :<\/strong><em> \u00ab Oui, je voulais trouver le moyen d\u2019\u00eatre <strong>plus impactante sur la question du changement climatique, que ce soit dans ma vie personnelle comme professionnelle.<\/strong> J\u2019ai fait du b\u00e9n\u00e9volat, du Wwoofing\u2026 Puis j\u2019ai entendu parler du programme Sport Plan\u00e8te, qui m\u2019a paru adapt\u00e9 \u00e0 mes envies. <strong>J\u2019avais des choses \u00e0 dire et \u00e0 transmettre, le besoin de sensibiliser<\/strong> \u2013 chose que je faisais d\u00e9j\u00e0 avec mon entourage proche, mais je voulais aller plus loin, notamment \u00e0 travers le sujet de l\u2019agriculture.\u00a0<\/em><\/p>\n<p><em><strong>Mes grands-parents, oncles et tantes sont agriculteurs.<\/strong> Mon p\u00e8re, paysagiste, m\u2019a faite grandir au milieu de cinq hectares de champs, entour\u00e9e d\u2019oies, de moutons\u2026 Je suis donc <strong>issue de ce milieu, mais en r\u00e9alit\u00e9, je n\u2019y connais pas grand-chose !<\/strong> Alors, j\u2019ai r\u00e9alis\u00e9 que si moi-m\u00eame je n\u2019y connaissais rien, que dire de la majorit\u00e9 des Fran\u00e7ais\u00a0 ? <strong><a target=\"_blank\" href=\"https:\/\/mrmondialisation.org\/agriculture-capitalisme-ecologie-revolte\/\" target=\"_blank\" rel=\"noopener\">Le sujet de l\u2019agriculture<\/a> prend de plus en plus de place, mais sans qu\u2019on n\u2019en comprenne forc\u00e9ment les enjeux.<\/strong> Je pense donc qu\u2019il est important d\u2019en parler, d\u2019expliquer ce qu\u2019il se passe, notamment autour du bio. \u00bb\u00a0<\/em><\/p>\n<p><iframe loading=\"lazy\" title=\"Comment est n\u00e9 le WWOOFing ? Par Sue Coppard\" width=\"1110\" height=\"624\" src=\"https:\/\/www.youtube.com\/embed\/4K9y1ebJT5k?feature=oembed\" frameborder=\"0\" allow=\"accelerometer; autoplay; clipboard-write; encrypted-media; gyroscope; picture-in-picture; web-share\" referrerpolicy=\"strict-origin-when-cross-origin\" allowfullscreen><\/iframe><\/p>\n<h4><strong>Mr Mondialisation : Quelle r\u00e9flexion portez-vous sur l\u2019agriculture biologique en France ?<\/strong><\/h4>\n<p><strong>Pauline Pla\u00e7ais : <\/strong><em>\u00ab Le bio est <strong>en expansion<\/strong> : les chiffres de l\u2019Agence Bio montrent que sa consommation augmente. Mais c\u2019est une agriculture qui <strong>reste marginalis\u00e9e.<\/strong> Elle concerne surtout de petites fermes, et c\u2019est un engagement parfois difficile \u00e0 tenir car il existe beaucoup de contraintes. Rien que l\u2019installation peut durer jusqu\u2019\u00e0 trois ans\u2026 L\u2019agriculture biologique comprend \u00e9galement beaucoup d\u2019enjeux, notamment soci\u00e9taux : elle n\u2019est en effet pas toujours bien per\u00e7ue, reste encore <strong>en marge de la soci\u00e9t\u00e9, et est souvent mal relay\u00e9e au niveau m\u00e9diatique.<\/strong><\/em><\/p>\n<blockquote>\n<p><strong><em>\u00ab Le conventionnel et l\u2019agriculture intensive sont entr\u00e9s dans un engrenage vicieux d\u00fb aux pesticides. \u00bb\u00a0<\/em><\/strong><\/p>\n<\/blockquote>\n<p><em>Elle produit \u00e9galement des <strong>denr\u00e9es plus ch\u00e8res<\/strong> pour les consommateurs, donc n\u2019est malheureusement pas encore accessible \u00e0 tous. Enfin, les petites fermes <strong>d\u00e9pendent \u00e9norm\u00e9ment des al\u00e9as climatiques,<\/strong> avec des conditions et des cultures plus fragiles qu\u2019en conventionnel. <strong>Mais elle est n\u00e9cessaire pour la sant\u00e9 humaine, et celle de la Terre !<\/strong> <strong>Sans augmentation de l\u2019agriculture biologique, nous savons que la biodiversit\u00e9 va finir par s\u2019effondrer.<\/strong> Le conventionnel et l\u2019agriculture intensive sont entr\u00e9s dans un <strong><a target=\"_blank\" href=\"https:\/\/mrmondialisation.org\/etude-lagriculture-intensive-vide-le-monde-des-insectes\/\" target=\"_blank\" rel=\"noopener\">engrenage vicieux d\u00fb aux pesticides<\/a> : les sols sont d\u00e9sormais trop pauvres pour donner de bonnes r\u00e9coltes, alors on ajoute des produits dessus\u2026<\/strong> Jusqu\u2019au jour o\u00f9 \u00e7a ne suffira plus, et au d\u00e9triment de la sant\u00e9 de tous. \u00bb\u00a0<\/em><\/p>\n<h4><strong>Mr Mondialisation :<\/strong> <strong>Vous avez choisi de visiter des fermes par le biais du Wwoofing, qui consiste \u00e0 apporter son aide aux agriculteurs, autour d\u2019une relation bas\u00e9e sur l\u2019entraide, la d\u00e9couverte et l\u2019\u00e9change. Pourquoi ce choix ?<\/strong><\/h4>\n<p><strong>Pauline Pla\u00e7ais :<\/strong> <em>\u00ab J\u2019en avais entendu parler depuis longtemps, mais avec un imaginaire diff\u00e9rent. <strong>Quand on parle <a target=\"_blank\" href=\"https:\/\/wwoof.fr\/fr\" target=\"_blank\" rel=\"noopener\">Wwoofing<\/a>, on pense tout de suite \u00e0 l\u2019Australie ou \u00e0 la Nouvelle-Z\u00e9lande\u2026<\/strong> L\u2019image d\u2019un voyage lointain me semblait lui coller \u00e0 la peau. <\/em><\/p>\n<p><em>Mais, quand je travaillais au Mans, j\u2019ai profit\u00e9 d\u2019un weekend prolong\u00e9 pour essayer de me rendre utile : je me suis alors <strong>renseign\u00e9e sur ce qui se faisait en France en mati\u00e8re de Wwoofing. J\u2019ai alors r\u00e9alis\u00e9 qu\u2019il y avait \u00e9norm\u00e9ment de fermes participantes, m\u00eame \u00e0 c\u00f4t\u00e9 de chez moi !<\/strong> J\u2019ai trouv\u00e9 une ferme qui travaillait en <a target=\"_blank\" href=\"https:\/\/mrmondialisation.org\/au-coeur-de-la-permaculture-un-livre-pour-une-agriculture-davenir\/\" target=\"_blank\" rel=\"noopener\">permaculture<\/a>, accessible en train et en v\u00e9lo car je n\u2019avais pas de voiture. Et j\u2019ai ador\u00e9 ! J\u2019y suis retourn\u00e9e r\u00e9guli\u00e8rement, on est m\u00eame devenus amis. Symboliquement, c\u2019est la ferme sur laquelle je termine mon voyage : <a target=\"_blank\" href=\"https:\/\/www.lagranderaisandiere.fr\/a-propos\/\" target=\"_blank\" rel=\"noopener\">La Grande Raisandi\u00e8re<\/a>.<\/em><\/p>\n<p><em><strong><a target=\"_blank\" href=\"https:\/\/mrmondialisation.org\/le-wwoofing-le-voyage-eco-solidaire\/\" target=\"_blank\" rel=\"noopener\">Le Wwoofing<\/a> est souvent per\u00e7u comme un moyen de partir en vacances pour pas cher\u2026 Mais c\u2019est avant tout un engagement !<\/strong> Je tenais \u00e0 en parler car ce sont des exp\u00e9riences de vie tr\u00e8s chouettes : je veux donner aux gens <strong>l\u2019envie de s\u2019investir et s\u2019engager, d\u2019\u00eatre dans une d\u00e9marche de don et de partage plut\u00f4t que de consommation\u2026<\/strong> \u00bb\u00a0<\/em><\/p>\n<figure id=\"attachment_1679333\" aria-describedby=\"caption-attachment-1679333\" style=\"width: 768px\" class=\"wp-caption alignnone\"><img loading=\"lazy\" decoding=\"async\" class=\"size-medium wp-image-1679333\" src=\"https:\/\/mrmondialisation.org\/wp-content\/uploads\/2026\/04\/img-9742-scaled-e1776790409843-768x1024.jpeg\" alt=\"Pauline se d\u00e9place de ferme en ferme sur son v\u00e9lo, \u00e9quip\u00e9 pour parcourir des centaines de kilom\u00e8tres \u00a9Pauline Pla\u00e7ais\" width=\"768\" height=\"1024\" srcset=\"https:\/\/mrmondialisation.org\/wp-content\/uploads\/2026\/04\/img-9742-scaled-e1776790409843-768x1024.jpeg 768w, https:\/\/mrmondialisation.org\/wp-content\/uploads\/2026\/04\/img-9742-scaled-e1776790409843-1143x1524.jpeg 1143w, https:\/\/mrmondialisation.org\/wp-content\/uploads\/2026\/04\/img-9742-scaled-e1776790409843-1152x1536.jpeg 1152w, https:\/\/mrmondialisation.org\/wp-content\/uploads\/2026\/04\/img-9742-scaled-e1776790409843-1536x2048.jpeg 1536w, https:\/\/mrmondialisation.org\/wp-content\/uploads\/2026\/04\/img-9742-scaled-e1776790409843-696x928.jpeg 696w, https:\/\/mrmondialisation.org\/wp-content\/uploads\/2026\/04\/img-9742-scaled-e1776790409843-1068x1424.jpeg 1068w, https:\/\/mrmondialisation.org\/wp-content\/uploads\/2026\/04\/img-9742-scaled-e1776790409843-315x420.jpeg 315w, https:\/\/mrmondialisation.org\/wp-content\/uploads\/2026\/04\/img-9742-scaled-e1776790409843.jpeg 1920w\" sizes=\"auto, (max-width: 768px) 100vw, 768px\"\/><figcaption id=\"caption-attachment-1679333\" class=\"wp-caption-text\">Pauline se d\u00e9place de ferme en ferme sur son v\u00e9lo, \u00e9quip\u00e9 pour parcourir des centaines de kilom\u00e8tres \u00a9 Pauline Pla\u00e7ais<\/figcaption><\/figure>\n<h4><strong>Mr Mondialisation : Sur quels crit\u00e8res avez-vous s\u00e9lectionn\u00e9 les fermes visit\u00e9es ?<\/strong><\/h4>\n<p><strong>Pauline Pla\u00e7ais :<\/strong> <em>\u00ab J\u2019ai commenc\u00e9 en Ari\u00e8ge, car on y trouve beaucoup de fermes bio et proches de la nature, et je finirai dans la Sarthe. Je voulais trouver des <strong>m\u00e9thodes d\u2019agricultures vari\u00e9es pour mettre en avant tout le panel de fermes pr\u00e9sent en France,<\/strong> et avec des profils tr\u00e8s diff\u00e9rents. Il y a des enfants d\u2019agriculteurs, d\u2019anciens Wwoofers qui ont mont\u00e9 leur ferme, des ing\u00e9nieurs qui ont tout plaqu\u00e9 pour se lancer dans l\u2019agriculture\u2026 La diversit\u00e9 de profils montre que les choses bougent, et qu\u2019<strong>on peut faire partie de ce milieu m\u00eame sans \u00eatre issu.<\/strong> \u00bb<\/em><\/p>\n<div class=\"td-a-rec td-a-rec-id-content_inline  tdi_1 td_block_template_1\">\n<center><a target=\"_blank\" href=\"https:\/\/fr.tipeee.com\/mr-mondialisation\" class=\"tipeee-project-small\">Je m&rsquo;abonne \u00e0 Mr Mondialisation<\/a>&#13;<br \/>\n<\/center>&amp;nbsp<\/div>\n<blockquote>\n<p><strong><em>\u00ab Je crois \u00e0 la force du collectif : c\u2019est ensemble que nous ferons \u00e9voluer la soci\u00e9t\u00e9. \u00bb\u00a0<\/em><\/strong><\/p>\n<\/blockquote>\n<h4><strong>Mr Mondialisation : Qu\u2019esp\u00e9rez-vous de ce parcours de deux mois ? \u00c0 court comme plus long terme ?<\/strong><\/h4>\n<p><strong>Pauline Pla\u00e7ais :<\/strong> <em>\u00ab J\u2019esp\u00e8re avant tout <strong>emmener le plus de gens possibles avec moi.<\/strong> Sur chaque ferme, une ou deux personnes m\u2019accompagnent. Elles sont issues du cercle proche, de mes amis, du r\u00e9seau Wwoof France, ou encore des personnes qui me suivent sur les r\u00e9seaux sociaux. <strong>Je crois \u00e0 la force du collectif : c\u2019est ensemble que nous ferons \u00e9voluer la soci\u00e9t\u00e9.<\/strong> J\u2019essaie donc d\u2019encourager \u00e0 faire du v\u00e9lo, \u00e0 aller travailler dans une ferme\u2026 En somme,<strong> j\u2019ai envie de prendre les gens qui le souhaitent par la main, pour qu\u2019ils prennent ensuite la rel\u00e8ve, \u00e0 leur tour.<\/strong> Mon objectif, c\u2019est avant tout une forte envie de d\u00e9couvrir et d\u2019apprendre. \u00bb<\/em><\/p>\n<h4><strong>Mr Mondialisation : Vous sillonnez la France \u00e0 v\u00e9lo, mais \u00e9galement\u2026 en parapente !<\/strong><\/h4>\n<p><strong>Pauline Pla\u00e7ais :<\/strong> <em>\u00ab Oui, mon d\u00e9part s\u2019est fait en parapente en Ari\u00e8ge, depuis le Prat d\u2019Albi : j\u2019y voyais <strong>la symbolique du saut, du fait de prendre son envol, de se lancer dans un nouveau projet, et de se d\u00e9lester de ses pr\u00e9jug\u00e9s et de ses peurs.<\/strong> Le parapente est aussi un moyen de prendre de la hauteur sur les choses, de voir nature depuis le ciel.<strong> Il participe \u00e0 l\u2019\u00e9merveillement, qui est une source de protection de la biodiversit\u00e9, car on prot\u00e8ge ce que l\u2019on aime\u2026<\/strong> \u00bb<\/em><\/p>\n<figure id=\"attachment_1679332\" aria-describedby=\"caption-attachment-1679332\" style=\"width: 1024px\" class=\"wp-caption alignnone\"><img loading=\"lazy\" decoding=\"async\" class=\"size-medium wp-image-1679332\" src=\"https:\/\/mrmondialisation.org\/wp-content\/uploads\/2026\/04\/img-0322-1024x879.jpeg\" alt=\"Le d\u00e9part de Pauline s'est fait depuis Albi, en parapente \u00a9Pauline Pla\u00e7ais\" width=\"1024\" height=\"879\" srcset=\"https:\/\/mrmondialisation.org\/wp-content\/uploads\/2026\/04\/img-0322-1024x879.jpeg 1024w, https:\/\/mrmondialisation.org\/wp-content\/uploads\/2026\/04\/img-0322-768x659.jpeg 768w, https:\/\/mrmondialisation.org\/wp-content\/uploads\/2026\/04\/img-0322-696x598.jpeg 696w, https:\/\/mrmondialisation.org\/wp-content\/uploads\/2026\/04\/img-0322-1068x917.jpeg 1068w, https:\/\/mrmondialisation.org\/wp-content\/uploads\/2026\/04\/img-0322-489x420.jpeg 489w, https:\/\/mrmondialisation.org\/wp-content\/uploads\/2026\/04\/img-0322.jpeg 1124w\" sizes=\"auto, (max-width: 1024px) 100vw, 1024px\"\/><figcaption id=\"caption-attachment-1679332\" class=\"wp-caption-text\">Le d\u00e9part de Pauline s\u2019est fait depuis Albi, en parapente \u00a9 Pauline Pla\u00e7ais<\/figcaption><\/figure>\n<h4><strong>Mr Mondialisation : Quels sont vos projets pour la suite ?<\/strong><\/h4>\n<p><strong>Pauline Pla\u00e7ais :<\/strong> <em>\u00ab Il n\u2019y a rien de fig\u00e9 pour l\u2019instant, car je ne sais pas ce que peut me r\u00e9server cette aventure. <strong>Je ne pars pas en tant qu\u2019experte : je suis l\u00e0 pour apprendre.<\/strong> Je n\u2019ai donc pas de plan pour la suite,<strong> j\u2019attends de voir ce que la vie me r\u00e9serve !<\/strong> \u00bb\u00a0<\/em><\/p>\n<h2><strong>Quelques mots de C\u00e9cile Paturel, charg\u00e9e de d\u00e9veloppement chez <a target=\"_blank\" href=\"https:\/\/wwoof.fr\/fr\/\" target=\"_blank\" rel=\"noopener\">Wwoof France<\/a><\/strong><\/h2>\n<h4><strong>Mr Mondialisation : Depuis quand l\u2019association Wwoof France existe-t-elle ? <\/strong><\/h4>\n<p><strong>C\u00e9cile Paturel :<\/strong> <em>\u00ab Nous allons f\u00eater <strong>nos vingt ans en 2027 !<\/strong> Le livret de nos d\u00e9buts est devenu un site web\u2026 Le but est de notre structure est de cr\u00e9er une logique d\u2019entraide, sans tomber dans la d\u00e9rive et en <strong>\u00e9vitant le la\u00efus \u00ab g\u00eete et couvert contre du travail \u00bb. \u00ab Apprendre en aidant les fermes bio et paysannes \u00bb, voil\u00e0 notre credo :<\/strong> aider et se sentir utile pendant son temps libre, autour d\u2019une agriculture dont on d\u00e9fend les valeurs.\u00a0<\/em><\/p>\n<p><em>Wwoof France aujourd\u2019hui, ce sont environ <strong>18 000 adh\u00e9rents, pour 1 800 fermes. 70% des adh\u00e9rent.es sont Fran\u00e7ais.es et font du Wwoofing en France<\/strong> : un fait qui va \u00e0 l\u2019encontre des croyances ! Nous avons \u00e9galement un certain nombre d\u2019adh\u00e9rents belges et allemands. Au total, nous avons <strong>60% de femmes<\/strong>, pour une tranche d\u2019\u00e2ge qui tourne <strong>majoritairement autour de 25-35 ans.<\/strong> \u00bb\u00a0<\/em><\/p>\n<blockquote>\n<p><strong><em>\u00ab le Wwoofing correspond trop souvent, dans l\u2019imaginaire collectif, \u00e0 la d\u00e9finition de g\u00eete et couvert contre h\u00e9bergement. \u00bb\u00a0<\/em><\/strong><\/p>\n<\/blockquote>\n<h4><strong>Mr Mondialisation : Wwoof France assure donc un cadre \u00e0 l\u2019aventure du Wwoofing\u2026<\/strong><\/h4>\n<p><strong>C\u00e9cile Paturel :<\/strong> <em>\u00ab Oui, car <strong>le Wwoofing correspond trop souvent, dans l\u2019imaginaire collectif, \u00e0 la d\u00e9finition de g\u00eete et couvert contre h\u00e9bergement.<\/strong> En somme, des vacances pas ch\u00e8res, avec <strong>une vision utilitariste et touristique difficile \u00e0 g\u00e9rer.<\/strong><\/em><\/p>\n<p><em>Sauf que les h\u00f4tes ne sont pas juste des h\u00e9bergeurs ! <a target=\"_blank\" href=\"https:\/\/wwoof.fr\/fr\/how-it-works?tab=wwoofer\" target=\"_blank\" rel=\"noopener\">Lorsque l\u2019on s\u2019engage dans le Wwoofing,<\/a> on vient aider, d\u00e9couvrir un travail, partager des valeurs. Il y a une<strong> vraie d\u00e9marche de r\u00e9ciprocit\u00e9.<\/strong> Notre charte a \u00e9volu\u00e9 au fil du temps : les Wwoofers ne peuvent \u00eatre plus de deux en m\u00eame temps, ne travaillent jamais seuls, les besoins des fermes doivent \u00eatre ponctuels etc. Il y a toujours eu des gens qui travaillent dans des fermes\u2026 Alors, <strong>autant encadrer et r\u00e9guler ce type de travail<\/strong> \u2013 et alerter quand il y a des abus. \u00bb\u00a0<\/em><\/p>\n<figure id=\"attachment_1679335\" aria-describedby=\"caption-attachment-1679335\" style=\"width: 1024px\" class=\"wp-caption alignnone\"><img loading=\"lazy\" decoding=\"async\" class=\"size-medium wp-image-1679335\" src=\"https:\/\/mrmondialisation.org\/wp-content\/uploads\/2026\/04\/img-0184-1024x743.jpg\" alt=\"La jeune aventuri\u00e8re Pauline Pla\u00e7ais, adepte du Wwoofing \u00a9Pauline Pla\u00e7ais\" width=\"1024\" height=\"743\" srcset=\"https:\/\/mrmondialisation.org\/wp-content\/uploads\/2026\/04\/img-0184-1024x743.jpg 1024w, https:\/\/mrmondialisation.org\/wp-content\/uploads\/2026\/04\/img-0184-1524x1106.jpg 1524w, https:\/\/mrmondialisation.org\/wp-content\/uploads\/2026\/04\/img-0184-768x557.jpg 768w, https:\/\/mrmondialisation.org\/wp-content\/uploads\/2026\/04\/img-0184-1536x1115.jpg 1536w, https:\/\/mrmondialisation.org\/wp-content\/uploads\/2026\/04\/img-0184-2048x1487.jpg 2048w, https:\/\/mrmondialisation.org\/wp-content\/uploads\/2026\/04\/img-0184-696x505.jpg 696w, https:\/\/mrmondialisation.org\/wp-content\/uploads\/2026\/04\/img-0184-1068x775.jpg 1068w, https:\/\/mrmondialisation.org\/wp-content\/uploads\/2026\/04\/img-0184-579x420.jpg 579w, https:\/\/mrmondialisation.org\/wp-content\/uploads\/2026\/04\/img-0184-324x235.jpg 324w\" sizes=\"auto, (max-width: 1024px) 100vw, 1024px\"\/><figcaption id=\"caption-attachment-1679335\" class=\"wp-caption-text\">La jeune aventuri\u00e8re Pauline Pla\u00e7ais, adepte du Wwoofing \u00a9 Pauline Pla\u00e7ais<\/figcaption><\/figure>\n<h4><strong>Mr Mondialisation : Comment la s\u00e9lection des fermes se fait-elle ?\u00a0<\/strong><\/h4>\n<p><strong>C\u00e9cile Paturel :<\/strong> <em>\u00ab\u00a0<\/em><em>Les fermes concern\u00e9es sont souvent de <strong>petites entreprises agricoles, dans lesquelles vivent les agriculteurs.<\/strong> Le point commun entre toutes est que ce soient des lieux \u00e0 vocation alimentaire. <strong>Ces \u00ab fermes \u00bb peuvent donc aussi concerner des particuliers, des associations, des habitats partag\u00e9s, etc.<\/strong> La base est de respecter une agriculture biologique et paysanne, en vivant sur place et consommant ce qui y est produit.<\/em><\/p>\n<p><em>Ce sont elles qui nous contactent. Apr\u00e8s avoir rempli un petit dossier,<strong> nous faisons un premier tri. Un certain nombre est refus\u00e9.<\/strong> Celles qui sont s\u00e9lectionn\u00e9es sont contact\u00e9es, souvent visit\u00e9es avant ou apr\u00e8s par notre r\u00e9seau de b\u00e9n\u00e9voles\u2026 Si le contact se passe bien et que <a target=\"_blank\" href=\"https:\/\/wwoof.fr\/fr\/how-it-works?tab=host\" target=\"_blank\" rel=\"noopener\">les r\u00e8gles de l\u2019association leur conviennent<\/a>, leur candidature est approuv\u00e9e.<\/em><\/p>\n<p><em><strong>Nous sommes six salari\u00e9s qui travaillons \u00e0 temps plein, joignables facilement,<\/strong> tenant une permanence t\u00e9l\u00e9phonique en cas de probl\u00e8me\u2026 tr\u00e8s peu de choses peuvent passer sous les radars ! \u00bb\u00a0<\/em><\/p>\n<p style=\"text-align: right;\">\u2013 Entretien r\u00e9alis\u00e9 par Marie Waclaw<\/p>\n<hr\/>\n<p>Photo de couverture : \u00a9 Pauline Pla\u00e7ais<\/p>\n<div class=\"td-a-rec td-a-rec-id-content_bottom  tdi_2 td_block_template_1\">\n<span class=\"td-adspot-title\">&#8211; Cet article gratuit, ind\u00e9pendant et sans IA existe gr\u00e2ce aux abonn\u00e9s &#8211;<\/span><\/p>\n<div class=\"td-all-devices\">\n    <a target=\"_blank\" href=\"https:\/\/mrmondialisation.org\/donation\/\" title=\"Faire_un_don\"><img decoding=\"async\" class=\"donationArticle\" src=\"https:\/\/mrmondialisation.org\/wp-content\/uploads\/2022\/12\/220405-flikalicious-final.jpg\" alt=\"Donation\"\/><\/a>\n<\/div>\n<\/div><\/div>\n<p><script async src=\"\/\/www.instagram.com\/embed.js\"><\/script><br \/>\n<br \/><br \/>\n<br \/><a href=\"https:\/\/mrmondialisation.org\/velo-parapente-pauline-placais-rencontre-fermes-bio\/\" target=\"_blank\"\">Source link <\/a><\/p>\n","protected":false},"excerpt":{"rendered":"<p>\u00c0 29 ans, Pauline Pla\u00e7ais, petite-fille d\u2019agriculteurs, a d\u00e9cid\u00e9 de se lancer dans un voyage de deux mois \u00e0 travers des fermes biologiques fran\u00e7aises. L\u2019objectif ? D\u00e9montrer que l\u2019agriculture biologique&hellip; <\/p>\n","protected":false},"author":1,"featured_media":27099,"comment_status":"open","ping_status":"open","sticky":false,"template":"","format":"standard","meta":{"footnotes":""},"categories":[1],"tags":[],"class_list":["post-27098","post","type-post","status-publish","format-standard","has-post-thumbnail","hentry","category-non-classe"],"_links":{"self":[{"href":"https:\/\/monde25.info\/index.php\/wp-json\/wp\/v2\/posts\/27098","targetHints":{"allow":["GET"]}}],"collection":[{"href":"https:\/\/monde25.info\/index.php\/wp-json\/wp\/v2\/posts"}],"about":[{"href":"https:\/\/monde25.info\/index.php\/wp-json\/wp\/v2\/types\/post"}],"author":[{"embeddable":true,"href":"https:\/\/monde25.info\/index.php\/wp-json\/wp\/v2\/users\/1"}],"replies":[{"embeddable":true,"href":"https:\/\/monde25.info\/index.php\/wp-json\/wp\/v2\/comments?post=27098"}],"version-history":[{"count":0,"href":"https:\/\/monde25.info\/index.php\/wp-json\/wp\/v2\/posts\/27098\/revisions"}],"wp:featuredmedia":[{"embeddable":true,"href":"https:\/\/monde25.info\/index.php\/wp-json\/wp\/v2\/media\/27099"}],"wp:attachment":[{"href":"https:\/\/monde25.info\/index.php\/wp-json\/wp\/v2\/media?parent=27098"}],"wp:term":[{"taxonomy":"category","embeddable":true,"href":"https:\/\/monde25.info\/index.php\/wp-json\/wp\/v2\/categories?post=27098"},{"taxonomy":"post_tag","embeddable":true,"href":"https:\/\/monde25.info\/index.php\/wp-json\/wp\/v2\/tags?post=27098"}],"curies":[{"name":"wp","href":"https:\/\/api.w.org\/{rel}","templated":true}]}}