{"id":27100,"date":"2026-04-28T06:54:39","date_gmt":"2026-04-28T04:54:39","guid":{"rendered":"https:\/\/monde25.info\/index.php\/2026\/04\/28\/dans-leur-monde-meilleur-orwell-sous-vos-yeux-le-cycle-orwelien-du-controle-total-de-linformation-par-largent\/"},"modified":"2026-04-28T06:54:39","modified_gmt":"2026-04-28T04:54:39","slug":"dans-leur-monde-meilleur-orwell-sous-vos-yeux-le-cycle-orwelien-du-controle-total-de-linformation-par-largent","status":"publish","type":"post","link":"https:\/\/monde25.info\/index.php\/2026\/04\/28\/dans-leur-monde-meilleur-orwell-sous-vos-yeux-le-cycle-orwelien-du-controle-total-de-linformation-par-largent\/","title":{"rendered":"Dans leur \u00ab monde meilleur \u00bb : Orwell sous vos yeux. Le cycle orwelien du contr\u00f4le total de l\u2019information par l\u2019argent"},"content":{"rendered":"<p> <br \/>\n<\/p>\n<div>\n<blockquote>\n<p><em>Une illustration du Meilleur des Mondes \u2013 Le cycle orwelien du contr\u00f4le total de l\u2019information par l\u2019argent<\/em><\/p>\n<\/blockquote>\n<p>Imaginez un monde dans lequel <strong>vous, contribuables fran\u00e7ais<\/strong>, payez chaque ann\u00e9e des milliards d\u2019euros d\u2019imp\u00f4ts\u2026 pour que l\u2019\u00c9tat finance les m\u00e9dias qui vous mentent, vous manipulent et vous endoctrinent.<br \/>Imaginez que cet \u00c9tat, non content de dicter le narratif officiel, s\u2019allie avec l\u2019Union europ\u00e9enne pour <strong>taxer financi\u00e8rement<\/strong> les seules plateformes qui osent encore laisser circuler la parole libre.<br \/>Imaginez que tout cela se fasse au nom du \u00ab <em>bien commun<\/em> \u00bb, de la \u00ab <em>v\u00e9rit\u00e9<\/em> \u00bb, de la \u00ab <em>d\u00e9mocratie<\/em> \u00bb et de la \u00ab <em>protection contre la d\u00e9sinformation<\/em> \u00bb.<\/p>\n<p><img decoding=\"async\" data-entity-uuid=\"92ffec9b-f337-4857-9f67-5ecdf34640dc\" data-entity-type=\"file\" alt=\"Cycle orwellien\" width=\"650\" height=\"363\" class=\"align-center lazyload\" loading=\"lazy\" src=\"https:\/\/www.francesoir.fr\/sites\/default\/files\/inline-images\/2_23.png\"\/><\/p>\n<p>Ce monde n\u2019est pas une dystopie de roman. Il est <strong>d\u00e9j\u00e0 l\u00e0, en 2026<\/strong>. C\u2019est le Meilleur des Mondes version 2.0 : pas de drogue somnif\u00e8re comme dans Huxley, pas de t\u00e9l\u00e9crans omnipr\u00e9sents comme dans 1984\u2026 <strong>juste de l\u2019argent<\/strong>. Des milliards qui coulent, qui ach\u00e8tent, qui punissent, qui r\u00e9compensent. Un syst\u00e8me si vicieux, si complet, si invisible qu\u2019il passe pour de la \u00ab <em>r\u00e9gulation vertueuse<\/em> \u00bb.<\/p>\n<p><img decoding=\"async\" data-entity-uuid=\"96051b4f-dc74-4654-b261-152ddb063578\" data-entity-type=\"file\" alt=\"Cycle orwellien\" width=\"649\" height=\"362\" class=\"align-center lazyload\" loading=\"lazy\" src=\"https:\/\/www.francesoir.fr\/sites\/default\/files\/inline-images\/3_22.png\"\/><\/p>\n<p>Mike Benz et Xavier Azalbert, chacun de son poste d\u2019observation, d\u00e9cortiquent exactement le <strong>m\u00eame \u00e9tau<\/strong>. L\u2019un depuis les \u00c9tats-Unis, l\u2019autre depuis la France. Ils montrent que le contr\u00f4le de l\u2019information n\u2019est plus une affaire de censure brute : c\u2019est une <strong>machine \u00e9conomique parfaite<\/strong>, un cycle ferm\u00e9 o\u00f9 l\u2019\u00c9tat tient tous les leviers. Et vous, citoyen, vous financez votre propre mise sous tutelle.<\/p>\n<p>\u00a0<\/p>\n<h5><strong>Le premier maillon : l\u2019\u00c9tat ach\u00e8te les m\u00e9dias et dicte la \u00ab v\u00e9rit\u00e9 \u00bb\u00a0<\/strong><\/h5>\n<p>En France, les subventions publiques aux m\u00e9dias d\u00e9passent 4,2 milliards d\u2019euros par an. L\u2019audiovisuel public (France T\u00e9l\u00e9visions, Radio France, France M\u00e9dias Monde\u2026) absorbe \u00e0 lui seul pr\u00e8s de 3,9 milliards d\u2019euros en 2026. La presse \u00e9crite \u00ab aid\u00e9e \u00bb touche encore entre 120 et 175 millions d\u2019euros annuels pour \u00ab pluralisme \u00bb et \u00ab modernisation \u00bb.\u00a0<\/p>\n<p><img decoding=\"async\" data-entity-uuid=\"44752d3a-3594-4c09-b500-569d660bb6cc\" data-entity-type=\"file\" alt=\"Cycle orwellien\" width=\"655\" height=\"366\" class=\"align-center lazyload\" loading=\"lazy\" src=\"https:\/\/www.francesoir.fr\/sites\/default\/files\/inline-images\/4_23.png\"\/><\/p>\n<p>Xavier Azalbert, dans son \u00e9dito explosif du 31 octobre 2025 (\u00ab <a target=\"_blank\" href=\"https:\/\/www.francesoir.fr\/opinions-editos\/la-declaration-de-paris-l-etat-artisan-de-ses-propres-mensonges-face-une-verite-qu\"><em>La D\u00e9claration de Paris<\/em><\/a><em> : l\u2019\u00c9tat artisan de ses propres mensonges face \u00e0 une v\u00e9rit\u00e9 qu\u2019il ne supporte pas<\/em> \u00bb), le dit sans d\u00e9tour :<\/p>\n<blockquote>\n<p><em>\u00ab Qui paie commande. \u00bb<\/em><\/p>\n<\/blockquote>\n<p>Ces milliards ne sont pas neutres. Ils transforment les m\u00e9dias en <strong>relais dociles du pouvoir<\/strong>. Ils ne jouent plus leur r\u00f4le historique de contre-pouvoir. Ils deviennent le bras arm\u00e9 informationnel de l\u2019\u00c9tat. Exemples concrets, cit\u00e9s par Xavier Azalbert :<\/p>\n<ul>\n<li data-list-item-id=\"e38b8fd787bba259f9d46e55467db38d1\">La crise COVID : promesses vaccinales d\u00e9menties les unes apr\u00e8s les autres, donn\u00e9es biais\u00e9es de Sant\u00e9 publique France, omission syst\u00e9matique des effets secondaires, et censure brutale (FranceSoir a \u00e9t\u00e9 bloqu\u00e9 sur YouTube pendant quatre ans sur injonction gouvernementale).<\/li>\n<li data-list-item-id=\"ec37fc863d0b2d5b72a04926b6f08965f\">La <strong>charte climatique<\/strong> de France T\u00e9l\u00e9visions : engagement d\u00e9ontologique qui exclut de facto les voix dissidentes sur le r\u00e9chauffement climatique (inspir\u00e9e de la Charte pour un journalisme \u00e0 la hauteur de l\u2019urgence \u00e9cologique de 2022). Les formations internes avec le GIEC, le JT \u00ab M\u00e9t\u00e9o-Climat \u00bb, tout est calibr\u00e9 pour ne plus donner \u00ab de faux \u00e9quilibre \u00bb aux climato-sceptiques.<\/li>\n<li data-list-item-id=\"e8c7303610bf3322a2dfdfa97ce1af0e7\">Narratifs officiels sur la dette publique, les retraites, l\u2019Ukraine\u2026 relay\u00e9s en boucle sans v\u00e9ritable contradicteur sur les plateaux publics.<\/li>\n<\/ul>\n<p><img decoding=\"async\" data-entity-uuid=\"5cb8fe8c-f14c-4079-8136-b781c90f36ce\" data-entity-type=\"file\" alt=\"Cycle orwellien\" width=\"651\" height=\"363\" class=\"align-center lazyload\" loading=\"lazy\" src=\"https:\/\/www.francesoir.fr\/sites\/default\/files\/inline-images\/5_22.png\"\/><\/p>\n<p>Xavier Azalbert pose la question qui f\u00e2che : <strong>comment les m\u00e9dias subventionn\u00e9s \u00e0 milliards peuvent-ils encore pr\u00e9tendre \u00eatre ind\u00e9pendants ?<\/strong> Ils sont tenus \u00ab pieds et poings li\u00e9s \u00bb. Les Fran\u00e7ais financent donc <strong>leur propre endoctrinement<\/strong>.<\/p>\n<p>Pour briser ce cercle vicieux, Xavier Azalbert propose <a target=\"_blank\" href=\"https:\/\/www.francesoir.fr\/societe-economie-justice-sante-science-tech\/appliquer-la-loi-pollueur-payeur-l-information-un-enjeu\">d\u2019appliquer le principe pollueur-payeur<\/a> \u00e0 la <a target=\"_blank\" href=\"https:\/\/x.com\/i\/status\/2048304914862850320\">pollution informationnelle<\/a> en cr\u00e9ant une Agence de D\u00e9pollution Informationnelle Citoyenne (ADIC) ind\u00e9pendante. Les \u00ab pollueurs \u00bb (m\u00e9dias, chercheurs, fact-checkers) paieraient des <strong>amendes proportionnelles<\/strong> \u00e0 la port\u00e9e (N = nombre de personnes expos\u00e9es) et aux dommages r\u00e9els (D = co\u00fbt social : d\u00e9fiance, anxi\u00e9t\u00e9, hospitalisations inutiles\u2026). La formule est d\u00e9crite comme une mesure du co\u00fbt social de la pollution informationnelle (cout = \u03b1 \u00d7 N \u00d7 probabilit\u00e9 d\u2019info fausse \u00d7 D). L\u2019argent r\u00e9colt\u00e9 financerait la rectification, l\u2019\u00e9ducation aux m\u00e9dias et des \u00e9tudes ind\u00e9pendantes. Pas de censure pr\u00e9alable : seulement de la responsabilit\u00e9 apr\u00e8s coup, avec droit de d\u00e9fense.<\/p>\n<p><img decoding=\"async\" data-entity-uuid=\"e67b4fcf-b744-4f44-a27a-b5dbcd23314d\" data-entity-type=\"file\" alt=\"Cycle orwellien\" width=\"649\" height=\"362\" class=\"align-center lazyload\" loading=\"lazy\" src=\"https:\/\/www.francesoir.fr\/sites\/default\/files\/inline-images\/6_20.png\"\/><\/p>\n<p>\u00a0<\/p>\n<h5><strong>Le deuxi\u00e8me maillon : l\u2019UE verrouille la diffusion<\/strong><\/h5>\n<p>Pendant ce temps, de l\u2019autre c\u00f4t\u00e9 de l\u2019Atlantique, <a target=\"_blank\" href=\"https:\/\/x.com\/i\/status\/2048304914862850320\">Mike Benz passe 82 minutes<\/a> \u00e0 d\u00e9monter le rapport officiel du Joint Research Centre (JRC) de la Commission europ\u00e9enne, publi\u00e9 mi-avril 2026 : \u00ab <a target=\"_blank\" href=\"https:\/\/publications.jrc.ec.europa.eu\/repository\/handle\/JRC144603\"><em>Fractured Reality<\/em><\/a> \u00bb \u2013 qu\u2019il qualifie de \u00ab EU\u2019s new 2026 Global Censorship Blueprint \u00bb.<br \/>\u00a0<\/p>\n<p><img decoding=\"async\" data-entity-uuid=\"e9ead48d-78a3-426a-b6c2-f41c0067e43b\" data-entity-type=\"file\" alt=\"Cycle orwellien\" width=\"653\" height=\"365\" class=\"align-center lazyload\" loading=\"lazy\" src=\"https:\/\/www.francesoir.fr\/sites\/default\/files\/inline-images\/7_18.png\"\/><\/p>\n<p>L\u2019Union europ\u00e9enne y pose un diagnostic alarmiste. Selon elle, nous vivons une \u00ab <strong>fractured reality <\/strong>\u00bb (r\u00e9alit\u00e9 fractur\u00e9e) : la soci\u00e9t\u00e9 n\u2019a plus une seule v\u00e9rit\u00e9 commune, mais des milliers de bulles parall\u00e8les o\u00f9 chacun vit dans sa propre version des faits. Cette fracture serait caus\u00e9e par un \u00ab <strong>fantasy industrial complex<\/strong> \u00bb (complexe industriel fantaisiste), une v\u00e9ritable industrie qui produit en masse des r\u00e9cits \u00e9motionnels, exag\u00e9r\u00e9s, sensationnels ou carr\u00e9ment faux, parce qu\u2019ils captent mieux l\u2019attention.<\/p>\n<p>Et la cause racine, selon l\u2019UE ? L\u2019<strong>attention economy<\/strong> (l\u2019\u00e9conomie de l\u2019attention). Les algorithmes des r\u00e9seaux sociaux ne sont pas con\u00e7us pour informer ou dire la v\u00e9rit\u00e9, mais pour maximiser le temps pass\u00e9 sur l\u2019application afin de diffuser plus de publicit\u00e9s. Ils privil\u00e9gient syst\u00e9matiquement ce qui provoque col\u00e8re, peur, indignation ou surprise \u2013 m\u00eame si c\u2019est faux \u2013 car c\u2019est plus rentable que la v\u00e9rit\u00e9 nuanc\u00e9e et calme.<\/p>\n<p>C\u2019est sur ce diagnostic que l\u2019UE justifie sa solution : une \u00ab <strong>progressive digital advertising tax<\/strong> \u00bb (taxe publicitaire digitale progressive). Plus une plateforme (X, Meta, YouTube, TikTok\u2026) supprime, d\u00e9booste ou mod\u00e8re activement la \u00ab <em>d\u00e9sinformation<\/em> \u00bb (selon les crit\u00e8res d\u00e9finis par l\u2019UE), <strong>moins elle paie de taxe<\/strong>. Moins elle censure, <strong>plus elle est tax\u00e9e lourdement<\/strong>.<\/p>\n<p>Benz rappelle que la publicit\u00e9 repr\u00e9sente 80 \u00e0 90 % des revenus des plateformes : cette mesure n\u2019est donc pas une simple r\u00e9gulation, c\u2019est <strong>une arme \u00e9conomique qui r\u00e9compense la conformit\u00e9<\/strong> et punit la libert\u00e9 d\u2019expression. Les r\u00e9seaux sociaux <strong>n\u2019ont donc plus aucun int\u00e9r\u00eat \u00e9conomique \u00e0 laisser la parole s\u2019exprimer librement<\/strong>. Ils ont tout int\u00e9r\u00eat \u00e0 booster les contenus \u00ab <em>conformes<\/em> \u00bb (ceux des m\u00e9dias subventionn\u00e9s) et \u00e0 faire dispara\u00eetre ou d\u00e9prioriser le reste.<\/p>\n<p><img decoding=\"async\" data-entity-uuid=\"2045aa31-edee-43dd-8800-318c34e70eef\" data-entity-type=\"file\" alt=\"Cycle orwellien\" width=\"652\" height=\"364\" class=\"align-center lazyload\" loading=\"lazy\" src=\"https:\/\/www.francesoir.fr\/sites\/default\/files\/inline-images\/8_15.png\"\/><\/p>\n<p>L\u2019objectif est donc clairement affich\u00e9 : <strong>reprendre le contr\u00f4le de l\u2019espace informationnel<\/strong> et affirmer la \u00ab <em>souverainet\u00e9 digitale europ\u00e9enne<\/em> \u00bb face aux GAFAM am\u00e9ricaines. En r\u00e9alit\u00e9, c\u2019est le retour du complexe industriel de la censure sous un nouveau costume : celui de la protection de la d\u00e9mocratie.<\/p>\n<p><strong>\u00a0<\/strong><\/p>\n<h5><strong>Le cycle complet : la mainmise totale sur l\u2019information (D\u00e9claration de Paris)<\/strong><\/h5>\n<p>Le 29 octobre 2025, 29 pays dont la France<a target=\"_blank\" href=\"https:\/\/www.francesoir.fr\/opinions-editos\/la-declaration-de-paris-l-etat-artisan-de-ses-propres-mensonges-face-une-verite-qu\"> signent au Forum de Paris sur la Paix la D\u00e9claration de Paris sur l\u2019int\u00e9grit\u00e9 informationnelle<\/a>. Xavier Azalbert la qualifie d\u2019oxymore risible : l\u2019\u00c9tat se pose en protecteur de la v\u00e9rit\u00e9 alors qu\u2019il est lui-m\u00eame \u00ab <em>l\u2019artisan de ses propres mensonges<\/em> \u00bb.<\/p>\n<p><img decoding=\"async\" data-entity-uuid=\"933476ba-a614-4c6a-b683-10e924fc403f\" data-entity-type=\"file\" alt=\"Cycle orwellien\" width=\"652\" height=\"364\" class=\"align-center lazyload\" loading=\"lazy\" src=\"https:\/\/www.francesoir.fr\/sites\/default\/files\/inline-images\/9_14.png\"\/><\/p>\n<p>R\u00e9sultat ? Un cycle ferm\u00e9, complet et auto-aliment\u00e9 :<\/p>\n<ol>\n<li data-list-item-id=\"e98493e9ecc6ee1a322e396636d8ad454\">L\u2019\u00c9tat (avec <strong>votre<\/strong> argent) finance les m\u00e9dias align\u00e9s.<\/li>\n<li data-list-item-id=\"e8da0388dfb621cba33f0d90216fe696e\">Ces m\u00e9dias d\u00e9finissent ce qui est \u00ab vrai \u00bb.<\/li>\n<li data-list-item-id=\"e6df119b7fd684adbd4b2d9836f1ef2fa\">L\u2019UE taxe les plateformes pour qu\u2019elles n\u2019amplifient que ces contenus conformes.<\/li>\n<li data-list-item-id=\"e19554537560629cdd06f75ae35e59f41\">Vous payez deux fois : imp\u00f4ts pour les subventions + publicit\u00e9 pour les plateformes qui se censurent elles-m\u00eames.<\/li>\n<\/ol>\n<p>C\u2019est <strong>orwelien dans sa perfection<\/strong> : double pens\u00e9e ( \u00ab <em>Nous prot\u00e9geons la d\u00e9mocratie<\/em> \u00bb tout en institutionnalisant le mensonge d\u2019\u00c9tat)\u00a0; novlangue (\u00ab <em>int\u00e9grit\u00e9 informationnelle \u00bb, \u00ab pollueur-payeur vertueux \u00bb, \u00ab souverainet\u00e9 digitale<\/em> \u00bb)\u00a0; Minist\u00e8re de la V\u00e9rit\u00e9 (D\u00e9claration de Paris + rapport Fractured Reality + subventions conditionn\u00e9es)\u00a0; et inversion accusatoire (l\u2019\u00c9tat se victimise de la \u00ab d\u00e9sinformation \u00e9trang\u00e8re et IA \u00bb alors qu\u2019il produit la plus grande pollution informationnelle).<\/p>\n<p>Mike Benz et Xavier Azalbert disent <strong>exactement la m\u00eame chose<\/strong>, vue des deux extr\u00e9mit\u00e9s de la cha\u00eene. L\u2019un cible les \u00e9metteurs primaires, l\u2019autre les amplificateurs. Ensemble, ils r\u00e9v\u00e8lent le syst\u00e8me le plus vicieux jamais con\u00e7u : un <strong>contr\u00f4le total par l\u2019argent<\/strong>, invisible, auto-financ\u00e9 par ses victimes, et vendu comme un progr\u00e8s.<\/p>\n<p>Un \u00ab <em>petit pr\u00e9 carr\u00e9<\/em> \u00bb qu\u2019ils veulent pr\u00e9server \u00e0 tout prix :<\/p>\n<p><img decoding=\"async\" data-entity-uuid=\"0afd9b9a-83ca-4835-a3a7-6f1be69b5b6b\" data-entity-type=\"file\" alt=\"Cycle orwellien\" width=\"649\" height=\"362\" class=\"align-center lazyload\" loading=\"lazy\" src=\"https:\/\/www.francesoir.fr\/sites\/default\/files\/inline-images\/10_11.png\"\/><\/p>\n<blockquote>\n<p>C\u2019est d\u00e9j\u00e0 l\u00e0. Pas dans un livre. Pas dans un film. <strong>Sous vos yeux, en 2026<\/strong>.<\/p>\n<\/blockquote>\n<p>Le seul contre-pouvoir qui reste est la prise de conscience massive, la transparence totale et l\u2019exigence citoyenne : fin des subventions conditionn\u00e9es, audit ind\u00e9pendant des narratifs d\u2019\u00c9tat, vrai pollueur-payeur sur les mensonges prouv\u00e9s. Sinon, le Meilleur des Mondes orwelien n\u2019est plus une menace. Il est <strong>notre r\u00e9alit\u00e9<\/strong>.<\/p>\n<p>Et vous, que voyez-vous quand vous allumez la t\u00e9l\u00e9vision ou que vous ouvrez votre fil d\u2019actualit\u00e9 ? Un journalisme libre\u2026 ou un syst\u00e8me qui vous dit ce qu\u2019il faut penser ?<\/p>\n<blockquote>\n<p>Le choix est encore entre vos mains. Pour l\u2019instant.<\/p>\n<\/blockquote>\n<p><img decoding=\"async\" data-entity-uuid=\"976bbafa-8128-448d-9399-160e5d3138fd\" data-entity-type=\"file\" alt=\"Cycle orwellien\" width=\"655\" height=\"366\" class=\"align-center lazyload\" loading=\"lazy\" src=\"https:\/\/www.francesoir.fr\/sites\/default\/files\/inline-images\/11_12.png\"\/><\/p>\n<p>Retrouvez la vid\u00e9o r\u00e9sumant cet article<br \/><iframe loading=\"lazy\" title=\"Dans leur \u00ab monde meilleur \u00bb : Orwell sous vos yeux.\" width=\"1110\" height=\"624\" src=\"https:\/\/www.youtube.com\/embed\/CvTA2ZwhCC8?feature=oembed\" frameborder=\"0\" allow=\"accelerometer; autoplay; clipboard-write; encrypted-media; gyroscope; picture-in-picture; web-share\" referrerpolicy=\"strict-origin-when-cross-origin\" allowfullscreen><\/iframe><\/p>\n<\/div>\n<p><script>(function(d, s, id) {  var js, fjs = d.getElementsByTagName(s)[0];  if (d.getElementById(id)) return;  js = d.createElement(s); js.id = id;  js.src = \"\/\/connect.facebook.net\/fr_FR\/sdk.js#xfbml=1&version=v2.3\";  fjs.parentNode.insertBefore(js, fjs);}(document, \"script\", \"facebook-jssdk\"));<\/script><br \/>\n<br \/><br \/>\n<br \/><a href=\"https:\/\/www.francesoir.fr\/societe-economie-science-tech\/dans-leur-monde-meilleur-orwell-sous-vos-yeux-le-cycle-orwelien-du\" target=\"_blank\"\">Source link <\/a><\/p>\n","protected":false},"excerpt":{"rendered":"<p>Une illustration du Meilleur des Mondes \u2013 Le cycle orwelien du contr\u00f4le total de l\u2019information par l\u2019argent Imaginez un monde dans lequel vous, contribuables fran\u00e7ais, payez chaque ann\u00e9e des milliards&hellip; <\/p>\n","protected":false},"author":1,"featured_media":27101,"comment_status":"open","ping_status":"open","sticky":false,"template":"","format":"standard","meta":{"footnotes":""},"categories":[1],"tags":[],"class_list":["post-27100","post","type-post","status-publish","format-standard","has-post-thumbnail","hentry","category-non-classe"],"_links":{"self":[{"href":"https:\/\/monde25.info\/index.php\/wp-json\/wp\/v2\/posts\/27100","targetHints":{"allow":["GET"]}}],"collection":[{"href":"https:\/\/monde25.info\/index.php\/wp-json\/wp\/v2\/posts"}],"about":[{"href":"https:\/\/monde25.info\/index.php\/wp-json\/wp\/v2\/types\/post"}],"author":[{"embeddable":true,"href":"https:\/\/monde25.info\/index.php\/wp-json\/wp\/v2\/users\/1"}],"replies":[{"embeddable":true,"href":"https:\/\/monde25.info\/index.php\/wp-json\/wp\/v2\/comments?post=27100"}],"version-history":[{"count":0,"href":"https:\/\/monde25.info\/index.php\/wp-json\/wp\/v2\/posts\/27100\/revisions"}],"wp:featuredmedia":[{"embeddable":true,"href":"https:\/\/monde25.info\/index.php\/wp-json\/wp\/v2\/media\/27101"}],"wp:attachment":[{"href":"https:\/\/monde25.info\/index.php\/wp-json\/wp\/v2\/media?parent=27100"}],"wp:term":[{"taxonomy":"category","embeddable":true,"href":"https:\/\/monde25.info\/index.php\/wp-json\/wp\/v2\/categories?post=27100"},{"taxonomy":"post_tag","embeddable":true,"href":"https:\/\/monde25.info\/index.php\/wp-json\/wp\/v2\/tags?post=27100"}],"curies":[{"name":"wp","href":"https:\/\/api.w.org\/{rel}","templated":true}]}}