{"id":27102,"date":"2026-04-28T07:27:35","date_gmt":"2026-04-28T05:27:35","guid":{"rendered":"https:\/\/monde25.info\/index.php\/2026\/04\/28\/linspection-generale-des-mines-annonce-la-creation-dune-unite-paramilitaire-pour-securiser-le-secteur-minier-rt-en-francais\/"},"modified":"2026-04-28T07:27:35","modified_gmt":"2026-04-28T05:27:35","slug":"linspection-generale-des-mines-annonce-la-creation-dune-unite-paramilitaire-pour-securiser-le-secteur-minier-rt-en-francais","status":"publish","type":"post","link":"https:\/\/monde25.info\/index.php\/2026\/04\/28\/linspection-generale-des-mines-annonce-la-creation-dune-unite-paramilitaire-pour-securiser-le-secteur-minier-rt-en-francais\/","title":{"rendered":"l\u2019Inspection g\u00e9n\u00e9rale des mines annonce la cr\u00e9ation d\u2019une unit\u00e9 paramilitaire pour s\u00e9curiser le secteur minier \u2014 RT en fran\u00e7ais"},"content":{"rendered":"<p> <br \/>\n<br \/><img decoding=\"async\" src=\"https:\/\/mf.b37mrtl.ru\/french\/images\/2026.04\/thumbnail\/69ef98e587f3ec1432191498.jpg\" \/><\/p>\n<div>\n<p class=\"text__summary\">\n                                        La Garde mini\u00e8re, compos\u00e9e de 20 000 hommes, devra s\u00e9curiser la cha\u00eene d\u2019exploitation, selon l&rsquo;inspecteur g\u00e9n\u00e9ral Rafael Kabengele, cit\u00e9 par la presse locale ce 27 avril, affirmant que la mesure devrait \u00e9liminer \u00ables pratiques contraires \u00e0 la bonne gouvernance, \u00e0 la transparence et \u00e0 la tra\u00e7abilit\u00e9 des minerais\u00bb dans les 22 provinces mini\u00e8res.\n                                    <\/p>\n<\/div>\n<p><br \/>\n<br \/><a href=\"https:\/\/francais.rt.com\/news\/133608-rdc-inspection-generale-mines-annonce-creation-unite-paramilitaire-pour-securiser-secteur-minier\" target=\"_blank\"\">Source link <\/a><\/p>\n","protected":false},"excerpt":{"rendered":"<p>La Garde mini\u00e8re, compos\u00e9e de 20 000 hommes, devra s\u00e9curiser la cha\u00eene d\u2019exploitation, selon l&rsquo;inspecteur g\u00e9n\u00e9ral Rafael Kabengele, cit\u00e9 par la presse locale ce 27 avril, affirmant que la mesure&hellip; <\/p>\n","protected":false},"author":1,"featured_media":27103,"comment_status":"open","ping_status":"open","sticky":false,"template":"","format":"standard","meta":{"footnotes":""},"categories":[1],"tags":[],"class_list":["post-27102","post","type-post","status-publish","format-standard","has-post-thumbnail","hentry","category-non-classe"],"_links":{"self":[{"href":"https:\/\/monde25.info\/index.php\/wp-json\/wp\/v2\/posts\/27102","targetHints":{"allow":["GET"]}}],"collection":[{"href":"https:\/\/monde25.info\/index.php\/wp-json\/wp\/v2\/posts"}],"about":[{"href":"https:\/\/monde25.info\/index.php\/wp-json\/wp\/v2\/types\/post"}],"author":[{"embeddable":true,"href":"https:\/\/monde25.info\/index.php\/wp-json\/wp\/v2\/users\/1"}],"replies":[{"embeddable":true,"href":"https:\/\/monde25.info\/index.php\/wp-json\/wp\/v2\/comments?post=27102"}],"version-history":[{"count":0,"href":"https:\/\/monde25.info\/index.php\/wp-json\/wp\/v2\/posts\/27102\/revisions"}],"wp:featuredmedia":[{"embeddable":true,"href":"https:\/\/monde25.info\/index.php\/wp-json\/wp\/v2\/media\/27103"}],"wp:attachment":[{"href":"https:\/\/monde25.info\/index.php\/wp-json\/wp\/v2\/media?parent=27102"}],"wp:term":[{"taxonomy":"category","embeddable":true,"href":"https:\/\/monde25.info\/index.php\/wp-json\/wp\/v2\/categories?post=27102"},{"taxonomy":"post_tag","embeddable":true,"href":"https:\/\/monde25.info\/index.php\/wp-json\/wp\/v2\/tags?post=27102"}],"curies":[{"name":"wp","href":"https:\/\/api.w.org\/{rel}","templated":true}]}}