{"id":27111,"date":"2026-04-28T12:57:40","date_gmt":"2026-04-28T10:57:40","guid":{"rendered":"https:\/\/monde25.info\/index.php\/2026\/04\/28\/nouveau-recours-contre-linstallation-polemique-doeuvres-contemporaines-rt-en-francais\/"},"modified":"2026-04-28T12:57:40","modified_gmt":"2026-04-28T10:57:40","slug":"nouveau-recours-contre-linstallation-polemique-doeuvres-contemporaines-rt-en-francais","status":"publish","type":"post","link":"https:\/\/monde25.info\/index.php\/2026\/04\/28\/nouveau-recours-contre-linstallation-polemique-doeuvres-contemporaines-rt-en-francais\/","title":{"rendered":"nouveau recours contre l\u2019installation pol\u00e9mique d\u2019\u0153uvres contemporaines \u2014 RT en fran\u00e7ais"},"content":{"rendered":"<p> <br \/>\n<br \/><img decoding=\"async\" src=\"https:\/\/mf.b37mrtl.ru\/french\/images\/2026.04\/thumbnail\/69f07c126f7ccc1a7361b2e6.jpg\" \/><\/p>\n<div>\n<p class=\"text__summary\">\n                                        L\u2019affichage du permis de travaux relance la controverse sur le remplacement de six vitraux de Viollet-le-Duc par des cr\u00e9ations de Claire Tabouret. L\u2019association Sites et Monuments annonce un recours en justice. Ce projet, voulu par Emmanuel Macron, suscite toujours une forte opposition patrimoniale.\n                                    <\/p>\n<p data-start=\"579\" data-end=\"811\">Apr\u00e8s l\u2019affichage discret du permis d\u2019autorisation de travaux sign\u00e9 par le pr\u00e9fet d\u2019\u00cele-de-France, la bataille des vitraux de Notre-Dame de Paris reprend de plus belle, alors que des \u00e9chafaudages ont \u00e9t\u00e9 install\u00e9s le 27 avril.<\/p>\n<p data-start=\"813\" data-end=\"1088\">Six baies du bas-c\u00f4t\u00e9 sud de la nef, orn\u00e9es de verri\u00e8res du XIXe si\u00e8cle con\u00e7ues par Eug\u00e8ne Viollet-le-Duc et jamais endommag\u00e9es par l\u2019incendie de 2019, doivent \u00eatre d\u00e9pos\u00e9es fin 2026 pour laisser place \u00e0 des vitraux contemporains r\u00e9alis\u00e9s par l\u2019artiste Claire Tabouret.<\/p>\n<h2>\u00ab Un monument class\u00e9 doit \u00eatre pr\u00e9serv\u00e9 \u00bb<\/h2>\n<p><a target=\"_blank\" href=\"https:\/\/francais.rt.com\/france\/128236-france-images-futurs-vitraux-dame\">L\u2019association Sites et Monuments, qui avait d\u00e9j\u00e0 lanc\u00e9 une p\u00e9tition sign\u00e9e par plus de 335 000 personnes<\/a>, a annonc\u00e9 le d\u00e9p\u00f4t imminent d\u2019un recours en r\u00e9f\u00e9r\u00e9 devant le tribunal administratif de Paris. Son pr\u00e9sident, Julien Lacaze, d\u00e9nonce une atteinte au statut de monument historique int\u00e9gral de la cath\u00e9drale : \u00ab Un monument class\u00e9, tout ce qui a un int\u00e9r\u00eat d\u2019histoire ou d\u2019art \u00e0 l\u2019int\u00e9rieur est en principe pr\u00e9serv\u00e9. \u00bb<\/p>\n<p data-start=\"1563\" data-end=\"1908\">Il rappelle que la Commission nationale du patrimoine et de l\u2019architecture s\u2019est oppos\u00e9e \u00e0 deux reprises \u00e0 ce d\u00e9montage, sans \u00eatre suivie par l\u2019ex\u00e9cutif. L\u2019association argue que l\u2019\u0153uvre de Viollet-le-Duc ne constitue pas une simple restauration, mais une cr\u00e9ation patrimoniale \u00e0 part enti\u00e8re, qui forme un tout coh\u00e9rent avec les chapelles.<\/p>\n<p data-start=\"1563\" data-end=\"1908\">L\u2019association dispose de deux mois pour engager un recours au fond, tout en avertissant que l\u2019\u00c9tat peut lancer les travaux d\u2019ici l\u00e0, \u00ab \u00e0 ses risques et p\u00e9rils \u00bb. En cas d\u2019annulation, les nouveaux vitraux \u2014 financ\u00e9s \u00e0 hauteur de plus de 4 millions d\u2019euros \u2014 pourraient devoir \u00eatre d\u00e9pos\u00e9s.<\/p>\n<div class=\"rtcode\">\n<blockquote class=\"twitter-tweet\">\n<p lang=\"fr\" dir=\"ltr\">\ud83d\udce3 On nous demande quelques explications proc\u00e9durales dans le dossier du changement des vitraux de <a target=\"_blank\" href=\"https:\/\/twitter.com\/hashtag\/NotreDame?src=hash&amp;ref_src=twsrc%5Etfw\">#NotreDame<\/a>. <\/p>\n<p>Nous avons deux mois, \u00e0 compter du 20 avril, date de l\u2019affichage de l\u2019autorisation du <a target=\"_blank\" href=\"https:\/\/twitter.com\/MinistereCC?ref_src=twsrc%5Etfw\">@MinistereCC<\/a>, pour intenter un recours au fond, mais l\u2019\u00c9tat peut d\u00e9buter les\u2026 <a target=\"_blank\" href=\"https:\/\/t.co\/O1CqIhhr54\">https:\/\/t.co\/O1CqIhhr54<\/a><\/p>\n<p>\u2014 Sites &amp; Monuments (@SPPEF) <a target=\"_blank\" href=\"https:\/\/twitter.com\/SPPEF\/status\/2049008571027804282?ref_src=twsrc%5Etfw\">April 28, 2026<\/a><\/p><\/blockquote>\n<\/div>\n<p><a target=\"_blank\" href=\"https:\/\/x.com\/SPPEF\/status\/2049008571027804282?s=20\"\/>Julien Lacaze regrette l\u2019absence de compromis, \u00e9voquant notamment la possibilit\u00e9 d\u2019installer les nouvelles \u0153uvres dans les beffrois, encore d\u00e9pourvus de verri\u00e8res. \u00ab On aurait pu cr\u00e9er une nouvelle strate historique, celle du XXIe si\u00e8cle, sans alt\u00e9rer les pr\u00e9c\u00e9dentes \u00bb, plaide-t-il.<\/p>\n<p>Il sugg\u00e8re m\u00eame que des \u00ab\u00a0langues de feu de la Pentec\u00f4te\u00a0\u00bb <a target=\"_blank\" href=\"https:\/\/francais.rt.com\/france\/61007-important-incendie-cours-cathedrale-dame-de-paris\">auraient parfaitement symbolis\u00e9 le lieu o\u00f9 les pompiers ont stopp\u00e9 l\u2019incendie<\/a>.<\/p>\n<p data-start=\"2660\" data-end=\"2976\">Le projet, g\u00e9r\u00e9 par l\u2019\u00e9tablissement public Reb\u00e2tir Notre-Dame, repr\u00e9sente un investissement de 4 millions d\u2019euros. Les maquettes de Claire Tabouret, expos\u00e9es au Grand Palais, ont attir\u00e9 plus de 300 000 visiteurs, t\u00e9moignant de l\u2019int\u00e9r\u00eat du public, malgr\u00e9 les critiques sur le caract\u00e8re contemporain des \u0153uvres.<\/p>\n<p data-start=\"2978\" data-end=\"3290\">Les opposants estiment que ce remplacement d\u00e9s\u00e9quilibre l\u2019harmonie int\u00e9rieure de la cath\u00e9drale et pose une question de principe : faut-il modifier un \u00e9l\u00e9ment patrimonial intact pour y apposer \u00ab la marque du XXIe si\u00e8cle \u00bb ? Le recours judiciaire \u00e0 venir pourrait trancher cette nouvelle \u00e9tape de la controverse.<\/p>\n<\/div>\n<p><script async src=\"\/\/platform.twitter.com\/widgets.js\" charset=\"utf-8\"><\/script><br \/>\n<br \/><br \/>\n<br \/><a href=\"https:\/\/francais.rt.com\/france\/133624-vitraux-dame-nouveau-recours-contre-installation-polemique-%C5%93uvres-contemporaines\" target=\"_blank\"\">Source link <\/a><\/p>\n","protected":false},"excerpt":{"rendered":"<p>L\u2019affichage du permis de travaux relance la controverse sur le remplacement de six vitraux de Viollet-le-Duc par des cr\u00e9ations de Claire Tabouret. L\u2019association Sites et Monuments annonce un recours en&hellip; <\/p>\n","protected":false},"author":1,"featured_media":27112,"comment_status":"open","ping_status":"open","sticky":false,"template":"","format":"standard","meta":{"footnotes":""},"categories":[1],"tags":[],"class_list":["post-27111","post","type-post","status-publish","format-standard","has-post-thumbnail","hentry","category-non-classe"],"_links":{"self":[{"href":"https:\/\/monde25.info\/index.php\/wp-json\/wp\/v2\/posts\/27111","targetHints":{"allow":["GET"]}}],"collection":[{"href":"https:\/\/monde25.info\/index.php\/wp-json\/wp\/v2\/posts"}],"about":[{"href":"https:\/\/monde25.info\/index.php\/wp-json\/wp\/v2\/types\/post"}],"author":[{"embeddable":true,"href":"https:\/\/monde25.info\/index.php\/wp-json\/wp\/v2\/users\/1"}],"replies":[{"embeddable":true,"href":"https:\/\/monde25.info\/index.php\/wp-json\/wp\/v2\/comments?post=27111"}],"version-history":[{"count":0,"href":"https:\/\/monde25.info\/index.php\/wp-json\/wp\/v2\/posts\/27111\/revisions"}],"wp:featuredmedia":[{"embeddable":true,"href":"https:\/\/monde25.info\/index.php\/wp-json\/wp\/v2\/media\/27112"}],"wp:attachment":[{"href":"https:\/\/monde25.info\/index.php\/wp-json\/wp\/v2\/media?parent=27111"}],"wp:term":[{"taxonomy":"category","embeddable":true,"href":"https:\/\/monde25.info\/index.php\/wp-json\/wp\/v2\/categories?post=27111"},{"taxonomy":"post_tag","embeddable":true,"href":"https:\/\/monde25.info\/index.php\/wp-json\/wp\/v2\/tags?post=27111"}],"curies":[{"name":"wp","href":"https:\/\/api.w.org\/{rel}","templated":true}]}}