{"id":27117,"date":"2026-04-28T16:15:38","date_gmt":"2026-04-28T14:15:38","guid":{"rendered":"https:\/\/monde25.info\/index.php\/2026\/04\/28\/paris-va-doubler-sa-taxe-sur-les-logements-vacants\/"},"modified":"2026-04-28T16:15:38","modified_gmt":"2026-04-28T14:15:38","slug":"paris-va-doubler-sa-taxe-sur-les-logements-vacants","status":"publish","type":"post","link":"https:\/\/monde25.info\/index.php\/2026\/04\/28\/paris-va-doubler-sa-taxe-sur-les-logements-vacants\/","title":{"rendered":"Paris va doubler sa taxe sur les logements vacants"},"content":{"rendered":"<p> <br \/>\n<br \/><img loading=\"lazy\" decoding=\"async\" src=\"https:\/\/reporterre.net\/local\/cache-vignettes\/L700xH467\/paris-france-canon7d-les-halles-residential-area-building-1452679-pxhere.com_resized-b07c7.jpg?1777381716\" class=\"spip_logo\" width=\"700\" height=\"467\" alt=\"\" \/><\/p>\n<p>Paris va presque doubler la taxe sur les appartements vides en 2027. Pour tenter de r\u00e9soudre la crise du logement, le nouveau maire de la capitale, Emmanuel Gr\u00e9goire, a annonc\u00e9 lors d&rsquo;une conf\u00e9rence de presse le 9\u00a0avril cette mesure symbolique. <br class=\"autobr\" \/><br \/>\nLa taxe sur la valeur locative cadastrale passera de 17<small class=\"fine d-inline\">\u00a0<\/small>% \u00e0 30<small class=\"fine d-inline\">\u00a0<\/small>% durant la premi\u00e8re ann\u00e9e de vacance d&rsquo;un bien. Un pourcentage qui grimpera jusqu&rsquo;\u00e0 60<small class=\"fine d-inline\">\u00a0<\/small>% au bout de deux ans de vacance. <br class=\"autobr\" \/><br \/>\n\u00ab<small class=\"fine d-inline\">\u00a0<\/small>C&rsquo;est le moment de vendre les logements vacants car \u00e7a va\u00a0(\u2026)<\/p>\n<p>                    <a target=\"_blank\" href=\"https:\/\/reporterre.net\/Paris-va-doubler-sa-taxe-sur-les-logements-vacants?utm_source=RSS&amp;utm_medium=RSS\">Lire la suite<\/a><\/p>\n<p>                    &#8211;<br \/>\n                        <a target=\"_blank\" href=\"https:\/\/reporterre.net\/Breves-20\" rel=\"directory\">En bref<\/a><\/p>\n<p>                    \/<br \/>\n                        <a target=\"_blank\" href=\"https:\/\/reporterre.net\/Habitat\" rel=\"tag\">Habitat et urbanisme<\/a><br \/>\n<br \/><br \/>\n<br \/><a href=\"https:\/\/reporterre.net\/Paris-va-doubler-sa-taxe-sur-les-logements-vacants\" target=\"_blank\"\">Source link <\/a><\/p>\n","protected":false},"excerpt":{"rendered":"<p>Paris va presque doubler la taxe sur les appartements vides en 2027. Pour tenter de r\u00e9soudre la crise du logement, le nouveau maire de la capitale, Emmanuel Gr\u00e9goire, a annonc\u00e9&hellip; <\/p>\n","protected":false},"author":1,"featured_media":0,"comment_status":"open","ping_status":"open","sticky":false,"template":"","format":"standard","meta":{"footnotes":""},"categories":[1],"tags":[],"class_list":["post-27117","post","type-post","status-publish","format-standard","hentry","category-non-classe"],"_links":{"self":[{"href":"https:\/\/monde25.info\/index.php\/wp-json\/wp\/v2\/posts\/27117","targetHints":{"allow":["GET"]}}],"collection":[{"href":"https:\/\/monde25.info\/index.php\/wp-json\/wp\/v2\/posts"}],"about":[{"href":"https:\/\/monde25.info\/index.php\/wp-json\/wp\/v2\/types\/post"}],"author":[{"embeddable":true,"href":"https:\/\/monde25.info\/index.php\/wp-json\/wp\/v2\/users\/1"}],"replies":[{"embeddable":true,"href":"https:\/\/monde25.info\/index.php\/wp-json\/wp\/v2\/comments?post=27117"}],"version-history":[{"count":0,"href":"https:\/\/monde25.info\/index.php\/wp-json\/wp\/v2\/posts\/27117\/revisions"}],"wp:attachment":[{"href":"https:\/\/monde25.info\/index.php\/wp-json\/wp\/v2\/media?parent=27117"}],"wp:term":[{"taxonomy":"category","embeddable":true,"href":"https:\/\/monde25.info\/index.php\/wp-json\/wp\/v2\/categories?post=27117"},{"taxonomy":"post_tag","embeddable":true,"href":"https:\/\/monde25.info\/index.php\/wp-json\/wp\/v2\/tags?post=27117"}],"curies":[{"name":"wp","href":"https:\/\/api.w.org\/{rel}","templated":true}]}}