{"id":27118,"date":"2026-04-28T16:48:36","date_gmt":"2026-04-28T14:48:36","guid":{"rendered":"https:\/\/monde25.info\/index.php\/2026\/04\/28\/la-seconde-crucifixion-du-christ-par-larmee-israelienne-par-alfredo-jalife-rahme\/"},"modified":"2026-04-28T16:48:36","modified_gmt":"2026-04-28T14:48:36","slug":"la-seconde-crucifixion-du-christ-par-larmee-israelienne-par-alfredo-jalife-rahme","status":"publish","type":"post","link":"https:\/\/monde25.info\/index.php\/2026\/04\/28\/la-seconde-crucifixion-du-christ-par-larmee-israelienne-par-alfredo-jalife-rahme\/","title":{"rendered":"La \u00ab seconde crucifixion \u00bb du Christ par l&rsquo;arm\u00e9e isra\u00e9lienne, par Alfredo Jalife-Rahme"},"content":{"rendered":"<p> <br \/>\n<\/p>\n<div>\n<div class=\"spip_document_253088 spip_document spip_documents spip_document_image spip_documents_center spip_document_center spip_document_avec_legende\" data-legende-len=\"119\" data-legende-lenx=\"xx\">\n<figure class=\"spip_doc_inner\">\n<img loading=\"lazy\" decoding=\"async\" src=\"https:\/\/www.voltairenet.org\/local\/cache-vignettes\/L605xH454\/400_-_1-474-09737.jpg?1777374647\" width=\"605\" height=\"454\" alt=\"\"\/><figcaption class=\"spip_doc_legende\">\n<p><strong>Un soldat isra\u00e9lien d\u00e9truit \u00e0 la masse une statue du Christ \u00e0 Debl (Liban). La photo a \u00e9t\u00e9 diffus\u00e9e le 20 avril 2026.<br \/>\n<\/strong><\/p>\n<\/figcaption><\/figure>\n<\/div>\n<p>Lors de la r\u00e9cente \u2014 et \u00e9ni\u00e8me \u2014 invasion du Liban par Isra\u00ebl, l\u2019un de ses soldats talmudiques a utilis\u00e9 une masse pour d\u00e9truire le visage d\u2019une statue du Christ crucifi\u00e9. Puisque les guerres men\u00e9es par le Khazar non s\u00e9mite Benyamin Netanyahou sont eschatologiques, on pourrait soutenir th\u00e9ologiquement qu\u2019il s\u2019agit de la \u00ab\u00a0seconde crucifixion\u00a0\u00bb du Christ, selon les croyances respectables des chr\u00e9tiens sur la plan\u00e8te\u00a0: 2,6 milliards, soit pr\u00e8s de 33\u00a0% de la population mondiale\u00a0! (Catholiques 1,3 milliard, protestants 1,1 milliard et orthodoxes 300 millions).<\/p>\n<p>Il est frappant que Larry Johnson, un ancien espion de la CIA, ait d\u00e9clar\u00e9 qu\u2019Isra\u00ebl \u00ab\u00a0d\u00e9teste les chr\u00e9tiens\u00a0\u00bb de m\u00eame qu\u2019il \u00ab\u00a0d\u00e9teste les musulmans\u00a0\u00bb<span class=\"spip_note_ref\">\u00a0[<a target=\"_blank\" href=\"#nb1\" class=\"spip_note\" rel=\"appendix\" title=\"\u00ab Larry Johnson : Who Controls Hormuz ? \u00bb, Judge Napolitano, YouTube, April\u00a0(\u2026)\" id=\"nh1\">1<\/a>]<\/span>. Il convient de noter que les musulmans repr\u00e9sentent 26\u00a0% de la population de la Terre.<\/p>\n<p>Cela semble tr\u00e8s suicidaire qu\u2019une des plus petites religions de la plan\u00e8te, avec 16\u00a0millions d\u2019adeptes, soit environ 0,2\u00a0% de la population mondiale, ose insulter conjointement 59\u00a0% des personnes appartenant aux religions chr\u00e9tienne et musulmane, si ce n\u2019\u00e9tait pas assorti d\u2019une pr\u00e9tention au contr\u00f4le de la finance mondiale et des multim\u00e9dia occidentaux (la Conspiration de la R\u00e9serve f\u00e9d\u00e9rale<span class=\"spip_note_ref\">\u00a0[<a target=\"_blank\" href=\"#nb2\" class=\"spip_note\" rel=\"appendix\" title=\"The Federal Reserve Conspiracy, Eustace Mullins, Martino Fine Books (2014).\u00a0(\u2026)\" id=\"nh2\">2<\/a>]<\/span>),  en plus de la pression qu\u2019exercent les 90\u00a0ogives nucl\u00e9aires au moins d\u2019Isra\u00ebl, le seul pays \u00e0 en d\u00e9tenir dans le \u00ab\u00a0Moyen-Orient classique\u00a0\u00bb en dehors du Pakistan, un pays musulman qui poss\u00e8de 170\u00a0bombes nucl\u00e9aires et fait partie du \u00ab\u00a0Grand Moyen-Orient\u00a0\u00bb.<\/p>\n<p>Sur les pr\u00e8s de 16\u00a0millions de \u00ab\u00a0juifs\u00a0\u00bb dans le monde, 90\u00a0% rel\u00e8vent de  la population ashk\u00e9naze qui, selon le livre <i>Comment le peuple juif fut invent\u00e9<\/i><span class=\"spip_note_ref\">\u00a0[<a target=\"_blank\" href=\"#nb3\" class=\"spip_note\" rel=\"appendix\" title=\"The Invention of the Jewish People, Shlomo Sand, Verso (2010). Comment le\u00a0(\u2026)\" id=\"nh3\">3<\/a>]<\/span> de l\u2019historien isra\u00e9lien Shlomo Sand, n\u2019est pas s\u00e9mitique et parle le \u00ab\u00a0yiddish\u00a0\u00bb, qui n\u2019est pas une langue s\u00e9mitique, comme l\u2019h\u00e9breu, mais dont les racines sont allemandes.<\/p>\n<p>Il convient de souligner l\u2019honn\u00eatet\u00e9 intellectuelle de Shlomo Sand, qui est un Khazare ashk\u00e9naze non s\u00e9mite&#8230;<\/p>\n<p>En Isra\u00ebl, les Khazars ashk\u00e9nazes non s\u00e9mites et les \u00ab\u00a0Juifs orientaux\u00a0\u00bb misrahim\/s\u00e9farades s\u00e9mitiques (pr\u00e8s de 50\u00a0%) sont \u00e0 \u00e9galit\u00e9 d\u00e9mographique, techniquement, tandis que les Ashk\u00e9nazes repr\u00e9sentent 32\u00a0%, ce qui, ajout\u00e9 \u00e0 la r\u00e9cente migration khazare depuis la Russie, repr\u00e9sente environ 45\u00a0%<span class=\"spip_note_ref\">\u00a0[<a target=\"_blank\" href=\"#nb4\" class=\"spip_note\" rel=\"appendix\" title=\"\u00ab Who Are Ashkenazi Jews ? \u00bb, Tzvi Gluckin, Aish HaTorah.\" id=\"nh4\">4<\/a>]<\/span>.<\/p>\n<p>Il existe une grave discrimination de la part des dirigeants khazares ashk\u00e9nazes non s\u00e9mites d\u2019Isra\u00ebl envers les Misrahim\/S\u00e9farades S\u00e9mitiques.<\/p>\n<p>R\u00e9cemment, Ziv Agmon, chef de cabinet de Netanyahou, a d\u00fb d\u00e9missionner en raison des insultes qu\u2019il a prof\u00e9r\u00e9es envers la respectable communaut\u00e9 juive marocaine (les Misrahim), qu\u2019il a qualifi\u00e9e avec m\u00e9pris  de \u00ab\u00a0babouins\u00a0\u00bb<span class=\"spip_note_ref\">\u00a0[<a target=\"_blank\" href=\"#nb5\" class=\"spip_note\" rel=\"appendix\" title=\"\u00ab Netanyahu aide\u2019s racist slurs about Mizrahi Jews spark outrage \u00bb, Nadav\u00a0(\u2026)\" id=\"nh5\">5<\/a>]<\/span>.<\/p>\n<p>La \u00ab\u00a0seconde crucifixion\u00a0\u00bb du Christ a \u00e9t\u00e9 perp\u00e9tr\u00e9e \u00e0 Debel, un village catholique-maronite du sud du Liban, dont les habitants vivent avec les chiites pers\u00e9cut\u00e9s, qualifi\u00e9s par la puissante machine de propagande isra\u00e9lienne de \u00ab\u00a0terroristes\u00a0\u00bb, li\u00e9s aux gu\u00e9rilleros libanais du Hezbollah et de l\u2019Iran<span class=\"spip_note_ref\">\u00a0[<a target=\"_blank\" href=\"#nb6\" class=\"spip_note\" rel=\"appendix\" title=\"\u00ab Lebanon : Israeli military to investigate soldier who destroyed Jesus\u00a0(\u2026)\" id=\"nh6\">6<\/a>]<\/span>.<\/p>\n<p>L\u2019arm\u00e9e isra\u00e9lienne a confirm\u00e9 que la photo du soldat talmudique d\u00e9membrant la statue du Christ, d\u00e9j\u00e0 devenue virale, est \u00ab\u00a0authentique\u00a0\u00bb et n\u2019est pas un montage de l\u2019IA<span class=\"spip_note_ref\">\u00a0[<a target=\"_blank\" href=\"#nb7\" class=\"spip_note\" rel=\"appendix\" title=\"\u00ab IDF confirms photo of soldier smashing Jesus statue in Lebanon is genuine,\u00a0(\u2026)\" id=\"nh7\">7<\/a>]<\/span>.<\/p>\n<p>Le \u00ab\u00a0chr\u00e9tien palestinien\u00a0\u00bb John Munayer commente dans le journal isra\u00e9lien <i>Haaretz<\/i><span class=\"spip_note_ref\">\u00a0[<a target=\"_blank\" href=\"#nb8\" class=\"spip_note\" rel=\"appendix\" title=\"\u00ab The Shattered Figure of Jesus Is Not an Exception. It\u2019s a Pattern \u00bb, John\u00a0(\u2026)\" id=\"nh8\">8<\/a>]<\/span>, oppos\u00e9 \u00e0 Netanyahou, que la d\u00e9figuration du visage de J\u00e9sus \u00ab\u00a0n\u2019est pas l\u2019exception\u00a0\u00bb, mais un \u00ab\u00a0sch\u00e9ma r\u00e9current dans la conduite isra\u00e9lienne\u00a0\u00bb, dont l\u2019arm\u00e9e comme les colons crachent au visage des religieuses et ont emp\u00each\u00e9 cette ann\u00e9e la c\u00e9l\u00e9bration du dimanche des Rameaux au Saint-S\u00e9pulcre par le cardinal Pierbattista Pizzaballa.  Patriarche latin de J\u00e9rusalem<span class=\"spip_note_ref\">\u00a0[<a target=\"_blank\" href=\"#nb9\" class=\"spip_note\" rel=\"appendix\" title=\"\u00ab In Netanyahu\u2019s Israel, Not All Christians Are Created Equal \u00bb, Eitan\u00a0(\u2026)\" id=\"nh9\">9<\/a>]<\/span>.<\/p>\n<p>Dans son r\u00e9cent livre Israel\u00a0: <i>What Went Wrong<\/i>\u00a0? (qu\u2019est-ce qui a mal tourn\u00e9 en isra\u00ebl), l\u2019historien ashk\u00e9naze-am\u00e9ricain Omer Bartov affirme que \u00ab\u00a0le sionisme a conduit au g\u00e9nocide\u00a0\u00bb\u00a0; et que donc \u00ab\u00a0il doit dispara\u00eetre\u00a0\u00bb<span class=\"spip_note_ref\">\u00a0[<a target=\"_blank\" href=\"#nb10\" class=\"spip_note\" rel=\"appendix\" title=\"Israel : What Went Wrong ?, Omer Bartov,  \u200e Farrar, Straus and Giroux\u00a0(\u2026)\" id=\"nh10\">10<\/a>]<\/span>.<\/p>\n<p>Les atrocit\u00e9s d\u2019Isra\u00ebl se sont condens\u00e9es au tournant du g\u00e9nocide isra\u00e9lien \u00e0 Gaza, que le gouvernement entend d\u00e9sormais imiter dans le sud du Liban avec ses m\u00e9thodes nihilistes talmudiques habituelles, dont l\u2019une des principales \u00e9tiologies r\u00e9side dans le faux concept de \u00ab\u00a0Grand Isra\u00ebl\u00a0\u00bb qui n\u2019a jamais exist\u00e9 et que le clan Netanyahou compte imposer dans tout le \u00ab\u00a0Grand Moyen-Orient\u00a0\u00bb.  y compris l\u2019Iran et le Pakistan.<\/p>\n<\/div>\n<p><br \/>\n<br \/><a href=\"https:\/\/www.voltairenet.org\/article224357.html\" target=\"_blank\"\">Source link <\/a><\/p>\n","protected":false},"excerpt":{"rendered":"<p>Un soldat isra\u00e9lien d\u00e9truit \u00e0 la masse une statue du Christ \u00e0 Debl (Liban). La photo a \u00e9t\u00e9 diffus\u00e9e le 20 avril 2026. Lors de la r\u00e9cente \u2014 et \u00e9ni\u00e8me&hellip; <\/p>\n","protected":false},"author":1,"featured_media":27119,"comment_status":"open","ping_status":"open","sticky":false,"template":"","format":"standard","meta":{"footnotes":""},"categories":[1],"tags":[],"class_list":["post-27118","post","type-post","status-publish","format-standard","has-post-thumbnail","hentry","category-non-classe"],"_links":{"self":[{"href":"https:\/\/monde25.info\/index.php\/wp-json\/wp\/v2\/posts\/27118","targetHints":{"allow":["GET"]}}],"collection":[{"href":"https:\/\/monde25.info\/index.php\/wp-json\/wp\/v2\/posts"}],"about":[{"href":"https:\/\/monde25.info\/index.php\/wp-json\/wp\/v2\/types\/post"}],"author":[{"embeddable":true,"href":"https:\/\/monde25.info\/index.php\/wp-json\/wp\/v2\/users\/1"}],"replies":[{"embeddable":true,"href":"https:\/\/monde25.info\/index.php\/wp-json\/wp\/v2\/comments?post=27118"}],"version-history":[{"count":0,"href":"https:\/\/monde25.info\/index.php\/wp-json\/wp\/v2\/posts\/27118\/revisions"}],"wp:featuredmedia":[{"embeddable":true,"href":"https:\/\/monde25.info\/index.php\/wp-json\/wp\/v2\/media\/27119"}],"wp:attachment":[{"href":"https:\/\/monde25.info\/index.php\/wp-json\/wp\/v2\/media?parent=27118"}],"wp:term":[{"taxonomy":"category","embeddable":true,"href":"https:\/\/monde25.info\/index.php\/wp-json\/wp\/v2\/categories?post=27118"},{"taxonomy":"post_tag","embeddable":true,"href":"https:\/\/monde25.info\/index.php\/wp-json\/wp\/v2\/tags?post=27118"}],"curies":[{"name":"wp","href":"https:\/\/api.w.org\/{rel}","templated":true}]}}