{"id":27120,"date":"2026-04-28T17:21:37","date_gmt":"2026-04-28T15:21:37","guid":{"rendered":"https:\/\/monde25.info\/index.php\/2026\/04\/28\/on-a-le-pistolet-sur-la-tempe-face-a-lextreme-droite-ces-habitants-tentent-de-sauver-les-glaciers-argentins\/"},"modified":"2026-04-28T17:21:37","modified_gmt":"2026-04-28T15:21:37","slug":"on-a-le-pistolet-sur-la-tempe-face-a-lextreme-droite-ces-habitants-tentent-de-sauver-les-glaciers-argentins","status":"publish","type":"post","link":"https:\/\/monde25.info\/index.php\/2026\/04\/28\/on-a-le-pistolet-sur-la-tempe-face-a-lextreme-droite-ces-habitants-tentent-de-sauver-les-glaciers-argentins\/","title":{"rendered":"\u00ab\u00a0On a le pistolet sur la tempe\u00a0\u00bb\u00a0: face \u00e0 l&#039;extr\u00eame droite, ces habitants tentent de sauver les glaciers argentins"},"content":{"rendered":"<p> <br \/>\n<br \/><img loading=\"lazy\" decoding=\"async\" src=\"https:\/\/reporterre.net\/local\/cache-vignettes\/L700xH467\/glacier-0d60a.jpg?1777380033\" class=\"spip_logo\" width=\"700\" height=\"467\" alt=\"\" \/><\/p>\n<p>Dans une aride province argentine, bastion de la lutte contre l&rsquo;extractivisme, les \u00e9cologistes craignent le pire apr\u00e8s une r\u00e9forme du gouvernement Milei facilitant l&rsquo;exploitation mini\u00e8re des zones glaciaires et p\u00e9riglaciaires. <br class=\"autobr\" \/><br \/>\nUspallata (Argentine), reportage <br class=\"autobr\" \/><br \/>\nUne lumi\u00e8re chaude illumine les tons rouges, ocres et anthracite de la Cordill\u00e8re des Andes. Sur un sommet, une t\u00e2che blanche d\u00e9tonne\u00a0: le Cerro Barrauca, l&rsquo;un des quelque 4\u00a0000 glaciers que compte Mendoza, une province aride du\u00a0(\u2026)<\/p>\n<p>                    <a target=\"_blank\" href=\"https:\/\/reporterre.net\/On-a-le-pistolet-sur-la-tempe-face-a-l-extreme-droite-ces-habitants-tentent-de-sauver-les-glaciers-argentins?utm_source=RSS&amp;utm_medium=RSS\">Lire la suite<\/a><\/p>\n<p>                    &#8211;<br \/>\n                        <a target=\"_blank\" href=\"https:\/\/reporterre.net\/Reportage\" rel=\"directory\">Reportage<\/a><\/p>\n<p>                    \/<br \/>\n                        <a target=\"_blank\" href=\"https:\/\/reporterre.net\/Eau-rivieres-oceans\" rel=\"tag\">Eau<\/a><br \/>\n<br \/><br \/>\n<br \/><a href=\"https:\/\/reporterre.net\/On-a-le-pistolet-sur-la-tempe-face-a-l-extreme-droite-ces-habitants-tentent-de-sauver-les-glaciers-argentins\" target=\"_blank\"\">Source link <\/a><\/p>\n","protected":false},"excerpt":{"rendered":"<p>Dans une aride province argentine, bastion de la lutte contre l&rsquo;extractivisme, les \u00e9cologistes craignent le pire apr\u00e8s une r\u00e9forme du gouvernement Milei facilitant l&rsquo;exploitation mini\u00e8re des zones glaciaires et p\u00e9riglaciaires.&hellip; <\/p>\n","protected":false},"author":1,"featured_media":0,"comment_status":"open","ping_status":"open","sticky":false,"template":"","format":"standard","meta":{"footnotes":""},"categories":[1],"tags":[],"class_list":["post-27120","post","type-post","status-publish","format-standard","hentry","category-non-classe"],"_links":{"self":[{"href":"https:\/\/monde25.info\/index.php\/wp-json\/wp\/v2\/posts\/27120","targetHints":{"allow":["GET"]}}],"collection":[{"href":"https:\/\/monde25.info\/index.php\/wp-json\/wp\/v2\/posts"}],"about":[{"href":"https:\/\/monde25.info\/index.php\/wp-json\/wp\/v2\/types\/post"}],"author":[{"embeddable":true,"href":"https:\/\/monde25.info\/index.php\/wp-json\/wp\/v2\/users\/1"}],"replies":[{"embeddable":true,"href":"https:\/\/monde25.info\/index.php\/wp-json\/wp\/v2\/comments?post=27120"}],"version-history":[{"count":0,"href":"https:\/\/monde25.info\/index.php\/wp-json\/wp\/v2\/posts\/27120\/revisions"}],"wp:attachment":[{"href":"https:\/\/monde25.info\/index.php\/wp-json\/wp\/v2\/media?parent=27120"}],"wp:term":[{"taxonomy":"category","embeddable":true,"href":"https:\/\/monde25.info\/index.php\/wp-json\/wp\/v2\/categories?post=27120"},{"taxonomy":"post_tag","embeddable":true,"href":"https:\/\/monde25.info\/index.php\/wp-json\/wp\/v2\/tags?post=27120"}],"curies":[{"name":"wp","href":"https:\/\/api.w.org\/{rel}","templated":true}]}}