{"id":27125,"date":"2026-04-28T21:12:35","date_gmt":"2026-04-28T19:12:35","guid":{"rendered":"https:\/\/monde25.info\/index.php\/2026\/04\/28\/israel-et-la-doctrine-de-la-peripherie-par-karim-emile-bitar-le-monde-diplomatique-mai-2026\/"},"modified":"2026-04-28T21:12:35","modified_gmt":"2026-04-28T19:12:35","slug":"israel-et-la-doctrine-de-la-peripherie-par-karim-emile-bitar-le-monde-diplomatique-mai-2026","status":"publish","type":"post","link":"https:\/\/monde25.info\/index.php\/2026\/04\/28\/israel-et-la-doctrine-de-la-peripherie-par-karim-emile-bitar-le-monde-diplomatique-mai-2026\/","title":{"rendered":"Isra\u00ebl et la doctrine de la p\u00e9riph\u00e9rie, par Karim Emile Bitar (Le Monde diplomatique, mai 2026)"},"content":{"rendered":"<p> <br \/>\n<\/p>\n<div>\n<p class=\"crayon article-surtitre-69548 surtitre\">Une strat\u00e9gie du chaos et de la fragmentation<\/p>\n<div class=\"crayon article-chapo-69548 chapo\">\n<p>Au Liban ces derni\u00e8res semaines, comme ailleurs au Proche-Orient depuis plusieurs mois, Tel-Aviv a bombard\u00e9 les populations civiles et men\u00e9 des incursions terrestres. Mais, \u00e0 c\u00f4t\u00e9 de ces agressions militaires directes, Isra\u00ebl s\u2019emploie aussi \u00e0 fracturer les soci\u00e9t\u00e9s voisines et \u00e0 affaiblir le camp de ses adversaires arabes par des alliances de revers. Selon la vieille doctrine dite \u00ab<small class=\"fine\">\u00a0<\/small>de la p\u00e9riph\u00e9rie<small class=\"fine\">\u00a0<\/small>\u00bb\u2026<\/p>\n<\/div><\/div>\n<div couleurfade=\"feeae6\" couleurclaire=\"f5e7d5\" couleurpale=\"f3d0a4\" couleurmi=\"be2e0d\" couleurfoncee=\"8f2209\" couleursombre=\"2f0b03\" couleurfond=\"7c554c\" couleurtexte=\"ffffff\">\n<div class=\"enapercu\">\n<p><i><span class=\"mot-lettrine\"><span class=\"lettrine\"><span class=\"guillemet\">\u00ab<\/span>L\u2019<\/span>invasion<\/span> isra\u00e9lienne a frapp\u00e9 aveugl\u00e9ment.<\/i> (\u2026) <i>Des destructions de villages et de villes, des massacres de civils sont confirm\u00e9s.<\/i> (\u2026) <i>L\u2019\u00c9tat d\u2019Isra\u00ebl applique au Sud-Liban la m\u00e9thode qui a fait ses preuves en Galil\u00e9e et ailleurs en 1948\u00a0: il \u201cpalestine\u201d le Sud-Liban.<\/i> (\u2026) <i>Les actions d\u2019Isra\u00ebl sont consid\u00e9r\u00e9es comme des ripostes l\u00e9gitimes, m\u00eame lorsqu\u2019elles paraissent disproportionn\u00e9es, tandis que celles des Palestiniens sont exclusivement trait\u00e9es comme des crimes terroristes. Et un mort arabe n\u2019a ni la m\u00eame mesure ni le m\u00eame poids qu\u2019un mort isra\u00e9lien.<\/i> (\u2026) <i>Isra\u00ebl peut compter sur une complicit\u00e9 presque unanime.<small class=\"fine\">\u00a0<\/small>\u00bb<\/i> Ces lignes n\u2019ont pas \u00e9t\u00e9 publi\u00e9es au lendemain du \u00ab<small class=\"fine\">\u00a0<\/small>mercredi noir<small class=\"fine\">\u00a0<\/small>\u00bb, le 8\u00a0avril dernier, quand l\u2019aviation isra\u00e9lienne a tu\u00e9 plus de 350\u00a0civils libanais en quelques minutes, et fait pr\u00e8s de 1\u00a0500\u00a0bless\u00e9s. Gilles Deleuze les a \u00e9crites dans <i>Le Monde,<\/i> le 7\u00a0avril\u00a01978. Le philosophe y d\u00e9non\u00e7ait l\u2019op\u00e9ration \u00ab<small class=\"fine\">\u00a0<\/small>Litani<small class=\"fine\">\u00a0<\/small>\u00bb, lanc\u00e9e un an avant la r\u00e9volution iranienne et quatre ans avant la grande invasion de 1982, qui devait faire plus de dix-huit mille morts, provoquer l\u2019exode d\u2019environ un million de Libanais et contribuer \u00e0 la naissance du Hezbollah.<\/p>\n<p>Pr\u00e8s de cinq d\u00e9cennies plus tard, l\u2019arm\u00e9e isra\u00e9lienne m\u00e8ne une nouvelle op\u00e9ration de grande ampleur au pays du C\u00e8dre. Encore une fois, comme \u00e0 Gaza, Tel-Aviv semble devoir faire montre de son incapacit\u00e9 \u00e0 convertir ses offensives militaires en r\u00e8glement politique durable. <i>\u00ab<small class=\"fine\">\u00a0<\/small>Isra\u00ebl n\u2019a pas de politique \u00e9trang\u00e8re, seulement une politique int\u00e9rieure<small class=\"fine\">\u00a0<\/small>\u00bb,<\/i> disait l\u2019ancien secr\u00e9taire d\u2019\u00c9tat am\u00e9ricain Henry Kissinger, et il est vrai que la progression des courants inspir\u00e9s par le messianisme \u2014 dont certains revendiquent la cr\u00e9ation d\u2019un \u00ab<small class=\"fine\">\u00a0<\/small>Grand Isra\u00ebl<small class=\"fine\">\u00a0<\/small>\u00bb qui engloberait notamment le sud du Liban \u2014 transforme sa vie politique int\u00e9rieure autant qu\u2019elle influe sur sa politique ext\u00e9rieure. Jusqu\u2019\u00e0 remettre au go\u00fbt du jour la vieille doctrine de la p\u00e9riph\u00e9rie<small class=\"fine\">\u00a0<\/small>?<\/p>\n<p>Cette doctrine fut\u00a0(\u2026)<\/p>\n<\/p><\/div>\n<p>Taille de l\u2019article complet\u00a0:\u00a0<span>2\u00a0052<\/span>\u00a0mots.<\/p>\n<div class=\"promo_dispo_article\">\n<h2 class=\"avantbloc\">\n\tCet article est r\u00e9serv\u00e9 aux\u00a0abonn\u00e9s<\/p>\n<\/h2>\n<div class=\"abo_inst\">\n\t<strong>Lyc\u00e9es, biblioth\u00e8ques, administrations, entreprises,<\/strong><br \/>\n\tacc\u00e9dez \u00e0 la base de donn\u00e9es en ligne de tous les articles du <i>Monde diplomatique<\/i> de 1954 \u00e0 nos\u00a0jours.<br \/>\n\t<a target=\"_blank\" id=\"pw-institutions\" class=\"suivi\" href=\"https:\/\/www.monde-diplomatique.fr\/archives\/institutions\">Retrouvez cette\u00a0offre sp\u00e9cifique<\/a>.\n<\/div>\n<\/div><\/div>\n<div>\n<p class=\"nom\">Karim Emile Bitar<\/p>\n<p>\n\t\t\t\t\tTitulaire de la chaire Georges-Corm de relations internationales, d\u2019\u00e9conomie politique et d\u2019histoire des id\u00e9es \u00e0 l\u2019universit\u00e9 Saint-Joseph de Beyrouth, et enseignant \u00e0 Sciences Po Paris.<\/p>\n<\/p><\/div>\n<p><br \/>\n<br \/><a href=\"https:\/\/www.monde-diplomatique.fr\/2026\/05\/BITAR\/69548\" target=\"_blank\"\">Source link <\/a><\/p>\n","protected":false},"excerpt":{"rendered":"<p>Une strat\u00e9gie du chaos et de la fragmentation Au Liban ces derni\u00e8res semaines, comme ailleurs au Proche-Orient depuis plusieurs mois, Tel-Aviv a bombard\u00e9 les populations civiles et men\u00e9 des incursions&hellip; <\/p>\n","protected":false},"author":1,"featured_media":27126,"comment_status":"open","ping_status":"open","sticky":false,"template":"","format":"standard","meta":{"footnotes":""},"categories":[1],"tags":[],"class_list":["post-27125","post","type-post","status-publish","format-standard","has-post-thumbnail","hentry","category-non-classe"],"_links":{"self":[{"href":"https:\/\/monde25.info\/index.php\/wp-json\/wp\/v2\/posts\/27125","targetHints":{"allow":["GET"]}}],"collection":[{"href":"https:\/\/monde25.info\/index.php\/wp-json\/wp\/v2\/posts"}],"about":[{"href":"https:\/\/monde25.info\/index.php\/wp-json\/wp\/v2\/types\/post"}],"author":[{"embeddable":true,"href":"https:\/\/monde25.info\/index.php\/wp-json\/wp\/v2\/users\/1"}],"replies":[{"embeddable":true,"href":"https:\/\/monde25.info\/index.php\/wp-json\/wp\/v2\/comments?post=27125"}],"version-history":[{"count":0,"href":"https:\/\/monde25.info\/index.php\/wp-json\/wp\/v2\/posts\/27125\/revisions"}],"wp:featuredmedia":[{"embeddable":true,"href":"https:\/\/monde25.info\/index.php\/wp-json\/wp\/v2\/media\/27126"}],"wp:attachment":[{"href":"https:\/\/monde25.info\/index.php\/wp-json\/wp\/v2\/media?parent=27125"}],"wp:term":[{"taxonomy":"category","embeddable":true,"href":"https:\/\/monde25.info\/index.php\/wp-json\/wp\/v2\/categories?post=27125"},{"taxonomy":"post_tag","embeddable":true,"href":"https:\/\/monde25.info\/index.php\/wp-json\/wp\/v2\/tags?post=27125"}],"curies":[{"name":"wp","href":"https:\/\/api.w.org\/{rel}","templated":true}]}}