{"id":27128,"date":"2026-04-28T22:51:49","date_gmt":"2026-04-28T20:51:49","guid":{"rendered":"https:\/\/monde25.info\/index.php\/2026\/04\/28\/necrologie-de-leur-monde-meilleur-enterre-vivant-le-4-mai-2026-par-le-rapport-alloncle\/"},"modified":"2026-04-28T22:51:49","modified_gmt":"2026-04-28T20:51:49","slug":"necrologie-de-leur-monde-meilleur-enterre-vivant-le-4-mai-2026-par-le-rapport-alloncle","status":"publish","type":"post","link":"https:\/\/monde25.info\/index.php\/2026\/04\/28\/necrologie-de-leur-monde-meilleur-enterre-vivant-le-4-mai-2026-par-le-rapport-alloncle\/","title":{"rendered":"N\u00e9crologie de leur \u00ab monde meilleur \u00bb \u2013 Enterr\u00e9 vivant le 4 mai 2026 par le rapport Alloncle"},"content":{"rendered":"<p> <br \/>\n<\/p>\n<div>\n<p>Il est mort.<br \/>Pas d\u2019une mort accidentelle. Pas d\u2019un scandale soudain.<br \/>Il est mort de sa propre arrogance, autopsi\u00e9 en direct par un rapport parlementaire et qui sera inhum\u00e9 le 4 mai 2026 sous les yeux de tout un pays qui attendait ce moment depuis des d\u00e9cennies.<\/p>\n<p>Hier, lundi 27 avril 2026, deux \u00e9v\u00e9nements se superposent avec une sym\u00e9trie presque ironique, presque trop parfaite pour \u00eatre le fruit du hasard : d\u2019un c\u00f4t\u00e9, la commission d\u2019enqu\u00eate parlementaire sur l\u2019audiovisuel public vote, par 12 voix contre 10, la publication du rapport du d\u00e9put\u00e9 Charles Alloncle le 4 mai prochain ; de l\u2019autre, <em>France-Soir<\/em> publie ce jour m\u00eame une analyse intitul\u00e9e \u00ab <a target=\"_blank\" href=\"https:\/\/www.francesoir.fr\/societe-economie-science-tech\/dans-leur-monde-meilleur-orwell-sous-vos-yeux-le-cycle-orwelien-du\"><em>Dans leur \u201cmonde meilleur\u201d : Orwell sous vos yeux. Le cycle orwelien du contr\u00f4le total de l\u2019information par l\u2019argent<\/em><\/a> \u00bb. C\u2019est la n\u00e9crologie parfaite.<\/p>\n<p><img decoding=\"async\" data-entity-uuid=\"40dbec65-e61a-42b6-a6c9-21eeffca202e\" data-entity-type=\"file\" alt=\"N\u00e9crologie\" width=\"651\" height=\"363\" class=\"align-center lazyload\" loading=\"lazy\" src=\"https:\/\/www.francesoir.fr\/sites\/default\/files\/inline-images\/7_15.png\"\/><\/p>\n<p>C\u2019est l\u2019acte de d\u00e9c\u00e8s officiel du \u00ab <em>monde meilleur<\/em> \u00bb que cette caste d\u2019\u00e9lites m\u00e9diatiques et politiques s\u2019\u00e9tait construit depuis Fran\u00e7ois Mitterrand. Un monde qu\u2019elles avaient imagin\u00e9, financ\u00e9 et prot\u00e9g\u00e9 avec l\u2019argent des contribuables. Un monde qui vient de recevoir son certificat de d\u00e9c\u00e8s. Et, ce n\u2019est pas une simple pol\u00e9mique : c\u2019est la fin d\u2019une \u00e8re.\u00a0<\/p>\n<p>Commen\u00e7ons par le commencement, de mani\u00e8re claire et explicite, comme il convient \u00e0 un \u00e9ditorial qui se veut didactique.\u00a0<\/p>\n<p>\u00a0<\/p>\n<h5><strong>Qu\u2019\u00e9tait exactement ce \u00ab monde meilleur \u00bb ?<\/strong><\/h5>\n<p>Dans ce paradis autoproclam\u00e9, Delphine Ernotte, pr\u00e9sidente de France T\u00e9l\u00e9visions, ne voulait plus d\u00e9crire le r\u00e9el tel qu\u2019il est. Elle voulait le d\u00e9finir <strong>tel qu\u2019elle voudrait qu\u2019il soit<\/strong>. Ce n\u2019\u00e9tait plus du journalisme : c\u2019\u00e9tait de la cr\u00e9ation divine, subventionn\u00e9e \u00e0 hauteur de 3,9 milliards d\u2019euros par an par l\u2019argent public. Dans ce m\u00eame monde, C\u00e9line Pigalle, alors directrice de r\u00e9daction \u00e0 BFMTV, expliquait doctement qu\u2019il ne fallait surtout pas \u00ab <em>aller trop contre le gouvernement<\/em> \u00bb pour ne pas \u00ab <em>fragiliser le consensus social<\/em> \u00bb.\u00a0<\/p>\n<blockquote>\n<p>On ne contredit pas le pouvoir. On le caresse. On le prot\u00e8ge. On le sert.<\/p>\n<\/blockquote>\n<p><img decoding=\"async\" data-entity-uuid=\"0d36e301-7021-45a6-93c5-c92f7c2b0a47\" data-entity-type=\"file\" alt=\"N\u00e9crologie\" width=\"650\" height=\"363\" class=\"align-center lazyload\" loading=\"lazy\" src=\"https:\/\/www.francesoir.fr\/sites\/default\/files\/inline-images\/2_24.png\"\/><\/p>\n<p>Ce n\u2019\u00e9tait pas une d\u00e9rive isol\u00e9e. C\u2019\u00e9tait le c\u0153ur du syst\u00e8me. Un syst\u00e8me o\u00f9 le service public de l\u2019audiovisuel, financ\u00e9 par les imp\u00f4ts des Fran\u00e7ais, <strong>cessait d\u2019\u00eatre un contre-pouvoir<\/strong> pour devenir un relais docile du narratif officiel. COVID, climat, dette, immigration, Ukraine, retraites : \u00e0 chaque crise, la m\u00eame recette.\u00a0<\/p>\n<blockquote>\n<p>On ne rapportait plus les faits ; on fabriquait la \u00ab v\u00e9rit\u00e9 \u00bb souhait\u00e9e.<\/p>\n<\/blockquote>\n<p><strong>\u00a0<\/strong><\/p>\n<h5><strong>Le cycle orwelien parfait, expliqu\u00e9 pas \u00e0 pas<\/strong><\/h5>\n<p>Ce \u00ab <em>monde meilleur<\/em> \u00bb fonctionnait selon un cycle ferm\u00e9 et auto-aliment\u00e9, que l\u2019on peut d\u00e9crire de <a target=\"_blank\" href=\"https:\/\/www.francesoir.fr\/societe-economie-science-tech\/dans-leur-monde-meilleur-orwell-sous-vos-yeux-le-cycle-orwelien-du\">fa\u00e7on extr\u00eamement didactique en quatre \u00e9tapes<\/a> :<\/p>\n<p><img decoding=\"async\" data-entity-uuid=\"6d54ca33-3be4-48f2-a56c-1108a8cdec95\" data-entity-type=\"file\" alt=\"\" width=\"653\" height=\"365\" class=\"align-center lazyload\" loading=\"lazy\" src=\"https:\/\/www.francesoir.fr\/sites\/default\/files\/inline-images\/4_20.png\"\/><\/p>\n<ol>\n<li data-list-item-id=\"ebb7875c21415fd1bed360a2db1f7c0a7\">\n<p><strong>L\u2019\u00c9tat finance les m\u00e9dias align\u00e9s avec l\u2019argent des contribuables<\/strong>. Plus de 4,2 milliards d\u2019euros par an de subventions publiques aux m\u00e9dias en France. Dont 3,9 milliards d\u2019euros rien que pour l\u2019audiovisuel public (France T\u00e9l\u00e9visions, Radio France, France M\u00e9dias Monde) en 2026. La presse \u00e9crite \u00ab <em>aid\u00e9e<\/em> \u00bb touche encore 120 \u00e0 175 millions d\u2019euros annuels au nom du \u00ab <em>pluralisme<\/em> \u00bb et de la \u00ab <em>modernisation<\/em> \u00bb et l\u2019Agence France Presse quelques 120 millions (43% de financement public) pour relayer trop souvent des communiqu\u00e9s de presse sans les v\u00e9rifier. Qui paie commande. Les m\u00e9dias deviennent d\u00e9pendants et dociles.<\/p>\n<p><img decoding=\"async\" data-entity-uuid=\"baf37c25-a066-4d7b-81a3-139f8a64f427\" data-entity-type=\"file\" alt=\"N\u00e9crologie\" width=\"598\" height=\"334\" loading=\"lazy\" class=\"lazyload\" src=\"https:\/\/www.francesoir.fr\/sites\/default\/files\/inline-images\/3_19.png\"\/><\/p>\n<\/li>\n<li data-list-item-id=\"ee1a0128367215ea09fb3e3631994cbb2\"><strong>Ces m\u00e9dias d\u00e9finissent la \u00ab <\/strong><em><strong>v\u00e9rit\u00e9<\/strong><\/em><strong> \u00bb officielle et excluent les dissidents<\/strong>. On complexifie \u00e0 l\u2019extr\u00eame. On transforme des opinions en \u00ab <em>faits<\/em> \u00bb. On cr\u00e9e une pollution informationnelle savante : tout devient \u00ab <em>multifactoriel<\/em> \u00bb, \u00ab <em>nuanc\u00e9<\/em> \u00bb, \u00ab <em>contextuel<\/em> \u00bb. Jamais simple. Jamais clair. Parce que <a target=\"_blank\" href=\"https:\/\/www.francesoir.fr\/opinions-editos\/de-l-importance-de-la-simplicite\">la simplicit\u00e9 rend visible l\u2019\u00e9vidence<\/a>, et l\u2019\u00e9vidence est souvent g\u00eanante.<br \/>\u00a0<\/li>\n<li data-list-item-id=\"ea5dc3b3e316105f45aca8fb0ddd10c1f\"><strong>L\u2019Union europ\u00e9enne renforce le contr\u00f4le par la taxe publicitaire digitale<\/strong>. Le rapport \u00ab Fractured Reality \u00bb du Joint Research Centre de la Commission europ\u00e9enne (mi-avril 2026) diagnostique une \u00ab r\u00e9alit\u00e9 fractur\u00e9e \u00bb due \u00e0 l\u2019\u00e9conomie de l\u2019attention. Solution : taxer les plateformes (X, Meta, YouTube, TikTok) de fa\u00e7on progressive. Moins elles censurent la \u00ab <em>d\u00e9sinformation<\/em> \u00bb (selon les crit\u00e8res de l\u2019UE), plus elles paient. Or la publicit\u00e9 repr\u00e9sente 80 \u00e0 90 % de leurs revenus. R\u00e9sultat : les plateformes boostent les contenus conformes (ceux des m\u00e9dias subventionn\u00e9s) et d\u00e9priorise le reste. Mike Benz l\u2019a d\u00e9cortiqu\u00e9 en 82 minutes : c\u2019est le \u00ab <em>nouveau blueprint de censure globale de l\u2019UE pour 2026<\/em> \u00bb.<br \/>\u00a0<\/li>\n<li data-list-item-id=\"e483d9745a574513c49ca863d52ce9728\">\n<p><strong>Le contribuable paie deux fois<\/strong>. Une premi\u00e8re fois par ses imp\u00f4ts qui financent les m\u00e9dias align\u00e9s. Une seconde fois via les publicit\u00e9s sur les plateformes qui, pour \u00e9viter la taxe, censurent tout ce qui d\u00e9range. Cycle parfait. Double pens\u00e9e orwelienne : on prot\u00e8ge la \u00ab <em>d\u00e9mocratie<\/em> \u00bb en censurant. Novlangue : \u00ab <em>int\u00e9grit\u00e9<\/em> <em>informationnelle<\/em> \u00bb, \u00ab <em>souverainet\u00e9 digitale<\/em> \u00bb, \u00ab <em>pollueur-payeur vertueux<\/em> \u00bb. Et le minist\u00e8re de la V\u00e9rit\u00e9 version 2026 prend forme avec la <a target=\"_blank\" href=\"https:\/\/www.francesoir.fr\/opinions-editos\/la-declaration-de-paris-l-etat-artisan-de-ses-propres-mensonges-face-une-verite-qu\"><strong>D\u00e9claration de Paris<\/strong><\/a> sign\u00e9e par 29 pays le 29 octobre 2025, o\u00f9 l\u2019\u00c9tat se pose en protecteur de la v\u00e9rit\u00e9 alors qu\u2019il est l\u2019artisan de ses propres mensonges.<\/p>\n<p><img decoding=\"async\" data-entity-uuid=\"ca51574e-2723-47c9-a618-ae619713c032\" data-entity-type=\"file\" alt=\"N\u00e9crologie\" width=\"598\" height=\"334\" loading=\"lazy\" class=\"lazyload\" src=\"https:\/\/www.francesoir.fr\/sites\/default\/files\/inline-images\/9_13.png\"\/><\/p>\n<\/li>\n<\/ol>\n<blockquote>\n<p>Ce cycle n\u2019\u00e9tait pas une th\u00e9orie du complot. C\u2019\u00e9tait une machine \u00e9conomique totale, invisible et d\u2019une efficacit\u00e9 redoutable.<\/p>\n<\/blockquote>\n<p>\u00a0<\/p>\n<h5><strong>La pollution informationnelle : comment on a blanchi des opinions en faits<\/strong><\/h5>\n<p>Pendant des d\u00e9cennies, ces \u00e9lites ont transform\u00e9 l\u2019audiovisuel public en usine \u00e0 complexifier l\u2019\u00e9vident. Elles ont cr\u00e9\u00e9 une infob\u00e9sit\u00e9 savante, un brouillard toxique d\u2019algorithmes, de narratifs emm\u00eal\u00e9s, de \u00ab <em>contextes historiques<\/em> \u00bb interminables. Tout pour <strong>masquer la simplicit\u00e9 brutale des faits<\/strong>. Comme s&rsquo;exerce \u00e0 l\u2019expliquer l\u2019article \u00ab <a target=\"_blank\" href=\"https:\/\/www.francesoir.fr\/opinions-editos\/de-l-importance-de-la-simplicite\"><em>De l\u2019importance de la simplicit\u00e9<\/em><\/a> \u00bb, <strong>la simplicit\u00e9 n\u2019est pas une paresse intellectuelle<\/strong>. C\u2019est, selon Aristote, \u00ab <em>la derni\u00e8re \u00e9tape de la sophistication<\/em> \u00bb. C\u2019est, selon L\u00e9onard de Vinci, \u00ab <em>la sophistication supr\u00eame<\/em> \u00bb. C\u2019est <strong>le scalpel qui tranche le superflu<\/strong> pour laisser appara\u00eetre l\u2019\u00e9vidence premi\u00e8re. Or ces faux alchimistes de l\u2019opinion jetaient tout dans le m\u00eame chaudron : nobles v\u00e9rit\u00e9s et poisons subtils, jusqu\u2019\u00e0 ce que l\u2019odeur rance du mensonge institutionnalis\u00e9 nous soul\u00e8ve le c\u0153ur.<\/p>\n<p><img decoding=\"async\" data-entity-uuid=\"3e5e654a-02a3-430d-9748-b1754d53d747\" data-entity-type=\"file\" alt=\"N\u00e9crologie\" width=\"652\" height=\"364\" class=\"align-center lazyload\" loading=\"lazy\" src=\"https:\/\/www.francesoir.fr\/sites\/default\/files\/inline-images\/5_23.png\"\/><\/p>\n<p>Ils ont transform\u00e9 le journalisme <strong>en art de la distorsion<\/strong> : faire passer le fiel pour du miel, la calomnie pour de la muse. R\u00e9sultat ? Un brouillard \u00e9pais, une pollution informationnelle qui rend le monde illisible, o\u00f9 le citoyen ordinaire se noie dans un d\u00e9dale de \u00ab nuances \u00bb alors que la mission premi\u00e8re du journaliste devrait \u00eatre de purifier, de distiller, de rendre \u00e0 la r\u00e9alit\u00e9 son arome primordial, intact et tonitruant. Il suffit parfois de poser quelques questions simples :\u00a0<\/p>\n<blockquote>\n<p>\u00ab Qui paie ? Qui gagne ? Qui perd ? \u00bb<\/p>\n<\/blockquote>\n<h5>\u00a0<\/h5>\n<h5><strong>Les chiffres qui ont tu\u00e9 le mythe<\/strong><\/h5>\n<p>Les Fran\u00e7ais ne sont pas dupes. Le <a target=\"_blank\" href=\"https:\/\/edition.francesoir.fr\/politique-france\/les-francais-face-une-crise-multidimensionnelle-en-fevrier-2026-sondage-france\">barom\u00e8tre MIS Group pour <em>France-Soir<\/em> et BonSens.org de f\u00e9vrier 2026<\/a> est sans appel et confirme une rupture de confiance historique :<\/p>\n<ul>\n<li data-list-item-id=\"e03628709983971ddbe6f5ac3f32a8eaa\">65 % des Fran\u00e7ais jugent que les m\u00e9dias TV mainstream (TF1, France T\u00e9l\u00e9visions, BFM) manquent totalement d\u2019objectivit\u00e9.<\/li>\n<li data-list-item-id=\"e8a8fd7eed1c1b7d9ece55b21cd39f3d1\">51 % estiment que le service public ne respecte pas le pluralisme.<\/li>\n<li data-list-item-id=\"eb3ed8d60355ce830c8db2d95c31f0983\">44 % pensent que m\u00e9dias et politiques mentent syst\u00e9matiquement pour prot\u00e9ger les \u00e9lites.<\/li>\n<li data-list-item-id=\"e19a294dd1602d89f26f267b8e3e21d3f\">56 % ont cess\u00e9 de consulter la presse et les cha\u00eenes traditionnelles.<\/li>\n<li data-list-item-id=\"ed661c4be413281bac4ac26696533051b\">47 % se tournent d\u00e9sormais vers les m\u00e9dias alternatifs.<\/li>\n<li data-list-item-id=\"e9b18cb7627f6274604724e60420ad779\">47 % sont m\u00eame favorables \u00e0 la fermeture de certains m\u00e9dias du service public.<\/li>\n<\/ul>\n<p><img decoding=\"async\" data-entity-uuid=\"2e10179b-8373-413e-99dd-6266aaaf19df\" data-entity-type=\"file\" alt=\"N\u00e9crologie\" width=\"655\" height=\"366\" class=\"align-center lazyload\" loading=\"lazy\" src=\"https:\/\/www.francesoir.fr\/sites\/default\/files\/inline-images\/6_21.png\"\/><\/p>\n<p>78 % consid\u00e8rent que l\u2019ex\u00e9cutif n\u2019agit pas dans l\u2019int\u00e9r\u00eat de la population. 73 % n\u2019ont plus confiance dans le gouvernement. 75 % estiment que la corruption est trop importante. La France est en rupture de confiance multidimensionnelle.<\/p>\n<p>\u00a0<\/p>\n<h5><strong>L\u2019hyst\u00e9rie du 27 avril 2026 : preuves vivantes du d\u00e9ni<\/strong><\/h5>\n<p>Derri\u00e8re l\u2019hyst\u00e9rie (\u00ab <em>rapport Bollor\u00e9<\/em> \u00bb, \u00ab <em>commission Bollor\u00e9<\/em> \u00bb), ce n\u2019est pas la d\u00e9mocratie qu\u2019ils d\u00e9fendent. <strong>C\u2019est leur rente sur l\u2019opacit\u00e9<\/strong>. Leur outil de reproduction du pouvoir depuis Mitterrand. Leur capacit\u00e9 \u00e0 maquiller des opinions id\u00e9ologiques en v\u00e9rit\u00e9s d\u2019\u00c9tat.<\/p>\n<p>Regardez-les en temps r\u00e9el, ce 27 avril, jour m\u00eame du vote. Edwy Plenel, cofondateur de Mediapart, tweete :<\/p>\n<blockquote class=\"twitter-tweet\">\n<p lang=\"fr\" dir=\"ltr\">Jusqu\u2019au bout le macronisme aura servi de marche-pied \u00e0 l\u2019extr\u00eame droite : gr\u00e2ce \u00e0 l\u2019abstention des \u00e9lus du camp pr\u00e9sidentiel, un rapport parlementaire contre l\u2019audiovisuel public a \u00e9t\u00e9 adopt\u00e9. Un d\u00e9lire complotiste sponsoris\u00e9 par le syst\u00e8me Bollor\u00e9.<a target=\"_blank\" href=\"https:\/\/t.co\/ylYQFeHpzq\">https:\/\/t.co\/ylYQFeHpzq<\/a><\/p>\n<p>\u2014 Edwy Plenel (@edwyplenel) <a target=\"_blank\" href=\"https:\/\/twitter.com\/edwyplenel\/status\/2048850515715379621?ref_src=twsrc%5Etfw\">April 27, 2026<\/a><\/p>\n<\/blockquote>\n<p>Les d\u00e9put\u00e9s socialistes et apparent\u00e9s, via leur compte officiel @socialistesAN, publient :\u00a0<\/p>\n<blockquote class=\"twitter-tweet\">\n<p lang=\"fr\" dir=\"ltr\">\u274c Nous disons non au rapport Alloncle !<\/p>\n<p>5 mois d\u2019auditions pour un rapport biais\u00e9, fait d\u2019attaques, de diffamation et de mensonges.<\/p>\n<p>Nous refusons d\u2019y apposer le sceau de l\u2019Assembl\u00e9e nationale.<\/p>\n<p>\u2013 <a target=\"_blank\" href=\"https:\/\/twitter.com\/aydahadi?ref_src=twsrc%5Etfw\">@aydahadi<\/a> <a target=\"_blank\" href=\"https:\/\/t.co\/79nymzwJNG\">pic.twitter.com\/79nymzwJNG<\/a><\/p>\n<p>\u2014 D\u00e9put\u00e9s Socialistes et apparent\u00e9s (@socialistesAN) <a target=\"_blank\" href=\"https:\/\/twitter.com\/socialistesAN\/status\/2048764172192657738?ref_src=twsrc%5Etfw\">April 27, 2026<\/a><\/p>\n<\/blockquote>\n<p>Hubert Huertas, ex-chroniqueur \u00e0 Mediapart, tente vainement d\u2019enfoncer le clou en s\u2019attaquant personnellement au rapporteur :<br \/><a target=\"_blank\" href=\"https:\/\/x.com\/Huberthuertas\/status\/2048806262964437050?s=20\"><em>\u00ab D\u00e9cid\u00e9ment vous confondez tout \u00e0 d\u00e9faut de confondre vos ennemis, cher Charles Alloncle\u2026 Je crains que vous ne confondiez votre personne et toute une commission, comme vous avez confondu le r\u00f4le de rapporteur et celui de procureur, comme vous avez confondu le r\u00f4le d\u2019arbitre et celui du supporter bourr\u00e9 qui crie \u201c\u00e0 poil l\u2019arbitre\u201d, comme vous avez confondu la solennit\u00e9 d\u2019une commission parlementaire et le caf\u00e9 du commerce des r\u00e9seaux sociaux, comme vous avez confondu un rapport officiel et r\u00e8glement de compte. \u00bb<\/em><\/a><\/p>\n<p><img decoding=\"async\" data-entity-uuid=\"fff5b488-589f-4454-8d0b-1f6d8e517a9b\" data-entity-type=\"file\" alt=\"N\u00e9crologie\" width=\"655\" height=\"366\" class=\"align-center lazyload\" loading=\"lazy\" src=\"https:\/\/www.francesoir.fr\/sites\/default\/files\/inline-images\/8_12.png\"\/><\/p>\n<p>Aucune analyse du fond. Aucun chiffre. Aucune r\u00e9ponse aux 3,9 milliards d\u2019euros, aux d\u00e9rives de gestion, au manque de pluralisme. Seulement des insultes, des amalgames et des accusations de \u00ab complot Bollor\u00e9 \u00bb. C\u2019est exactement <a target=\"_blank\" href=\"https:\/\/x.com\/xazalbert\/status\/2048819573374206095?s=20\">ce que je leur ai r\u00e9pondu en direct<\/a> chiffres \u00e0 l\u2019appui : les Fran\u00e7ais jugent \u00e0 65 % les m\u00e9dias d\u00e9pourvus d\u2019objectivit\u00e9 et \u00e0 51 % le service public en violation du pluralisme. La transparence ne s\u2019applique-t-elle qu\u2019aux autres ?<\/p>\n<p>\u00a0<\/p>\n<h5><strong>Ce que cette caste perd vraiment<\/strong><\/h5>\n<p>Ce qu\u2019ils perdent, c\u2019est leur position sociale, leur valeur de march\u00e9 dans l\u2019\u00e9conomie de l\u2019attention, tout un monde de vanit\u00e9 politique qui s\u2019\u00e9croule comme un miroir bris\u00e9.<\/p>\n<p>Regardez-les : Nagui et ses contrats publics estim\u00e9s \u00e0 pr\u00e8s de 100 millions d\u2019euros via sa soci\u00e9t\u00e9 de production avec France T\u00e9l\u00e9visions. Xavier Niel et Matthieu Pigasse, milliardaires drap\u00e9s dans les valeurs de gauche. Edwy Plenel, dont Mediapart a affront\u00e9 des redressements fiscaux sur la TVA pendant qu\u2019il se b\u00e2tissait un patrimoine immobilier dans le chic centre de Paris. Une gauche de convenance : riches comme Cr\u00e9sus, moralisateurs comme des inquisiteurs, terrifi\u00e9s \u00e0 l\u2019id\u00e9e que l\u2019on enqu\u00eate sur leurs propres salaires, leurs propres biais et leurs propres privil\u00e8ges. La transparence, c\u2019est pour les autres\u00a0!\u00a0<\/p>\n<p><img decoding=\"async\" data-entity-uuid=\"a572c266-492f-4104-9430-4dcc7bed475a\" data-entity-type=\"file\" alt=\"\" width=\"653\" height=\"365\" class=\"align-center lazyload\" loading=\"lazy\" src=\"https:\/\/www.francesoir.fr\/sites\/default\/files\/inline-images\/9_15.png\"\/><\/p>\n<p>Ce monde o\u00f9 l\u2019on servait le mensonge pour prot\u00e9ger son statut, o\u00f9 l\u2019on compliquait pour mieux dominer, o\u00f9 l\u2019on donnait des le\u00e7ons sans jamais en recevoir. La <a target=\"_blank\" href=\"https:\/\/www.francesoir.fr\/opinions-tribunes\/devoir-de-memoire-le-florilege-de-la-servitude-volontaire-l-hypocrisie-des-elites\">servitude volontaire des \u00e9lites<\/a> n\u2019\u00e9tait pas une fatalit\u00e9 : c\u2019\u00e9tait un choix rationnel pour ne pas risquer le d\u00e9classement.<\/p>\n<h5>\u00a0<\/h5>\n<h5><strong>Bertolt Brecht avait tout vu<\/strong><\/h5>\n<p>D\u00e8s 1935, face \u00e0 la propagande, Brecht \u00e9crivait : \u00ab <em>Qui ne conna\u00eet pas la v\u00e9rit\u00e9 n\u2019est qu\u2019un imb\u00e9cile. Mais qui, la connaissant, la nomme mensonge, celui-l\u00e0 est un criminel.<\/em> \u00bb<\/p>\n<p><img decoding=\"async\" data-entity-uuid=\"9e19aed8-8cd3-43b3-b685-e0d797f04d72\" data-entity-type=\"file\" alt=\"N\u00e9crologie\" width=\"650\" height=\"363\" class=\"align-center lazyload\" loading=\"lazy\" src=\"https:\/\/www.francesoir.fr\/sites\/default\/files\/inline-images\/10_8.png\"\/><\/p>\n<p>Ces \u00e9lites connaissaient la v\u00e9rit\u00e9 \u2013 les co\u00fbts pharaoniques, les biais structurels, le manque de pluralisme \u2013 mais la nommaient \u00ab <em>complot<\/em> \u00bb ou \u00ab <em>inf\u00e9odation \u00e0 Bollor\u00e9<\/em> \u00bb pour pr\u00e9server leur rente. Elles \u00e9taient donc criminelles au sens brechtien. Et elles le savaient.<\/p>\n<p>\u00a0<\/p>\n<h5><strong>Le rapport Alloncle : le coup de gr\u00e2ce<\/strong><\/h5>\n<p>Le rapport Alloncle n\u2019est pas un rapport parmi d\u2019autres. C\u2019est l\u2019acte de d\u00e9c\u00e8s. Il ausculte, peut-\u00eatre pas de mani\u00e8re exhaustive ou avec des inexactitudes, mais sans piti\u00e9, les 3,9 milliards d\u2019euros engloutis chaque ann\u00e9e dans un service public qui co\u00fbte cher, d\u00e9livre peu et sert trop. Il propose des fusions (France 2\/France 5, France Info\/France 24), des suppressions de cha\u00eenes redondantes, des coupes budg\u00e9taires cibl\u00e9es, un renforcement r\u00e9el de la neutralit\u00e9 et de la pluralit\u00e9. Rien de r\u00e9volutionnaire. Juste du bon sens comptable et d\u00e9mocratique.<\/p>\n<p><img decoding=\"async\" data-entity-uuid=\"a8e66084-9865-416e-b211-012029b0baf8\" data-entity-type=\"file\" alt=\"N\u00e9crologie\" width=\"652\" height=\"364\" class=\"align-center lazyload\" loading=\"lazy\" src=\"https:\/\/www.francesoir.fr\/sites\/default\/files\/inline-images\/11_9.png\"\/><\/p>\n<p>Leur r\u00e9action ? Une campagne publicitaire gratuite monumentale pour Vincent Bollor\u00e9. Des centaines, des milliers de mentions de son nom. F\u00e9licitations. Vous venez de lui offrir la plus belle op\u00e9ration de communication de sa carri\u00e8re.<\/p>\n<p>\u00a0<\/p>\n<h5><strong>Ce qui na\u00eet aujourd\u2019hui<\/strong><\/h5>\n<p>Avec la publication de ce rapport, ce n\u2019est pas Bollor\u00e9 qui gagne. Pas plus que ce ne sont des id\u00e9es d&rsquo;extr\u00eame droite que la bien pensance a longtemps d\u00e9clar\u00e9 vouloir combattre par le d\u00e9bat ou sur les id\u00e9es. C\u2019est le d\u00e9but d\u2019une br\u00e8che. <strong>Une fissure dans le mur qui s\u00e9parait, depuis trop longtemps, les faits des opinions<\/strong>.\u00a0<\/p>\n<p>Pendant des d\u00e9cennies, on a maquill\u00e9 des opinions en faits. Le monde qui s\u2019effondre sous les yeux de cette caste n\u2019est pas celui de la gauche. C\u2019est celui de leur privil\u00e8ge, de leur rente morale, de leur empire b\u00e2ti sur l\u2019opacit\u00e9 et le brouillard. Ils ont servi ce mensonge pour se prot\u00e9ger. Aujourd\u2019hui, c\u2019est ce mensonge qui les abandonne. Ce n&rsquo;est donc pas la victoire d&rsquo;un camp mais la d\u00e9faite d&rsquo;une caste.<\/p>\n<p>Et gr\u00e2ce \u00e0 la transparence \u2013 m\u00eame forc\u00e9e \u2013, les faits reprennent leur place. La simplicit\u00e9 revient. Le brouillard se dissipe.<\/p>\n<p>Leur \u00ab <em>monde meilleur<\/em> \u00bb est mort.<br \/>Qu\u2019il repose en pi\u00e8ces.<\/p>\n<p>Et que vive enfin le monde r\u00e9el : un monde o\u00f9 le journaliste redevient vigile de la clart\u00e9, o\u00f9 le contribuable n\u2019est plus contraint de financer sa propre mise sous tutelle, o\u00f9 les faits reprennent le dessus sur les narratifs, o\u00f9 la simplicit\u00e9 redevient une boussole invincible.<\/p>\n<p>C\u2019est une excellente nouvelle pour la d\u00e9mocratie.<br \/>Pour la v\u00e9rit\u00e9.<br \/>Pour la France.<\/p>\n<p>Enterr\u00e9 le 4 mai 2026.<br \/>Que personne n\u2019oublie la date.<\/p>\n<p><img decoding=\"async\" data-entity-uuid=\"88a27075-a440-436a-af7c-22479b234e31\" data-entity-type=\"file\" alt=\"N\u00e9crologie\" width=\"650\" height=\"363\" class=\"align-center lazyload\" loading=\"lazy\" src=\"https:\/\/www.francesoir.fr\/sites\/default\/files\/inline-images\/12_13.png\"\/><\/p>\n<p>Retrouvez le d\u00e9cryptage vid\u00e9o de cet article :\u00a0<\/p>\n<p><iframe loading=\"lazy\" title=\"N\u00e9crologie de leur \u00ab monde meilleur \u00bb \u2013 Enterr\u00e9 vivant le 4 mai 2026 par le rapport Alloncle\" width=\"1110\" height=\"624\" src=\"https:\/\/www.youtube.com\/embed\/JdZQzOdx2E8?feature=oembed\" frameborder=\"0\" allow=\"accelerometer; autoplay; clipboard-write; encrypted-media; gyroscope; picture-in-picture; web-share\" referrerpolicy=\"strict-origin-when-cross-origin\" allowfullscreen><\/iframe><\/p>\n<\/div>\n<p><script async src=\"\/\/platform.twitter.com\/widgets.js\" charset=\"utf-8\"><\/script><script>(function(d, s, id) {  var js, fjs = d.getElementsByTagName(s)[0];  if (d.getElementById(id)) return;  js = d.createElement(s); js.id = id;  js.src = \"\/\/connect.facebook.net\/fr_FR\/sdk.js#xfbml=1&version=v2.3\";  fjs.parentNode.insertBefore(js, fjs);}(document, \"script\", \"facebook-jssdk\"));<\/script><br \/>\n<br \/><br \/>\n<br \/><a href=\"https:\/\/www.francesoir.fr\/opinions-tribunes\/necrologie-de-leur-monde-meilleur-enterre-vivant-le-4-mai-2026-par-le-rapport\" target=\"_blank\"\">Source link <\/a><\/p>\n","protected":false},"excerpt":{"rendered":"<p>Il est mort.Pas d\u2019une mort accidentelle. Pas d\u2019un scandale soudain.Il est mort de sa propre arrogance, autopsi\u00e9 en direct par un rapport parlementaire et qui sera inhum\u00e9 le 4 mai&hellip; <\/p>\n","protected":false},"author":1,"featured_media":27129,"comment_status":"open","ping_status":"open","sticky":false,"template":"","format":"standard","meta":{"footnotes":""},"categories":[1],"tags":[],"class_list":["post-27128","post","type-post","status-publish","format-standard","has-post-thumbnail","hentry","category-non-classe"],"_links":{"self":[{"href":"https:\/\/monde25.info\/index.php\/wp-json\/wp\/v2\/posts\/27128","targetHints":{"allow":["GET"]}}],"collection":[{"href":"https:\/\/monde25.info\/index.php\/wp-json\/wp\/v2\/posts"}],"about":[{"href":"https:\/\/monde25.info\/index.php\/wp-json\/wp\/v2\/types\/post"}],"author":[{"embeddable":true,"href":"https:\/\/monde25.info\/index.php\/wp-json\/wp\/v2\/users\/1"}],"replies":[{"embeddable":true,"href":"https:\/\/monde25.info\/index.php\/wp-json\/wp\/v2\/comments?post=27128"}],"version-history":[{"count":0,"href":"https:\/\/monde25.info\/index.php\/wp-json\/wp\/v2\/posts\/27128\/revisions"}],"wp:featuredmedia":[{"embeddable":true,"href":"https:\/\/monde25.info\/index.php\/wp-json\/wp\/v2\/media\/27129"}],"wp:attachment":[{"href":"https:\/\/monde25.info\/index.php\/wp-json\/wp\/v2\/media?parent=27128"}],"wp:term":[{"taxonomy":"category","embeddable":true,"href":"https:\/\/monde25.info\/index.php\/wp-json\/wp\/v2\/categories?post=27128"},{"taxonomy":"post_tag","embeddable":true,"href":"https:\/\/monde25.info\/index.php\/wp-json\/wp\/v2\/tags?post=27128"}],"curies":[{"name":"wp","href":"https:\/\/api.w.org\/{rel}","templated":true}]}}