{"id":2713,"date":"2025-02-16T05:57:27","date_gmt":"2025-02-16T04:57:27","guid":{"rendered":"https:\/\/monde25.info\/index.php\/2025\/02\/16\/europe-en-crise-vance-sonne-lalarmante-derive-des-valeurs-democratiques\/"},"modified":"2025-02-16T05:57:27","modified_gmt":"2025-02-16T04:57:27","slug":"europe-en-crise-vance-sonne-lalarmante-derive-des-valeurs-democratiques","status":"publish","type":"post","link":"https:\/\/monde25.info\/index.php\/2025\/02\/16\/europe-en-crise-vance-sonne-lalarmante-derive-des-valeurs-democratiques\/","title":{"rendered":"Europe en crise : Vance sonne l&rsquo;alarmante d\u00e9rive des valeurs d\u00e9mocratiques"},"content":{"rendered":"<p> <br \/>\n<\/p>\n<div>\n<p>Lors de la Conf\u00e9rence de Munich sur la s\u00e9curit\u00e9, le vice-pr\u00e9sident am\u00e9ricain JD Vance a prononc\u00e9 un discours percutant qui a marqu\u00e9 les esprits, s\u2019\u00e9cartant des th\u00e8mes traditionnels de s\u00e9curit\u00e9 pour se concentrer sur des critiques acerbes des politiques europ\u00e9ennes, notamment en mati\u00e8re d\u2019immigration, de libert\u00e9 d\u2019expression et de d\u00e9mocratie. Plut\u00f4t que de d\u00e9tailler la strat\u00e9gie am\u00e9ricaine sur des dossiers comme l\u2019Ukraine, Vance a livr\u00e9 une charge contre les \u00e9lites europ\u00e9ennes, accus\u00e9es de m\u00e9priser leurs peuples et de trahir leurs valeurs fondamentales. Avec une rh\u00e9torique sans \u00e9quivoque, Vance a pos\u00e9 une question cruciale : <strong>l&rsquo;Europe est-elle en train de s&rsquo;\u00e9loigner de ses valeurs fondamentales ?<\/strong><\/p>\n<p><strong>Analyse du discours<\/strong><\/p>\n<ul>\n<li>\n<p><strong>L&rsquo;h\u00e9ritage des valeurs d\u00e9mocratiques en p\u00e9ril\u00a0: <\/strong>d\u00e8s le d\u00e9but de son intervention, Vance a exprim\u00e9 son inqui\u00e9tude face \u00e0 ce qu&rsquo;il consid\u00e8re comme un recul des valeurs d\u00e9mocratiques en Europe. <em>\u00ab Ce qui m&rsquo;inqui\u00e8te, c&rsquo;est la menace int\u00e9rieure, le recul de l&rsquo;Europe par rapport \u00e0 certaines de ses valeurs les plus fondamentales<\/em> \u00bb, a-t-il d\u00e9clar\u00e9. Le vice-pr\u00e9sident a \u00e9voqu\u00e9 des incidents r\u00e9cents o\u00f9 des tribunaux europ\u00e9ens ont annul\u00e9 des \u00e9lections, soulignant que ces actions choquaient profond\u00e9ment les Am\u00e9ricains, habitu\u00e9s \u00e0 d\u00e9fendre ardemment leurs valeurs d\u00e9mocratiques.<\/p>\n<p>En critiquant certaines d\u00e9cisions prises dans des pays europ\u00e9ens, Vance a mis en avant des exemples concrets : l&rsquo;annulation d&rsquo;\u00e9lections en Roumanie, les restrictions \u00e0 la libert\u00e9 d&rsquo;expression en Su\u00e8de et au Royaume-Uni, et la censure des r\u00e9seaux sociaux. Il a rappel\u00e9 que la d\u00e9mocratie ne se r\u00e9sume pas \u00e0 des mots, mais \u00e0 des actions. \u00ab <em>Nous devons faire plus que parler de valeurs d\u00e9mocratiques, nous devons les vivre<\/em> \u00bb, a-t-il affirm\u00e9.<\/p>\n<\/li>\n<li>\n<p><strong>La libert\u00e9 d&rsquo;expression au c\u0153ur des pr\u00e9occupations\u00a0: <\/strong>dans son discours, Vance a particuli\u00e8rement insist\u00e9 sur l&rsquo;importance de la libert\u00e9 d&rsquo;expression. Il a critiqu\u00e9 ce qu&rsquo;il per\u00e7oit comme une tendance inqui\u00e9tante \u00e0 la censure en Europe, citant des exemples o\u00f9 des gouvernements ont r\u00e9prim\u00e9 des opinions divergentes sous pr\u00e9texte de d\u00e9sinformation. \u00ab <em>En Grande-Bretagne et dans toute l&rsquo;Europe, la libert\u00e9 d&rsquo;expression, je le crains, est en recul<\/em> \u00bb, a-t-il averti.<\/p>\n<p>Cette pr\u00e9occupation s&rsquo;est \u00e9tendue aux \u00c9tats-Unis, o\u00f9, selon lui, l&rsquo;administration pr\u00e9c\u00e9dente a exerc\u00e9 des pressions sur les entreprises de m\u00e9dias sociaux pour qu&rsquo;elles censurent certains contenus. Vance a promis que sous l&rsquo;administration Trump, les \u00c9tats-Unis d\u00e9fendraient le droit de chacun \u00e0 exprimer librement ses opinions, qu&rsquo;on soit d&rsquo;accord ou non.\u00a0<\/p>\n<p>Le d\u00e9fi de la migration de masse. Vance a \u00e9galement abord\u00e9 la question \u00e9pineuse de la migration, qu&rsquo;il consid\u00e8re comme l&rsquo;un des d\u00e9fis les plus urgents pour l&rsquo;Europe. Il a soulign\u00e9 que la migration non contr\u00f4l\u00e9e a \u00e9t\u00e9 le r\u00e9sultat de d\u00e9cisions politiques conscientes et a li\u00e9 certains incidents tragiques, comme l&rsquo;attentat r\u00e9cent \u00e0 Munich, \u00e0 ces politiques migratoires. \u00ab <em>Aucun \u00e9lecteur de ce continent ne s&rsquo;est rendu aux urnes pour ouvrir les vannes \u00e0 des millions d&rsquo;immigrants non contr\u00f4l\u00e9s<\/em> \u00bb, a-t-il affirm\u00e9.<\/p>\n<p>Bien qu&rsquo;il reconnaisse la complexit\u00e9 de la situation, Vance a insist\u00e9 sur la n\u00e9cessit\u00e9 pour les dirigeants europ\u00e9ens de pr\u00eater une oreille attentive aux pr\u00e9occupations de leurs \u00e9lecteurs concernant l&rsquo;immigration.<\/p>\n<\/li>\n<li><strong>Un appel \u00e0 l&rsquo;\u00e9coute des citoyens\u00a0: <\/strong>dans une conclusion poignante, Vance a exhort\u00e9 les dirigeants europ\u00e9ens \u00e0 \u00e9couter leurs citoyens, \u00e0 respecter leurs pr\u00e9occupations et \u00e0 ne pas les ignorer. \u00ab <em>La d\u00e9mocratie repose sur le principe sacr\u00e9 que la voix du peuple compte<\/em> \u00bb, a-t-il d\u00e9clar\u00e9. Il a cit\u00e9 le pape Jean-Paul II, rappelant aux dirigeants de ne pas avoir peur des opinions divergentes de leurs \u00e9lecteurs. Pour JD Vance, la v\u00e9ritable s\u00e9curit\u00e9 ne r\u00e9side pas seulement dans les d\u00e9penses militaires ou les alliances strat\u00e9giques, mais dans la robustesse des valeurs d\u00e9mocratiques et la capacit\u00e9 des dirigeants \u00e0 \u00e9couter et \u00e0 repr\u00e9senter leur peuple. \u00ab <em>Si nous refusons d&rsquo;\u00e9couter cette voix, m\u00eame nos combats les plus fructueux n&rsquo;aboutiront qu&rsquo;\u00e0 tr\u00e8s peu de choses<\/em> \u00bb, a-t-il conclu.<\/li>\n<\/ul>\n<p>Un discours qui sonne comme un avertissement :<strong> l&rsquo;Europe doit revisiter ses fondements d\u00e9mocratiques pour surmonter les d\u00e9fis actuels et futurs. Dans ce contexte, la voix des citoyens est plus cruciale que jamais.<\/strong><\/p>\n<p class=\"text-align-center\"><iframe loading=\"lazy\" title=\"Vice President JD Vance Delivers Remarks at the Munich Security Conference\" width=\"1110\" height=\"624\" src=\"https:\/\/www.youtube.com\/embed\/pCOsgfINdKg?feature=oembed\" frameborder=\"0\" allow=\"accelerometer; autoplay; clipboard-write; encrypted-media; gyroscope; picture-in-picture; web-share\" referrerpolicy=\"strict-origin-when-cross-origin\" allowfullscreen><\/iframe><\/p>\n<p><strong>R\u00e9actions<\/strong><\/p>\n<p>Ce discours a imm\u00e9diatement d\u00e9clench\u00e9 l\u2019ire des dirigeants europ\u00e9ens engag\u00e9s dans la construction d\u2019une Europe f\u00e9d\u00e9rale, et le soutien des citoyens europ\u00e9ens qui ne se retrouvent pas dans cette volont\u00e9 des dirigeants d\u2019agir contre leur volont\u00e9.<\/p>\n<p>Les r\u00e9actions positives sont venues principalement de figures et mouvements caract\u00e9ris\u00e9s comme populistes ou d\u2019extr\u00eame droite par les m\u00e9dias mainstreams subventionn\u00e9s \u2013 une habitude de ces m\u00e9dias pour tenter de d\u00e9tourner l\u2019attention des lecteurs de ce discours qui refl\u00e8te un position plus que claire du gouvernement des Etats-Unis qui ne saurait \u00eatre entendu par la population europ\u00e9enne.<\/p>\n<p>La pr\u00e9sidente suisse, Karin Keller-Sutter, a vu dans ce discours \u00ab <em>un plaidoyer pour la d\u00e9mocratie directe<\/em> \u00bb, partageant certaines des \u00ab <em>valeurs lib\u00e9rales<\/em> \u00bb exprim\u00e9es. En Allemagne, Alice Weidel, leader de l\u2019AfD, a qualifi\u00e9 le discours d\u2019 \u00ab <em>excellent<\/em> \u00bb, soulignant l\u2019absence d\u2019applaudissements des partis traditionnels et diffusant une vid\u00e9o sous-titr\u00e9e en allemand, sugg\u00e9rant une pr\u00e9paration en amont. Et en France, Marion Mar\u00e9chal, du Rassemblement national, a salu\u00e9 un \u00ab <em>discours de v\u00e9rit\u00e9<\/em> \u00bb, tandis que Florian Philippot, pr\u00e9sident des Patriotes, a \u00e9crit sur X que Vance avait \u00ab <em>pulv\u00e9ris\u00e9 l\u2019UE<\/em> \u00bb et d\u00e9nonc\u00e9 \u00ab <em>toute la tyrannie de la putride Union europ\u00e9enne<\/em> \u00bb. Sur les r\u00e9seaux sociaux les citoyens ont pour la majorit\u00e9 salu\u00e9 ce discours de \u00ab\u00a0<em>bon sens<\/em>\u00a0\u00bb.<\/p>\n<p><strong>\u00a0<\/strong>En revanche, les r\u00e9actions n\u00e9gatives ont \u00e9t\u00e9 vives parmi les dirigeants et \u00e9lites europ\u00e9ennes. Le ministre allemand de la D\u00e9fense, Boris Pistorius, a jug\u00e9 les critiques de Vance \u00ab <em>pas acceptables<\/em> \u00bb, une remarque applaudie par l\u2019assembl\u00e9e. Le chancelier Olaf Scholz a \u00ab <em>rejet\u00e9 express\u00e9ment<\/em> \u00bb les propos de Vance, r\u00e9affirmant le \u00ab consensus \u00bb allemand sur le \u00ab mur pare-feu \u00bb contre l\u2019extr\u00eame droite, h\u00e9ritage de l\u2019exp\u00e9rience du national-socialisme. Le pr\u00e9sident allemand, Frank-Walter Steinmeier, a d\u00e9plor\u00e9 une vision am\u00e9ricaine sans \u00e9gard pour \u00ab <em>les r\u00e8gles \u00e9tablies, le partenariat et la confiance mutuelle<\/em> \u00bb. Le d\u00e9put\u00e9 ukrainien Oleksiy Goncharenko, pr\u00e9sent \u00e0 Munich, a d\u00e9crit l\u2019intervention comme une \u00ab <em>humiliation totale<\/em> \u00bb pour les Europ\u00e9ens, refl\u00e9tant un choc g\u00e9n\u00e9ralis\u00e9 face \u00e0 cette ing\u00e9rence per\u00e7ue dans les affaires europ\u00e9ennes, notamment \u00e0 l\u2019approche des \u00e9lections allemandes.<\/p>\n<p>Thierry Breton, ancien commissaire, <a target=\"_blank\" href=\"https:\/\/x.com\/ThierryBreton\/status\/1890461567675666929\">se faisant remarquer par un tweet \u00e0 l\u2019attention de JD Vance<\/a>\u00a0:<\/p>\n<blockquote>\n<p><em>Bienvenue en Europe VP <\/em><a target=\"_blank\" href=\"https:\/\/x.com\/JDVance\"><em>@JDVance<\/em><\/a><\/p>\n<p><em>Avec tout le respect que je vous dois, dans l\u2019Europe, la libert\u00e9 d\u2019expression est une valeur fondamentale de notre d\u00e9mocratie \u2013 elle n\u2019est pas n\u00e9gociable. Elle ne l\u2019a jamais \u00e9t\u00e9 et ne le sera jamais.<\/em><\/p>\n<p><em>La preuve ? M\u00eame les fausses nouvelles sont autoris\u00e9es (malheureusement, parfois reprises par de hauts responsables am\u00e9ricains) : L\u2019UE\/DSA n\u2019a jamais annul\u00e9 les \u00e9lections, malgr\u00e9 les extr\u00e9mistes d\u2019extr\u00eame droite et <\/em><a target=\"_blank\" href=\"https:\/\/x.com\/ElonMusk\"><em>@ElonMusk<\/em><\/a><em> qui continuent de propager ce mensonge.<\/em><\/p>\n<p><em>La DSA ne r\u00e9gule pas le contenu ; elle garantit <\/em><a target=\"_blank\" href=\"https:\/\/x.com\/hashtag\/transparency?src=hashtag_click\"><em>#transparency<\/em><\/a><em> qu&rsquo;aucune plateforme \u2013 qu&rsquo;elle soit chinoise, singapourienne, am\u00e9ricaine ou europ\u00e9enne \u2013 ne puisse manipuler les algorithmes. Aux \u00c9tats-Unis, les entreprises \u00e9trang\u00e8res respectent les lois am\u00e9ricaines. Cela ne fait pas d\u00e9bat. En Europe, nous attendons le m\u00eame comportement de la part des entreprises am\u00e9ricaines. \u00ab Quand vous \u00eates \u00e0 Rome, faites comme les Romains font.\u00a0\u00bb<\/em><\/p>\n<\/blockquote>\n<p><em>\u00a0<\/em><\/p>\n<p>Xavier Azalbert, <a target=\"_blank\" href=\"https:\/\/x.com\/xazalbert\/status\/1890506197058330681\">directeur de la r\u00e9daction de France-Soir<\/a> r\u00e9pondait \u00e0 ce post avec l\u2019analyse suivante\u00a0:<\/p>\n<blockquote>\n<p><em>Dans quel monde orwellien vivez-vous ? Un monde o\u00f9 vous pr\u00e9valez de double standards, un deux poids deux mesures, en toute impunit\u00e9 ?<\/em><\/p>\n<p><em>Soyez r\u00e9aliste M. Breton, les valeurs que vous d\u00e9fendez sont celles qui ont \u00e9t\u00e9 vaincues aux USA, celles de vos soi-disant amis et d\u00e9fenseurs de la libert\u00e9 d&rsquo;expression qui ont en r\u00e9alit\u00e9 captur\u00e9 le syst\u00e8me judiciaire pour kidnapper nos droits fondamentaux.<\/em><\/p>\n<p><em>Vous devriez lire les sondages (<\/em><a target=\"_blank\" href=\"https:\/\/www.francesoir.fr\/politique-france-monde-societe-economie\/la-fracture-entre-les-francais-le-gouvernement-et-le\"><em>ici<\/em><\/a><em>, <\/em><a target=\"_blank\" href=\"https:\/\/www.francesoir.fr\/politique-france-societe-economie-sante-environnement\/confiance-dans-les-dirigeants-francais-le\"><em>ici<\/em><\/a><em> et <\/em><a target=\"_blank\" href=\"https:\/\/www.francesoir.fr\/politique-france-monde-societe-economie-sante-environnement\/la-politique-poursuivie-par-emmanuel\"><em>ici<\/em><\/a><em>) concernant l&rsquo;\u00e9valuation de la confiance du peuple. Par vos actes, vos normes, vous avez contribu\u00e9 aux fractures clivantes qui existent entre le peuple et les techno-bureaucrates qui n&rsquo;ont aucune id\u00e9e du monde r\u00e9el.<\/em><\/p>\n<p><a target=\"_blank\" href=\"https:\/\/x.com\/RobertKennedyJr\"><em>Robert Kennedy Jr<\/em><\/a><em> nomm\u00e9 <\/em><a target=\"_blank\" href=\"https:\/\/x.com\/HHSGov\"><em>HHSGov<\/em><\/a><em> avait d\u00e9clar\u00e9 sur <\/em><a target=\"_blank\" href=\"https:\/\/x.com\/france_soir\"><em>France-Soir<\/em><\/a><em> en 2022 : \u00ab <\/em><a target=\"_blank\" href=\"https:\/\/www.francesoir.fr\/videos-les-debriefings\/robert-kennedy-jr\"><em>r\u00e9sistez, r\u00e9sistez car quand ils ont le pouvoir, ils ne veulent jamais l&rsquo;abandonner \u00bb<\/em><\/a><em>. Il s&rsquo;est battu avec acharnement pour r\u00e9cup\u00e9rer le pouvoir afin de s&rsquo;assurer, qu&rsquo;avec des gens comme <\/em><a target=\"_blank\" href=\"https:\/\/x.com\/elonmusk\"><em>Elon Musk<\/em><\/a><em>, <\/em><a target=\"_blank\" href=\"https:\/\/x.com\/DrJBhattacharya\"><em>Dr J Bhattacharya<\/em><\/a><em>, que la transparence pr\u00e9vaudra, que les droits fondamentaux captur\u00e9s seront r\u00e9cup\u00e9r\u00e9s et que les criminels qui ont contribu\u00e9 \u00e0 cette cabale seront d\u00fbment sanctionn\u00e9s.<\/em><\/p>\n<p><em>Le bon sens est celui qui conduit <strong>les gens \u00e0 combattre des gens comme vous afin de s&rsquo;assurer qu&rsquo;un jour vous serez tenus pour responsables des dommages et de la destruction auxquels vous avez contribu\u00e9<\/strong>. Et surtout pour vous faire comprendre que vous nous devez transparence et responsabilit\u00e9, et non l&rsquo;inverse.<\/em><\/p>\n<p><em>Si des personnes intelligentes et d\u00e9termin\u00e9es ont r\u00e9ussi \u00e0 r\u00e9cup\u00e9rer le pouvoir qui leur revient aux \u00c9tats-Unis, dans nos nations respectives en Europe, attendez-vous \u00e0 ce que les gens r\u00e9sistent, r\u00e9sistent et accomplissent ce que le peuple am\u00e9ricain a fait.<\/em><\/p>\n<p><em>Si vous \u00e9tiez vraiment pour la libert\u00e9 d&rsquo;expression et non celle qui donne \u00e0 l&rsquo;\u00c9tat des pouvoirs normatifs indus pour que les bureaucrates construisent leur base de pouvoir pour se prot\u00e9ger, alors vous favoriseriez un environnement o\u00f9 les informations correctes sont d\u00e9livr\u00e9es au peuple pour qu&rsquo;il puisse prendre des d\u00e9cisions \u00e9clair\u00e9es.<\/em><\/p>\n<p><em>Votre d\u00e9finition de la libert\u00e9 d&rsquo;expression est qu&rsquo;elle prot\u00e8ge le peuple de savoir ce qui se trouve dans les contrats de vaccins ou d&rsquo;envoyer des armes en Ukraine sans mandat ni peuple. C&rsquo;est du bellicisme.<\/em><\/p>\n<p><em>Votre mur de normes et de capture de la libert\u00e9 est sur le point de s&rsquo;effondrer. C&rsquo;est un lent mais s\u00fbr broyage de vos murs protecteurs contre la d\u00e9mocratie.<\/em><\/p>\n<p><em>Ne vous laissez pas tromper, un jour vous et votre complice devrez r\u00e9pondre de vos actes. Et cela viendra plus t\u00f4t que vous ne le pensez.<\/em><\/p>\n<p><em>Le bon sens l&#8217;emportera sur vos actes impardonnables.<\/em><\/p>\n<\/blockquote>\n<p><strong>\u00a0<\/strong><\/p>\n<p>Afin de vous forger votre propre opinion, voici le discours complet traduit en fran\u00e7ais.<\/p>\n<p>Merci \u00e0 tous les d\u00e9l\u00e9gu\u00e9s, sommit\u00e9s et professionnels des m\u00e9dias rassembl\u00e9s, et merci tout particuli\u00e8rement \u00e0 notre h\u00f4te de la Conf\u00e9rence de Munich sur la s\u00e9curit\u00e9 d\u2019avoir pu organiser un \u00e9v\u00e9nement aussi incroyable. Nous sommes, bien s\u00fbr, ravis d\u2019\u00eatre ici.<\/p>\n<p>L\u2019une des choses dont je voulais parler aujourd\u2019hui, ce sont bien s\u00fbr nos valeurs communes.<\/p>\n<p>C\u2019est formidable d\u2019\u00eatre de retour en Allemagne.\u00a0Comme vous l\u2019avez entendu tout \u00e0 l\u2019heure, j\u2019\u00e9tais ici l\u2019ann\u00e9e derni\u00e8re en tant que s\u00e9nateur des \u00c9tats-Unis. J\u2019ai crois\u00e9\u00a0le ministre britannique des Affaires \u00e9trang\u00e8res David Lammy\u00a0qui plaisantait en disant que nous avions tous les deux des postes diff\u00e9rents l\u2019ann\u00e9e derni\u00e8re de ceux que nous avons maintenant.<\/p>\n<p>Mais il est d\u00e9sormais temps, dans nos pays, pour tous ceux qui ont eu la chance de se voir confier un pouvoir politique par nos peuples respectifs, de l\u2019utiliser \u00e0 bon escient pour am\u00e9liorer leur vie. Et je tiens \u00e0 dire que j\u2019ai eu la chance, pendant mon s\u00e9jour ici, de passer un peu de temps en dehors des murs de cette conf\u00e9rence au cours des derni\u00e8res 24 heures. Et j\u2019ai \u00e9t\u00e9 tr\u00e8s impressionn\u00e9 par l\u2019hospitalit\u00e9 des gens alors qu\u2019ils sont encore sous le choc de l\u2019horrible attentat d\u2019hier. La premi\u00e8re fois que je suis venu \u00e0 Munich, c\u2019\u00e9tait avec ma femme, qui est ici avec moi aujourd\u2019hui pour un voyage personnel. J\u2019ai toujours aim\u00e9 la ville de Munich et j\u2019ai toujours aim\u00e9 ses habitants.<\/p>\n<p>Je tiens \u00e0 dire que nous sommes tr\u00e8s \u00e9mus et que nos pens\u00e9es et nos pri\u00e8res vont \u00e0 Munich et \u00e0 toutes les personnes touch\u00e9es par le mal qui a \u00e9t\u00e9 inflig\u00e9 \u00e0 cette belle communaut\u00e9. Nous pensons \u00e0 vous, nous prions pour vous et il va de soi que nous vous soutiendrons dans les jours et les semaines \u00e0 venir.\u00a0<\/p>\n<p>J\u2019esp\u00e8re que ce n\u2019est pas la derni\u00e8re salve d\u2019applaudissements que je recevrai. Mais nous sommes r\u00e9unis \u00e0 cette conf\u00e9rence, bien s\u00fbr, pour discuter de s\u00e9curit\u00e9.<\/p>\n<p>Habituellement, nous parlons des menaces qui p\u00e8sent sur notre s\u00e9curit\u00e9 ext\u00e9rieure et je vois de nombreux haut grad\u00e9s r\u00e9unis ici aujourd\u2019hui. Mais alors que l\u2019administration Trump est tr\u00e8s pr\u00e9occup\u00e9e par la s\u00e9curit\u00e9 europ\u00e9enne et croit que nous pouvons parvenir \u00e0 un r\u00e8glement raisonnable entre la Russie et l\u2019Ukraine, nous pensons \u00e9galement qu\u2019il est important que l\u2019Europe prenne des mesures importantes dans les ann\u00e9es \u00e0 venir pour assurer sa propre d\u00e9fense.\u00a0<\/p>\n<p>Car la menace qui m\u2019inqui\u00e8te le plus vis-\u00e0-vis de l\u2019Europe n\u2019est pas la Russie, ce n\u2019est pas la Chine, ce n\u2019est aucun autre acteur ext\u00e9rieur.<\/p>\n<p>Et ce qui m\u2019inqui\u00e8te, c\u2019est la menace de l\u2019int\u00e9rieur\u00a0: le recul de l\u2019Europe sur certaines de ses valeurs les plus fondamentales. Des valeurs partag\u00e9es avec les \u00c9tats-Unis.\u00a0<\/p>\n<p>Or j\u2019ai \u00e9t\u00e9 frapp\u00e9 qu\u2019un ancien commissaire europ\u00e9en puisse r\u00e9cemment s\u2019exprimer \u00e0 la t\u00e9l\u00e9vision pour se r\u00e9jouir que le gouvernement roumain annule une \u00e9lection pr\u00e9sidentielle. Il a averti que si les choses ne se d\u00e9roulaient pas comme pr\u00e9vu, la m\u00eame chose pourrait se produire en Allemagne \u00e9galement.<\/p>\n<p>Ces d\u00e9clarations cavali\u00e8res sont choquantes pour les oreilles am\u00e9ricaines.<\/p>\n<p>Pendant des ann\u00e9es, on nous a dit que tout ce que nous financions et soutenions l\u2019\u00e9tait au nom de nos valeurs d\u00e9mocratiques communes. Tout \u2014 de notre politique envers l\u2019Ukraine au num\u00e9rique \u2014 est pr\u00e9sent\u00e9 comme une d\u00e9fense de la d\u00e9mocratie.<\/p>\n<p>Mais lorsque nous voyons des tribunaux europ\u00e9ens annuler des \u00e9lections et de hauts fonctionnaires menacer d\u2019en annuler d\u2019autres, nous devons nous demander si nous nous imposons des normes suffisamment \u00e9lev\u00e9es. Et je dis \u00ab\u00a0nous\u00a0\u00bb parce que je crois fondamentalement que nous sommes dans la m\u00eame \u00e9quipe. Nous devons faire plus que parler de valeurs d\u00e9mocratiques. Nous devons les vivre maintenant, dans la m\u00e9moire vivante de beaucoup d\u2019entre vous dans cette salle.<\/p>\n<p>La guerre froide a oppos\u00e9 les d\u00e9fenseurs de la d\u00e9mocratie \u00e0 des forces beaucoup plus tyranniques sur ce continent. Consid\u00e9rez le camp dans ce combat qui a censur\u00e9 les dissidents, qui a ferm\u00e9 les \u00e9glises, qui a annul\u00e9 les \u00e9lections\u00a0: \u00e9taient-ils les gentils\u00a0? Certainement pas. Et Dieu merci, ils ont perdu la Guerre froide. Ils ont perdu parce qu\u2019ils n\u2019ont ni appr\u00e9ci\u00e9 ni respect\u00e9 tous les bienfaits extraordinaires de la libert\u00e9. La libert\u00e9 de surprendre, de faire des erreurs, d\u2019inventer, de construire. Il s\u2019av\u00e8re que l\u2019on ne peut pas imposer l\u2019innovation ou la cr\u00e9ativit\u00e9, tout comme on ne peut pas forcer les gens \u00e0 penser, \u00e0 ressentir ou \u00e0 croire. Et ces deux choses sont sans aucun doute li\u00e9es. Malheureusement, quand je regarde l\u2019Europe aujourd\u2019hui, on ne sait pas toujours tr\u00e8s bien ce qui est arriv\u00e9 \u00e0 certains des vainqueurs de la Guerre froide.<\/p>\n<p>Je regarde Bruxelles, o\u00f9 des\u00a0<em>commissars<\/em>\u00a0europ\u00e9ens avertissent les citoyens qu\u2019ils ont l\u2019intention de fermer les r\u00e9seaux sociaux en p\u00e9riode de troubles civils d\u00e8s qu\u2019ils rep\u00e8rent ce qu\u2019ils ont jug\u00e9 \u00eatre, je cite, du \u00ab\u00a0contenu haineux\u00a0\u00bb.<\/p>\n<p>Ou bien dans ce pays m\u00eame, o\u00f9 la police a men\u00e9 des descentes contre des citoyens soup\u00e7onn\u00e9s d\u2019avoir post\u00e9 des commentaires antif\u00e9ministes en ligne dans le cadre, je cite toujours, de la lutte contre la misogynie sur Internet.<\/p>\n<p>Je me tourne vers la Su\u00e8de, o\u00f9 le gouvernement a condamn\u00e9 il y a deux semaines un activiste chr\u00e9tien pour avoir particip\u00e9 \u00e0 des incendies de Corans, qui ont entra\u00een\u00e9 le meurtre de son ami. Comme l\u2019a fait remarquer de mani\u00e8re effrayante le juge dans son affaire, les lois su\u00e9doises, cens\u00e9es prot\u00e9ger la libert\u00e9 d\u2019expression, n\u2019accordent pas, et je cite, \u00ab\u00a0un laissez-passer\u00a0\u00bb pour faire ou dire n\u2019importe quoi sans risquer d\u2019offenser le groupe qui d\u00e9tient cette croyance.<\/p>\n<p>Peut-\u00eatre plus inqui\u00e9tant encore, je me tourne vers nos tr\u00e8s chers amis du Royaume-Uni, o\u00f9 le recul des droits de conscience a mis en p\u00e9ril les libert\u00e9s fondamentales des Britanniques, en particulier des croyants. Il y a un peu plus de deux ans, le gouvernement britannique a accus\u00e9 Adam Smith Connor, un kin\u00e9sith\u00e9rapeute de 51 ans et ancien combattant, du crime odieux d\u2019avoir pri\u00e9 en silence pendant trois minutes \u00e0 50 m\u00e8tres d\u2019une clinique d\u2019avortement. Il n\u2019a g\u00ean\u00e9 personne, n\u2019a interagi avec personne\u00a0; il a simplement pri\u00e9 en silence. Apr\u00e8s que les forces de l\u2019ordre britanniques l\u2019eurent rep\u00e9r\u00e9 et lui eurent demand\u00e9 pour quelle raison il priait, Adam a r\u00e9pondu simplement qu\u2019il priait pour le fils qu\u2019il aurait pu avoir avec son ex-petite amie et qu\u2019ils avaient fait avorter des ann\u00e9es auparavant.<\/p>\n<p>Les agents sont rest\u00e9s de marbre et Adam a \u00e9t\u00e9 reconnu coupable d\u2019avoir enfreint la nouvelle loi gouvernementale sur les \u00ab\u00a0zones tampons\u00a0\u00bb, qui criminalise la pri\u00e8re silencieuse et d\u2019autres actions susceptibles d\u2019influencer la d\u00e9cision d\u2019une personne dans un rayon de 200 m\u00e8tres autour d\u2019un centre d\u2019avortement. Il a \u00e9t\u00e9 condamn\u00e9 \u00e0 payer des milliers de livres de frais de justice \u00e0 l\u2019accusation.\u00a0<\/p>\n<p>J\u2019aimerais pouvoir dire que c\u2019\u00e9tait un hasard, un exemple unique et fou d\u2019une loi mal \u00e9crite, promulgu\u00e9e contre une seule personne \u2014 mais non.<\/p>\n<p>En octobre dernier, il y a quelques mois \u00e0 peine, le gouvernement \u00e9cossais a commenc\u00e9 \u00e0 distribuer des lettres aux citoyens dont les maisons se trouvaient dans des zones dites \u00ab\u00a0d\u2019acc\u00e8s s\u00e9curis\u00e9\u00a0\u00bb, les avertissant que m\u00eame la pri\u00e8re priv\u00e9e chez eux pouvait constituer une infraction \u00e0 la loi. Naturellement, le gouvernement a exhort\u00e9 les lecteurs \u00e0 signaler tout citoyen soup\u00e7onn\u00e9 de crime d\u2019opinion en Grande-Bretagne et dans toute l\u2019Europe.\u00a0<\/p>\n<p>La libert\u00e9 d\u2019expression, je le crains, est en recul.<\/p>\n<p>Et dans un souci d\u2019humour, chers amis, mais aussi dans un souci de v\u00e9rit\u00e9, je serai pr\u00eat \u00e0 admettre que parfois, les voix les plus fortes en faveur de la censure ne viennent pas d\u2019Europe mais de mon propre pays \u2014 o\u00f9 l\u2019administration pr\u00e9c\u00e9dente a menac\u00e9 et intimid\u00e9 les r\u00e9seaux sociaux pour qu\u2019ils censurent ce qu\u2019elle appelait la d\u00e9sinformation. La d\u00e9sinformation, comme par exemple l\u2019id\u00e9e que le coronavirus s\u2019\u00e9tait probablement \u00e9chapp\u00e9 d\u2019un laboratoire en Chine. Notre propre gouvernement a encourag\u00e9 les entreprises priv\u00e9es \u00e0 faire taire les personnes qui osaient dire ce qui s\u2019est av\u00e9r\u00e9 \u00eatre une v\u00e9rit\u00e9 \u00e9vidente.<\/p>\n<p>Je viens donc ici aujourd\u2019hui non seulement avec une observation, mais aussi avec une proposition. L\u2019administration Biden semblait pr\u00eate \u00e0 tout pour faire taire les gens qui exprimaient leur opinion\u00a0: l\u2019administration Trump fera exactement le contraire. Et j\u2019esp\u00e8re que nous pourrons travailler ensemble \u00e0 Washington.<\/p>\n<p>Il y a un nouveau sh\u00e9rif en ville.\u00a0<\/p>\n<p>Sous la direction de Donald Trump, nous pouvons \u00eatre en d\u00e9saccord avec vos opinions, mais nous nous battrons pour d\u00e9fendre votre droit de les exprimer sur la place publique. \u00cates-vous d\u2019accord\u00a0? Nous en sommes au point o\u00f9 la situation est devenue si critique qu\u2019en d\u00e9cembre dernier, la Roumanie a carr\u00e9ment annul\u00e9 les r\u00e9sultats d\u2019une \u00e9lection pr\u00e9sidentielle sur la base des vagues soup\u00e7ons d\u2019une agence de renseignement et des \u00e9normes pressions de ses voisins continentaux.<\/p>\n<p>Si j\u2019ai bien compris, l\u2019argument \u00e9tait que la d\u00e9sinformation russe avait infect\u00e9 les \u00e9lections roumaines. Mais je demanderais \u00e0 mes amis europ\u00e9ens de prendre du recul\u00a0: vous pouvez penser qu\u2019il est mal que la Russie ach\u00e8te des publicit\u00e9s sur les r\u00e9seaux sociaux pour influencer vos \u00e9lections. Nous le pensons \u00e9galement. Vous pouvez m\u00eame le condamner sur la sc\u00e8ne mondiale. Mais si votre d\u00e9mocratie peut \u00eatre d\u00e9truite avec quelques centaines de milliers de dollars de publicit\u00e9 num\u00e9rique provenant d\u2019un pays \u00e9tranger, alors c\u2019est qu\u2019elle n\u2019\u00e9tait pas tr\u00e8s solide au d\u00e9part.<\/p>\n<p>La bonne nouvelle, c\u2019est que je pense que vos d\u00e9mocraties sont nettement moins fragiles que ce que beaucoup de gens craignent apparemment.<\/p>\n<p>Et je pense fondamentalement que permettre \u00e0 nos citoyens d\u2019exprimer leur opinion les rendra encore plus forts.\u00a0<\/p>\n<p>Ce qui, bien s\u00fbr, nous ram\u00e8ne \u00e0 Munich \u2014 o\u00f9 les organisateurs de cette conf\u00e9rence ont interdit aux l\u00e9gislateurs repr\u00e9sentant les partis populistes de gauche et de droite de participer \u00e0 ces conversations.\u00a0<\/p>\n<p>Or l\u00e0 encore, nous ne sommes pas oblig\u00e9s d\u2019\u00eatre d\u2019accord avec tout ou partie de ce que les gens disent, mais lorsque des personnes, lorsque des dirigeants politiques repr\u00e9sentent une circonscription importante, il nous incombe au moins de dialoguer avec eux. Or pour beaucoup d\u2019entre nous, de l\u2019autre c\u00f4t\u00e9 de l\u2019Atlantique, tout cela ressemble de plus en plus \u00e0 de vieux int\u00e9r\u00eats bien \u00e9tablis qui se cachent derri\u00e8re des mots hideux de l\u2019\u00e8re sovi\u00e9tique tels que d\u00e9sinformation et m\u00e9sinformation, et qui n\u2019aiment tout simplement pas l\u2019id\u00e9e que quelqu\u2019un ayant un point de vue diff\u00e9rent puisse exprimer une opinion diff\u00e9rente ou, Dieu nous en pr\u00e9serve, voter diff\u00e9remment ou, pire encore, gagner une \u00e9lection.<\/p>\n<p>Nous sommes \u00e0 une conf\u00e9rence sur la s\u00e9curit\u00e9.\u00a0<\/p>\n<p>Et je suis s\u00fbr que vous \u00eates tous venus ici pr\u00eats \u00e0 parler de la mani\u00e8re exacte dont vous comptez augmenter les d\u00e9penses de d\u00e9fense au cours des prochaines ann\u00e9es, conform\u00e9ment \u00e0 un nouvel objectif que vous vous \u00eates fix\u00e9. Et c\u2019est tr\u00e8s bien car, comme le pr\u00e9sident Trump l\u2019a clairement indiqu\u00e9, il estime que nos amis europ\u00e9ens doivent jouer un r\u00f4le plus important dans l\u2019avenir de ce continent.\u00a0<\/p>\n<p>Nous ne pensons pas que vous entendiez bien ce terme de partage du fardeau \u2014 mais nous pensons qu\u2019il est important, dans le cadre d\u2019une alliance commune, que les Europ\u00e9ens prennent le relais pendant que l\u2019Am\u00e9rique se concentre sur les r\u00e9gions du monde qui sont en grand danger. Mais laissez-moi \u00e9galement vous demander comment vous allez m\u00eame commencer \u00e0 r\u00e9fl\u00e9chir aux questions budg\u00e9taires si nous ne savons pas ce que nous d\u00e9fendons en premier lieu\u00a0?<\/p>\n<p>J\u2019ai eu de tr\u00e8s nombreuses conversations int\u00e9ressantes avec beaucoup de personnes r\u00e9unies ici dans cette salle. J\u2019ai beaucoup entendu parler de ce dont vous avez besoin pour vous d\u00e9fendre \u2014 et, bien s\u00fbr, c\u2019est important. Mais ce qui m\u2019a sembl\u00e9 un peu moins clair, et certainement \u00e0 de nombreux citoyens europ\u00e9ens, c\u2019est la raison exacte pour laquelle vous vous d\u00e9fendez\u00a0: quelle est la vision positive qui anime ce pacte de s\u00e9curit\u00e9 partag\u00e9 que nous consid\u00e9rons tous comme si important\u00a0? Or je crois profond\u00e9ment qu\u2019il n\u2019y a pas de s\u00e9curit\u00e9 si vous avez peur des voix, des opinions et de la conscience qui guident votre propre peuple.<\/p>\n<p>L\u2019Europe est confront\u00e9e \u00e0 de nombreux d\u00e9fis, mais la crise \u00e0 laquelle ce continent est actuellement confront\u00e9, la crise \u00e0 laquelle nous sommes tous confront\u00e9s ensemble, je crois, est une crise que nous avons nous-m\u00eames provoqu\u00e9e. Si vous craignez vos propres \u00e9lecteurs, l\u2019Am\u00e9rique ne peut rien faire pour vous. D\u2019ailleurs, vous ne pouvez rien faire non plus pour le peuple am\u00e9ricain qui m\u2019a \u00e9lu et qui a \u00e9lu le pr\u00e9sident Trump. Vous avez besoin de mandats d\u00e9mocratiques pour accomplir quoi que ce soit de valable dans les ann\u00e9es \u00e0 venir. N\u2019avons-nous rien appris\u00a0? Que les mandats faibles produisent des r\u00e9sultats instables\u00a0? Mais il y a tant de choses utiles qui peuvent \u00eatre accomplies avec le type de mandat d\u00e9mocratique qui, je pense, viendra d\u2019une plus grande \u00e9coute des voix de vos citoyens.<\/p>\n<p>Si vous voulez profiter d\u2019\u00e9conomies comp\u00e9titives, si vous voulez profiter d\u2019une \u00e9nergie abordable et de cha\u00eenes d\u2019approvisionnement s\u00fbres, alors vous avez besoin de mandats pour gouverner, car vous devez faire des choix difficiles pour profiter de toutes ces choses. Nous le savons tr\u00e8s bien en Am\u00e9rique\u00a0: on ne peut pas obtenir un mandat d\u00e9mocratique en censurant ses adversaires ou en les mettant en prison, qu\u2019il s\u2019agisse du chef de l\u2019opposition, d\u2019un humble chr\u00e9tien en train de prier ou d\u2019un journaliste qui tente de rapporter l\u2019actualit\u00e9.<\/p>\n<p>On ne peut pas non plus en obtenir un en ignorant son \u00e9lectorat de base sur des questions aussi centrales que celle de savoir qui peut faire partie de notre soci\u00e9t\u00e9 commune.\u00a0<\/p>\n<p>Et de tous les d\u00e9fis urgents auxquels sont confront\u00e9s les pays repr\u00e9sent\u00e9s ici,\u00a0je crois qu\u2019il n\u2019y a rien de plus urgent que l\u2019immigration de masse.\u00a0<\/p>\n<p>Aujourd\u2019hui, pr\u00e8s d\u2019une personne sur cinq vivant dans ce pays est venue de l\u2019\u00e9tranger. C\u2019est bien s\u00fbr un record historique. C\u2019est un chiffre similaire, d\u2019ailleurs, aux \u00c9tats-Unis, \u00e9galement un record historique. Le nombre d\u2019immigr\u00e9s entr\u00e9s dans l\u2019Union en provenance de pays non membres de l\u2019Union a doubl\u00e9 rien qu\u2019entre 2021 et 2022. Et bien s\u00fbr, il a encore augment\u00e9 depuis.<\/p>\n<p>Et nous connaissons cette situation. Elle ne vient pas de nulle part. C\u2019est le r\u00e9sultat d\u2019une s\u00e9rie de d\u00e9cisions conscientes prises par des politiciens de tout le continent et d\u2019autres \u00e0 travers le monde sur une p\u00e9riode d\u2019une d\u00e9cennie. Nous avons vu les horreurs engendr\u00e9es par ces d\u00e9cisions hier dans cette ville m\u00eame. Je ne peux pas en parler sans penser aux terribles victimes qui ont vu une belle journ\u00e9e d\u2019hiver \u00e0 Munich g\u00e2ch\u00e9e. Nos pens\u00e9es et nos pri\u00e8res les accompagnent et les accompagneront toujours.<\/p>\n<p>Mais pourquoi cela s\u2019est-il produit\u00a0? C\u2019est une histoire terrible, mais que nous avons entendue bien trop souvent en Europe et, malheureusement, bien trop souvent aussi aux \u00c9tats-Unis. Un demandeur d\u2019asile, souvent un jeune homme d\u2019une vingtaine d\u2019ann\u00e9es, d\u00e9j\u00e0 connu de la police, fonce dans une foule avec sa voiture et d\u00e9truit une communaut\u00e9. Combien de fois devrons-nous subir ces revers \u00e9pouvantables avant de changer de cap et de donner une nouvelle direction \u00e0 notre civilisation commune\u00a0? Aucun \u00e9lecteur de ce continent n\u2019est all\u00e9 aux urnes pour ouvrir les vannes \u00e0 l\u2019entr\u00e9e non contr\u00f4l\u00e9e de millions d\u2019immigr\u00e9s.<\/p>\n<p>Les Anglais ont vot\u00e9 pour le Brexit. Que vous soyez d\u2019accord ou non, ils ont vot\u00e9 pour. Et de plus en plus, partout en Europe, les gens votent pour des dirigeants politiques qui promettent de mettre fin \u00e0 une immigration incontr\u00f4l\u00e9e. Il se trouve que je partage bon nombre de ces pr\u00e9occupations mais vous n\u2019\u00eates pas oblig\u00e9 d\u2019\u00eatre d\u2019accord avec moi. Je pense simplement que les gens se soucient de leur foyer, de leurs r\u00eaves, de leur s\u00e9curit\u00e9 et de leur capacit\u00e9 \u00e0 subvenir \u00e0 leurs besoins et \u00e0 ceux de leurs enfants.\u00a0<\/p>\n<p>Et ils sont intelligents. Je pense que c\u2019est l\u2019une des choses les plus importantes que j\u2019ai apprises au cours de mon bref passage en politique.<\/p>\n<p>Contrairement \u00e0 ce que l\u2019on peut entendre \u00e0 Davos, les citoyens de tous nos pays ne se consid\u00e8rent g\u00e9n\u00e9ralement pas comme des animaux \u00e9duqu\u00e9s ou comme des rouages interchangeables d\u2019une \u00e9conomie mondiale. Et il n\u2019est gu\u00e8re surprenant qu\u2019ils ne veuillent pas \u00eatre ballot\u00e9s ou impitoyablement ignor\u00e9s par leurs dirigeants. C\u2019est le r\u00f4le de la d\u00e9mocratie de trancher ces grandes questions par les urnes. Je crois que rejeter les gens, rejeter leurs pr\u00e9occupations ou, pire encore, fermer les m\u00e9dias, interrompre les \u00e9lections ou exclure les gens du processus politique ne prot\u00e8ge rien. En fait, c\u2019est le moyen le plus s\u00fbr de d\u00e9truire la d\u00e9mocratie. S\u2019exprimer et exprimer ses opinions n\u2019est pas une ing\u00e9rence \u00e9lectorale, m\u00eame lorsque les gens expriment des opinions en dehors de votre propre pays, et m\u00eame lorsque ces personnes sont tr\u00e8s influentes.<\/p>\n<p>Et croyez-moi, je dis cela avec humour, si la d\u00e9mocratie am\u00e9ricaine peut survivre \u00e0 dix ans de r\u00e9primandes de Greta Thunberg, vous pouvez survivre \u00e0 quelques mois d\u2019Elon Musk. Mais ce \u00e0 quoi aucune d\u00e9mocratie, qu\u2019elle soit allemande, am\u00e9ricaine ou europ\u00e9enne, ne survivra, c\u2019est de dire \u00e0 des millions d\u2019\u00e9lecteurs que leurs pens\u00e9es et leurs pr\u00e9occupations, leurs aspirations, leurs demandes d\u2019aide sont invalides ou ne m\u00e9ritent m\u00eame pas d\u2019\u00eatre prises en consid\u00e9ration. La d\u00e9mocratie repose sur le principe sacr\u00e9 que la voix du peuple compte. Il n\u2019y a pas de place pour les cordons sanitaires. Soit vous d\u00e9fendez le principe, soit vous ne le faites pas.\u00a0<\/p>\n<p>Le peuple europ\u00e9en a une voix. Les dirigeants europ\u00e9ens ont le choix.\u00a0<\/p>\n<p>Je suis fermement convaincu que nous n\u2019avons pas \u00e0 avoir peur de l\u2019avenir. Vous pouvez accepter ce que votre peuple vous dit, m\u00eame si c\u2019est surprenant, m\u00eame si vous n\u2019\u00eates pas d\u2019accord. Et si vous le faites, vous pouvez affronter l\u2019avenir avec certitude et confiance, en sachant que la nation vous soutient tous. C\u2019est l\u00e0, pour moi, que r\u00e9side la grande magie de la d\u00e9mocratie. Elle ne se trouve pas derri\u00e8re les murs en pierre \u00e9paisse de ces b\u00e2timents ou ces beaux h\u00f4tels. Elle ne se trouve m\u00eame pas dans les grandes institutions que nous avons construites ensemble en tant que soci\u00e9t\u00e9 partag\u00e9e.<\/p>\n<p>Croire en la d\u00e9mocratie, c\u2019est comprendre que chacun de nos citoyens a de la sagesse et une voix. Et si nous refusons d\u2019\u00e9couter cette voix, m\u00eame nos combats les plus fructueux n\u2019aboutiront \u00e0 rien. Comme l\u2019a dit un jour le pape Jean-Paul II, qui est \u00e0 mon avis l\u2019un des plus grands d\u00e9fenseurs de la d\u00e9mocratie sur ce continent ou ailleurs\u00a0: n\u2019ayez pas peur. Nous ne devons pas avoir peur de notre peuple, m\u00eame lorsqu\u2019il exprime des opinions qui ne sont pas en accord avec ses dirigeants. Merci \u00e0 tous. Bonne chance \u00e0 vous tous. Que Dieu vous b\u00e9nisse.<\/p>\n<p><iframe loading=\"lazy\" title=\"Vice President JD Vance Delivers Remarks at the Munich Security Conference\" width=\"1110\" height=\"624\" src=\"https:\/\/www.youtube.com\/embed\/pCOsgfINdKg?feature=oembed\" frameborder=\"0\" allow=\"accelerometer; autoplay; clipboard-write; encrypted-media; gyroscope; picture-in-picture; web-share\" referrerpolicy=\"strict-origin-when-cross-origin\" allowfullscreen><\/iframe><\/p>\n<p>\u00a0<\/p>\n<\/div>\n<p><script>(function(d, s, id) {  var js, fjs = d.getElementsByTagName(s)[0];  if (d.getElementById(id)) return;  js = d.createElement(s); js.id = id;  js.src = \"\/\/connect.facebook.net\/fr_FR\/sdk.js#xfbml=1&version=v2.3\";  fjs.parentNode.insertBefore(js, fjs);}(document, \"script\", \"facebook-jssdk\"));<\/script><br \/>\n<br \/><br \/>\n<br \/><a href=\"https:\/\/www.francesoir.fr\/politique-monde\/europe-en-crise-jd-vance-sonne-l-alarmante-derive-des-valeurs-democratiques\" target=\"_blank\"\">Source link <\/a><\/p>\n","protected":false},"excerpt":{"rendered":"<p>Lors de la Conf\u00e9rence de Munich sur la s\u00e9curit\u00e9, le vice-pr\u00e9sident am\u00e9ricain JD Vance a prononc\u00e9 un discours percutant qui a marqu\u00e9 les esprits, s\u2019\u00e9cartant des th\u00e8mes traditionnels de s\u00e9curit\u00e9&hellip; <\/p>\n","protected":false},"author":1,"featured_media":2714,"comment_status":"open","ping_status":"open","sticky":false,"template":"","format":"standard","meta":{"footnotes":""},"categories":[1],"tags":[],"class_list":["post-2713","post","type-post","status-publish","format-standard","has-post-thumbnail","hentry","category-non-classe"],"_links":{"self":[{"href":"https:\/\/monde25.info\/index.php\/wp-json\/wp\/v2\/posts\/2713","targetHints":{"allow":["GET"]}}],"collection":[{"href":"https:\/\/monde25.info\/index.php\/wp-json\/wp\/v2\/posts"}],"about":[{"href":"https:\/\/monde25.info\/index.php\/wp-json\/wp\/v2\/types\/post"}],"author":[{"embeddable":true,"href":"https:\/\/monde25.info\/index.php\/wp-json\/wp\/v2\/users\/1"}],"replies":[{"embeddable":true,"href":"https:\/\/monde25.info\/index.php\/wp-json\/wp\/v2\/comments?post=2713"}],"version-history":[{"count":0,"href":"https:\/\/monde25.info\/index.php\/wp-json\/wp\/v2\/posts\/2713\/revisions"}],"wp:featuredmedia":[{"embeddable":true,"href":"https:\/\/monde25.info\/index.php\/wp-json\/wp\/v2\/media\/2714"}],"wp:attachment":[{"href":"https:\/\/monde25.info\/index.php\/wp-json\/wp\/v2\/media?parent=2713"}],"wp:term":[{"taxonomy":"category","embeddable":true,"href":"https:\/\/monde25.info\/index.php\/wp-json\/wp\/v2\/categories?post=2713"},{"taxonomy":"post_tag","embeddable":true,"href":"https:\/\/monde25.info\/index.php\/wp-json\/wp\/v2\/tags?post=2713"}],"curies":[{"name":"wp","href":"https:\/\/api.w.org\/{rel}","templated":true}]}}