{"id":27134,"date":"2026-04-29T02:42:45","date_gmt":"2026-04-29T00:42:45","guid":{"rendered":"https:\/\/monde25.info\/index.php\/2026\/04\/29\/le-premier-ministre-fait-depublier-un-guide-de-lademe-et-de-lofb-sur-la-transition-ecologique\/"},"modified":"2026-04-29T02:42:45","modified_gmt":"2026-04-29T00:42:45","slug":"le-premier-ministre-fait-depublier-un-guide-de-lademe-et-de-lofb-sur-la-transition-ecologique","status":"publish","type":"post","link":"https:\/\/monde25.info\/index.php\/2026\/04\/29\/le-premier-ministre-fait-depublier-un-guide-de-lademe-et-de-lofb-sur-la-transition-ecologique\/","title":{"rendered":"Le Premier ministre fait d\u00e9publier un guide de l&#039;Ademe et de l&#039;OFB sur la transition \u00e9cologique"},"content":{"rendered":"<p> <br \/>\n<br \/><img loading=\"lazy\" decoding=\"async\" src=\"https:\/\/reporterre.net\/local\/cache-vignettes\/L700xH467\/pexels-vlad-fonsark-2175898-4615617_1_-7ebcf.jpg?1777379943\" class=\"spip_logo\" width=\"700\" height=\"467\" alt=\"\" \/><\/p>\n<p>Alerte disparition \u00e0 l&rsquo;Ademe\u00a0: un guide destin\u00e9 \u00e0 accompagner les \u00e9lus dans la transition \u00e9cologique de leur territoire a myst\u00e9rieusement disparu du site internet de l&rsquo;Agence de l&rsquo;environnement et de la ma\u00eetrise de l&rsquo;\u00e9nergie. Selon le m\u00e9dia Contexte, l&rsquo;ordre a \u00e9t\u00e9 donn\u00e9 par le cabinet du Premier ministre. <br class=\"autobr\" \/><br \/>\nNomm\u00e9 \u00ab<small class=\"fine d-inline\">\u00a0<\/small>Demain mon territoire<small class=\"fine d-inline\">\u00a0<\/small>\u00bb, ce document a \u00e9t\u00e9 cor\u00e9dig\u00e9 par l&rsquo;Ademe et l&rsquo;Office fran\u00e7ais de la biodiversit\u00e9 (<span class=\"caps\">OFB<\/span>). Il rassemble 23\u00a0fiches th\u00e9matiques qui d\u00e9taillent aux collectivit\u00e9s\u00a0(\u2026)<\/p>\n<p>                    <a target=\"_blank\" href=\"https:\/\/reporterre.net\/Le-Premier-ministre-fait-depublier-un-guide-de-l-Ademe-et-de-l-OFB-sur-la-transition-ecologique?utm_source=RSS&amp;utm_medium=RSS\">Lire la suite<\/a><\/p>\n<p>                    &#8211;<br \/>\n                        <a target=\"_blank\" href=\"https:\/\/reporterre.net\/Breves-20\" rel=\"directory\">En bref<\/a><\/p>\n<p>                    \/<br \/>\n                        <a target=\"_blank\" href=\"https:\/\/reporterre.net\/Politique\" rel=\"tag\">Politique<\/a><br \/>\n<br \/><br \/>\n<br \/><a href=\"https:\/\/reporterre.net\/Le-Premier-ministre-fait-depublier-un-guide-de-l-Ademe-et-de-l-OFB-sur-la-transition-ecologique\" target=\"_blank\"\">Source link <\/a><\/p>\n","protected":false},"excerpt":{"rendered":"<p>Alerte disparition \u00e0 l&rsquo;Ademe\u00a0: un guide destin\u00e9 \u00e0 accompagner les \u00e9lus dans la transition \u00e9cologique de leur territoire a myst\u00e9rieusement disparu du site internet de l&rsquo;Agence de l&rsquo;environnement et de&hellip; <\/p>\n","protected":false},"author":1,"featured_media":0,"comment_status":"open","ping_status":"open","sticky":false,"template":"","format":"standard","meta":{"footnotes":""},"categories":[1],"tags":[],"class_list":["post-27134","post","type-post","status-publish","format-standard","hentry","category-non-classe"],"_links":{"self":[{"href":"https:\/\/monde25.info\/index.php\/wp-json\/wp\/v2\/posts\/27134","targetHints":{"allow":["GET"]}}],"collection":[{"href":"https:\/\/monde25.info\/index.php\/wp-json\/wp\/v2\/posts"}],"about":[{"href":"https:\/\/monde25.info\/index.php\/wp-json\/wp\/v2\/types\/post"}],"author":[{"embeddable":true,"href":"https:\/\/monde25.info\/index.php\/wp-json\/wp\/v2\/users\/1"}],"replies":[{"embeddable":true,"href":"https:\/\/monde25.info\/index.php\/wp-json\/wp\/v2\/comments?post=27134"}],"version-history":[{"count":0,"href":"https:\/\/monde25.info\/index.php\/wp-json\/wp\/v2\/posts\/27134\/revisions"}],"wp:attachment":[{"href":"https:\/\/monde25.info\/index.php\/wp-json\/wp\/v2\/media?parent=27134"}],"wp:term":[{"taxonomy":"category","embeddable":true,"href":"https:\/\/monde25.info\/index.php\/wp-json\/wp\/v2\/categories?post=27134"},{"taxonomy":"post_tag","embeddable":true,"href":"https:\/\/monde25.info\/index.php\/wp-json\/wp\/v2\/tags?post=27134"}],"curies":[{"name":"wp","href":"https:\/\/api.w.org\/{rel}","templated":true}]}}