{"id":27142,"date":"2026-04-29T08:46:02","date_gmt":"2026-04-29T06:46:02","guid":{"rendered":"https:\/\/monde25.info\/index.php\/2026\/04\/29\/cazeneuve-pret-a-etre-candidat-valls-nexclut-pas-de-se-presenter-rt-en-francais\/"},"modified":"2026-04-29T08:46:02","modified_gmt":"2026-04-29T06:46:02","slug":"cazeneuve-pret-a-etre-candidat-valls-nexclut-pas-de-se-presenter-rt-en-francais","status":"publish","type":"post","link":"https:\/\/monde25.info\/index.php\/2026\/04\/29\/cazeneuve-pret-a-etre-candidat-valls-nexclut-pas-de-se-presenter-rt-en-francais\/","title":{"rendered":"Cazeneuve \u00abpr\u00eat \u00e0 \u00eatre candidat\u00bb, Valls n\u2019exclut pas de se pr\u00e9senter \u2014 RT en fran\u00e7ais"},"content":{"rendered":"<p> <br \/>\n<br \/><img decoding=\"async\" src=\"https:\/\/mf.b37mrtl.ru\/french\/images\/2026.04\/thumbnail\/69f0ee8587f3ec6e7209fed0.jpg\" \/><\/p>\n<div>\n<p class=\"text__summary\">\n                                        Apr\u00e8s Fran\u00e7ois Hollande, deux de ses Premiers ministres laissent transpara\u00eetre leurs ambitions pour la course \u00e0 l\u2019\u00c9lys\u00e9e en 2027. Aupr\u00e8s du Figaro, Bernard Cazeneuve a affirm\u00e9 \u00abtravailler \u00e0 l\u2019\u00e9laboration d\u2019un projet pour la France\u00bb. Manuel Valls a, de son c\u00f4t\u00e9, d\u00e9clar\u00e9 sur BFMTV qu\u2019il \u00abverrait [\u2026] \u00e0 l&rsquo;automne\u00bb.\n                                    <\/p>\n<p>Alors que la pr\u00e9sidence Macron s\u2019appr\u00eate \u00e0 entrer dans sa derni\u00e8re ann\u00e9e,\u00a0la liste des pr\u00e9tendants \u00e0 l\u2019investiture supr\u00eame s\u2019est encore allong\u00e9e \u00e0 gauche ce 28 avril. \u00ab\u00a0Je suis pr\u00eat \u00e0 \u00eatre candidat en 2027\u00a0\u00bb, a d\u00e9clar\u00e9 Bernard Cazeneuve dans <a target=\"_blank\" href=\"https:\/\/www.lefigaro.fr\/politique\/bernard-cazeneuve-au-figaro-je-suis-pret-a-etre-candidat-en-2027-20260428\">un entretien<\/a> au <em>Figaro<\/em>. Aupr\u00e8s du quotidien, l\u2019ancien Premier ministre (2016 \u2013 2017) a affirm\u00e9 \u00ab\u00a0travailler \u00e0 l\u2019\u00e9laboration d\u2019un projet pour la France, dans la perspective de l\u2019\u00e9ch\u00e9ance pr\u00e9sidentielle\u00a0\u00bb.<\/p>\n<p>Plus t\u00f4t dans la journ\u00e9e, Manuel Valls, qui avait d\u2019ailleurs pr\u00e9c\u00e9d\u00e9 Bernard Cazeneuve place Beauvau (2012 \u2013 2014) ainsi qu\u2019\u00e0 Matignon (2014 \u2013 2016), n\u2019a pas exclu de se pr\u00e9senter. \u00ab\u00a0Je verrai ce que je fais \u00e0 l\u2019automne, tranquillement\u00a0\u00bb, a-t-il r\u00e9pondu sur le plateau de BFMTV, alors interrog\u00e9 sur la pl\u00e9thore de candidats et potentiels candidats \u00e0 gauche \u2013 dont Fran\u00e7ois Hollande. \u00ab\u00a0Mais je pense que les id\u00e9es que je d\u00e9fends seront au c\u0153ur de la campagne et j\u2019attends des r\u00e9ponses\u00a0\u00bb, avait-il poursuivi.<\/p>\n<p>\u00ab\u00a0<a target=\"_blank\" href=\"https:\/\/francais.rt.com\/france\/133331-presidentielles-francois-hollande-marianne-prepare\">Je me pr\u00e9pare\u00a0<\/a>\u00bb, avait lanc\u00e9 mi-avril Fran\u00e7ois Hollande, ex-pr\u00e9sident (2012 \u2013 2017), depuis redevenu d\u00e9put\u00e9, laissant peu de place au doute quant \u00e0 ses ambitions pour la prochaine \u00e9ch\u00e9ance pr\u00e9sidentielle. Tout comme Bernard Cazeneuve et Manuel Valls, le parcours de Fran\u00e7ois Hollande au sein de l\u2019ex\u00e9cutif fran\u00e7ais reste intimement li\u00e9 \u00e0 celui d\u2019Emmanuel Macron. Ce dernier fut en effet son secr\u00e9taire g\u00e9n\u00e9ral adjoint \u00e0 l\u2019\u00c9lys\u00e9e, avant d\u2019\u00eatre ministre de l\u2019\u00c9conomie sous le gouvernement Valls II.<\/p>\n<p>\u00ab\u00a0Je suis extr\u00eamement lucide sur Macron et sur son \u00e9quipe. Hollande est m\u00e9chant, mais dans un cadre. Macron, lui, est m\u00e9chant, mais il n\u2019a pas de codes donc pas de limites\u00a0\u00bb, avait lanc\u00e9 Manuel Valls dans <a target=\"_blank\" href=\"https:\/\/www.lejdd.fr\/Politique\/valls-hollande-est-mechant-mais-dans-un-cadre-macron-lui-est-mechant-mais-il-na-pas-de-codes-3329282\">une interview<\/a> au <em>JDD<\/em>, parue \u00e0 la veille de l\u2019investiture d\u2019Emmanuel Macron et deux jours apr\u00e8s que le parti pr\u00e9sidentiel lui eut refus\u00e9 l\u2019investiture pour les l\u00e9gislatives. Le mois suivant, celui qui finirait par occuper le poste de ministre des Outre-mer dans les gouvernements Bayrou et Lecornu I, quittait le PS pour <a target=\"_blank\" href=\"https:\/\/francais.rt.com\/france\/40252-manuel-valls-je-quitte-parti-socialiste\">rejoindre les macronistes<\/a> sur les bancs du Palais Bourbon.<\/p>\n<\/div>\n<p><br \/>\n<br \/><a href=\"https:\/\/francais.rt.com\/france\/133647-election-presidentielle-cazeneuve-valls-hollande\" target=\"_blank\"\">Source link <\/a><\/p>\n","protected":false},"excerpt":{"rendered":"<p>Apr\u00e8s Fran\u00e7ois Hollande, deux de ses Premiers ministres laissent transpara\u00eetre leurs ambitions pour la course \u00e0 l\u2019\u00c9lys\u00e9e en 2027. Aupr\u00e8s du Figaro, Bernard Cazeneuve a affirm\u00e9 \u00abtravailler \u00e0 l\u2019\u00e9laboration d\u2019un&hellip; <\/p>\n","protected":false},"author":1,"featured_media":27143,"comment_status":"open","ping_status":"open","sticky":false,"template":"","format":"standard","meta":{"footnotes":""},"categories":[1],"tags":[],"class_list":["post-27142","post","type-post","status-publish","format-standard","has-post-thumbnail","hentry","category-non-classe"],"_links":{"self":[{"href":"https:\/\/monde25.info\/index.php\/wp-json\/wp\/v2\/posts\/27142","targetHints":{"allow":["GET"]}}],"collection":[{"href":"https:\/\/monde25.info\/index.php\/wp-json\/wp\/v2\/posts"}],"about":[{"href":"https:\/\/monde25.info\/index.php\/wp-json\/wp\/v2\/types\/post"}],"author":[{"embeddable":true,"href":"https:\/\/monde25.info\/index.php\/wp-json\/wp\/v2\/users\/1"}],"replies":[{"embeddable":true,"href":"https:\/\/monde25.info\/index.php\/wp-json\/wp\/v2\/comments?post=27142"}],"version-history":[{"count":0,"href":"https:\/\/monde25.info\/index.php\/wp-json\/wp\/v2\/posts\/27142\/revisions"}],"wp:featuredmedia":[{"embeddable":true,"href":"https:\/\/monde25.info\/index.php\/wp-json\/wp\/v2\/media\/27143"}],"wp:attachment":[{"href":"https:\/\/monde25.info\/index.php\/wp-json\/wp\/v2\/media?parent=27142"}],"wp:term":[{"taxonomy":"category","embeddable":true,"href":"https:\/\/monde25.info\/index.php\/wp-json\/wp\/v2\/categories?post=27142"},{"taxonomy":"post_tag","embeddable":true,"href":"https:\/\/monde25.info\/index.php\/wp-json\/wp\/v2\/tags?post=27142"}],"curies":[{"name":"wp","href":"https:\/\/api.w.org\/{rel}","templated":true}]}}