{"id":27147,"date":"2026-04-29T10:57:37","date_gmt":"2026-04-29T08:57:37","guid":{"rendered":"https:\/\/monde25.info\/index.php\/2026\/04\/29\/bientot-des-droits-pour-les-baleines-en-nouvelle-zelande\/"},"modified":"2026-04-29T10:57:37","modified_gmt":"2026-04-29T08:57:37","slug":"bientot-des-droits-pour-les-baleines-en-nouvelle-zelande","status":"publish","type":"post","link":"https:\/\/monde25.info\/index.php\/2026\/04\/29\/bientot-des-droits-pour-les-baleines-en-nouvelle-zelande\/","title":{"rendered":"Bient\u00f4t des droits pour les baleines en Nouvelle-Z\u00e9lande"},"content":{"rendered":"<p> <br \/>\n<\/p>\n<div>\n<h4><strong>Un projet de loi in\u00e9dit dans le monde a \u00e9t\u00e9 propos\u00e9 en Nouvelle-Z\u00e9lande\u00a0: la reconnaissance des baleines comme entit\u00e9s juridiques. Le <em>Tohor\u0101 Oranga Bill<\/em>, comme il est nomm\u00e9 localement, permettrait aux c\u00e9tac\u00e9s de voir leurs int\u00e9r\u00eats d\u00e9fendus l\u00e9galement. Une loi d\u2019autant plus forte au regard de la puissante symbolique que portent ces animaux dans la tradition m\u0101orie et plus globalement, de sa promesse d\u2019une transformation radicale de notre rapport au vivant.<\/strong><span id=\"more-1701219\"\/><\/h4>\n<p><em>[Temps de lecture estim\u00e9 : ~ 5min] <\/em><\/p>\n<h2><strong>Une nouvelle mani\u00e8re de prot\u00e9ger l\u2019environnement<\/strong><\/h2>\n<p>Depuis une vingtaine d\u2019ann\u00e9es, une id\u00e9e progresse \u00e0 l\u2019\u00e9chelle internationale\u00a0: <strong>accorder des droits \u00e0 la Nature.<\/strong> En 2008, <a target=\"_blank\" href=\"https:\/\/shs.cairn.info\/revue-ecorev-2025-1-page-177\" target=\"_blank\" rel=\"noopener\">l\u2019\u00c9quateur a \u00e9t\u00e9 le premier pays \u00e0 inscrire dans sa Constitution<\/a> (article 71) que la nature, ou \u00ab\u00a0Pachamama\u00a0\u00bb, poss\u00e8de des droits propres et peut ainsi \u00eatre d\u00e9fendue juridiquement lorsque ceux-ci sont bafou\u00e9s. Deux ans plus tard, la Bolivie a poursuivi cette voie en votant la <a target=\"_blank\" href=\"https:\/\/notreaffaireatous.org\/loi-sur-les-droits-de-la-terre-mere\/\" target=\"_blank\" rel=\"noopener\">\u00ab\u00a0loi de la Terre M\u00e8re\u00a0\u00bb,<\/a> conf\u00e9rant des droits aux \u00e9cosyst\u00e8mes, notamment <strong>le droit \u00e0 la r\u00e9g\u00e9n\u00e9ration et \u00e0 l\u2019\u00e9quilibre \u00e9cologique.<\/strong><\/p>\n<p>La Nouvelle-Z\u00e9lande s\u2019est depuis impos\u00e9e comme l\u2019un des laboratoires les plus avanc\u00e9s de cette r\u00e9volution juridique. En 2014, <a target=\"_blank\" href=\"https:\/\/www.legislation.govt.nz\/act\/public\/2014\/0051\/latest\/whole.html\" target=\"_blank\" rel=\"noopener\">le trait\u00e9 Te Urewera<\/a> a <strong>accord\u00e9 la personnalit\u00e9 juridique \u00e0 la r\u00e9gion \u00e9ponyme,<\/strong> une for\u00eat de l\u2019\u00eele du Nord de la Nouvelle-Z\u00e9lande, consid\u00e9r\u00e9e comme le berceau historique de l\u2019iwi (tribu) T\u016bhoe. Trois ans apr\u00e8s, <a target=\"_blank\" href=\"https:\/\/www.lemonde.fr\/planete\/article\/2017\/03\/20\/la-nouvelle-zelande-dote-un-fleuve-d-une-personnalite-juridique_5097268_3244.html\" target=\"_blank\" rel=\"noopener\">le fleuve Whanganui, consid\u00e9r\u00e9 comme une entit\u00e9 vivante<\/a> par les M\u0101oris, a obtenu la personnalit\u00e9 juridique.<\/p>\n<figure id=\"attachment_1701232\" aria-describedby=\"caption-attachment-1701232\" style=\"width: 1024px\" class=\"wp-caption alignnone\"><img fetchpriority=\"high\" decoding=\"async\" class=\"size-medium wp-image-1701232\" src=\"https:\/\/mrmondialisation.org\/wp-content\/uploads\/2026\/04\/whanganui-1024x768.jpg\" alt=\"\" width=\"1024\" height=\"768\" srcset=\"https:\/\/mrmondialisation.org\/wp-content\/uploads\/2026\/04\/whanganui-1024x768.jpg 1024w, https:\/\/mrmondialisation.org\/wp-content\/uploads\/2026\/04\/whanganui-768x576.jpg 768w, https:\/\/mrmondialisation.org\/wp-content\/uploads\/2026\/04\/whanganui-696x522.jpg 696w, https:\/\/mrmondialisation.org\/wp-content\/uploads\/2026\/04\/whanganui-1068x801.jpg 1068w, https:\/\/mrmondialisation.org\/wp-content\/uploads\/2026\/04\/whanganui-560x420.jpg 560w, https:\/\/mrmondialisation.org\/wp-content\/uploads\/2026\/04\/whanganui-80x60.jpg 80w, https:\/\/mrmondialisation.org\/wp-content\/uploads\/2026\/04\/whanganui-265x198.jpg 265w, https:\/\/mrmondialisation.org\/wp-content\/uploads\/2026\/04\/whanganui.jpg 1300w\" sizes=\"(max-width: 1024px) 100vw, 1024px\"\/><figcaption id=\"caption-attachment-1701232\" class=\"wp-caption-text\">Le fleuve Whanganui. Photo de <a target=\"_blank\" href=\"https:\/\/www.flickr.com\/photos\/travelix\/2925768083\/in\/photostream\/\" target=\"_blank\" rel=\"noopener\">Felix Engelhardt, Flickr CC<\/a><\/figcaption><\/figure>\n<p>Mais dans les ann\u00e9es 2020, cet \u00e9lan juridique de la d\u00e9fense environnementale prend un tournant nouveau : apr\u00e8s les \u00e9cosyst\u00e8mes, <strong>ce sont les animaux qui sont en passe d\u2019obtenir le statut de <a target=\"_blank\" href=\"https:\/\/mrmondialisation.org\/droits-animalier-un-livre-pour-poser-les-bonnes-questions\/\" target=\"_blank\" rel=\"noopener\">\u00ab sujets de droit \u00bb. <\/a><\/strong>Ainsi, en pays pionnier une nouvelle fois, l\u2019\u00c9quateur a \u00e9tendu en 2022 la <a target=\"_blank\" href=\"https:\/\/mrmondialisation.org\/lequateur-etend-les-droits-de-la-nature-aux-animaux-sauvages\/\" target=\"_blank\" rel=\"noopener\">protection constitutionnelle des droits de la Nature \u00e0 l\u2019ensemble des animaux sauvages.<\/a><\/p>\n<p>Cette \u00e9volution s\u2019inscrit dans une dynamique politique plus large, en particulier dans la r\u00e9gion du Pacifique. Le 28 mars 2024, les dirigeants autochtones d\u2019Aotearoa (Nouvelle-Z\u00e9lande), des \u00eeles Cook, de Tahiti, des Tonga, d\u2019Hawa\u00ef et de Rapa Nui ont sign\u00e9 une d\u00e9claration commune historique : <strong>He\u00a0Whakaputanga Moana, la <a target=\"_blank\" href=\"https:\/\/b01e0519-b3ef-4fd0-883e-df3dd40633ed.usrfiles.com\/ugd\/b01e05_f89e6f7c712f4b30808f4dc41bbbadd6.pdf\" target=\"_blank\" rel=\"noopener\">D\u00e9claration pour l\u2019oc\u00e9an des peuples autochtones du Pacifique.<\/a><\/strong><\/p>\n<p>Celle-ci, bien que non contraignante, <strong>appelle \u00e0 reconna\u00eetre la personnalit\u00e9 juridique des baleines,<\/strong> pour faire face aux menaces que repr\u00e9sentent au quotidien la p\u00eache commerciale, la pollution ou encore le changement climatique.<\/p>\n<p><iframe loading=\"lazy\" title=\"He Whakaputanga Moana -  The Deklaration for the Oceans recognizes whales as legal persons\" width=\"1110\" height=\"624\" src=\"https:\/\/www.youtube.com\/embed\/_pgPmj3l-F4?feature=oembed\" frameborder=\"0\" allow=\"accelerometer; autoplay; clipboard-write; encrypted-media; gyroscope; picture-in-picture; web-share\" referrerpolicy=\"strict-origin-when-cross-origin\" allowfullscreen><\/iframe><\/p>\n<p><a target=\"_blank\" href=\"https:\/\/reporterre.net\/Le-roi-des-Maoris-veut-accorder-une-personnalite-juridique-aux-baleines\" target=\"_blank\" rel=\"noopener\">Dans un communiqu\u00e9 dat\u00e9 du m\u00eame jour,<\/a> le roi des M\u0101oris de Nouvelle-Z\u00e9lande, Kiingi Tuheitia Pootatau te Wherowhero VII, soutient cette id\u00e9e, affirmant que <em>\u00ab<strong>\u00a0Le chant de nos anc\u00eatres s\u2019est affaibli et leur habitat est menac\u00e9,<\/strong> c\u2019est la raison pour laquelle nous devons agir maintenant\u00a0\u00bb.<\/em><\/p>\n<p>Il a ainsi <strong>propos\u00e9 de leur accorder le statut de \u00ab\u00a0sujet de droit\u00a0\u00bb<\/strong> afin de garantir leur droit \u00e0 vivre dans un environnement sain et ainsi permettre une restauration de leurs effectifs.<\/p>\n<h2><strong>Vers la reconnaissance de la personnalit\u00e9 juridique des baleines en Nouvelle-Z\u00e9lande<\/strong><\/h2>\n<p>Un an plus tard, le d\u00e9put\u00e9 <a target=\"_blank\" href=\"https:\/\/www.greens.org.nz\/teanau_tuiono\" target=\"_blank\" rel=\"noopener\">Teanau Tuiono,<\/a> issu du Parti vert n\u00e9o-z\u00e9landais, a pr\u00e9sent\u00e9 un <strong>projet de loi pr\u00e9voyant de reconna\u00eetre la personnalit\u00e9 juridique aux baleines,<\/strong> le <a target=\"_blank\" href=\"https:\/\/www.greens.org.nz\/green_member_s_bill_to_recognise_the_personhood_of_tohor\" target=\"_blank\" rel=\"noopener\"><em>Tohor\u0101<\/em> <em>Oranga Bill<\/em>.<\/a><\/p>\n<p>Celui-ci vise \u00e0<strong> leur garantir des droits fondamentaux<\/strong> tels que la libert\u00e9 de circulation et de migration, la protection des comportements naturels, la protection des structures sociales et culturelles, le droit \u00e0 un environnement sain et le droit \u00e0 la restauration, la r\u00e9g\u00e9n\u00e9ration des habitats et des \u00e9cosyst\u00e8mes.<\/p>\n<figure id=\"attachment_1701226\" aria-describedby=\"caption-attachment-1701226\" style=\"width: 1024px\" class=\"wp-caption alignnone\"><img loading=\"lazy\" decoding=\"async\" class=\"size-medium wp-image-1701226\" src=\"https:\/\/mrmondialisation.org\/wp-content\/uploads\/2026\/04\/baleine-3-1024x683.jpg\" alt=\"\" width=\"1024\" height=\"683\" srcset=\"https:\/\/mrmondialisation.org\/wp-content\/uploads\/2026\/04\/baleine-3-1024x683.jpg 1024w, https:\/\/mrmondialisation.org\/wp-content\/uploads\/2026\/04\/baleine-3-768x512.jpg 768w, https:\/\/mrmondialisation.org\/wp-content\/uploads\/2026\/04\/baleine-3-696x464.jpg 696w, https:\/\/mrmondialisation.org\/wp-content\/uploads\/2026\/04\/baleine-3-1068x712.jpg 1068w, https:\/\/mrmondialisation.org\/wp-content\/uploads\/2026\/04\/baleine-3-630x420.jpg 630w, https:\/\/mrmondialisation.org\/wp-content\/uploads\/2026\/04\/baleine-3.jpg 1300w\" sizes=\"auto, (max-width: 1024px) 100vw, 1024px\"\/><figcaption id=\"caption-attachment-1701226\" class=\"wp-caption-text\">La spectaculaire cascade de Milford Sound dans le Fiordland. Photo de Alexander Hei\u00df via <a target=\"_blank\" href=\"https:\/\/www.pexels.com\/photo\/dramatic-milford-sound-waterfall-in-fiordland-28636932\/\" target=\"_blank\" rel=\"noopener\">pexels<\/a><\/figcaption><\/figure>\n<p>Reconna\u00eetre les baleines comme des \u00ab\u00a0personnes juridiques\u00a0\u00bb transformerait en profondeur leur protection. Aujourd\u2019hui, pour d\u00e9fendre une esp\u00e8ce,<strong> il faut justifier d\u2019un \u00ab int\u00e9r\u00eat \u00e0 agir \u00bb pour la d\u00e9fendre,<\/strong> comme \u00eatre une association sp\u00e9cialis\u00e9e sur le sujet depuis des ann\u00e9es. Avec un tel statut, n\u2019importe qui pourrait engager une proc\u00e9dure juridique.<\/p>\n<p>De plus, si la personne ou l\u2019entreprise ayant enfreint leurs droits est condamn\u00e9e \u00e0 payer une amende, <strong>elle leur devra obligatoirement et de mani\u00e8re directe r\u00e9paration.<\/strong> Sans ce statut, l\u2019argent du coupable sert simplement \u00e0 alimenter le Tr\u00e9sor du pays qui le condamne ou bien \u00e0 payer des cr\u00e9dits d\u2019imp\u00f4ts aux entreprises. Il ne permet pas de r\u00e9parer les d\u00e9g\u00e2ts ayant valu cette condamnation ou d\u2019\u0153uvrer \u00e0 une meilleure protection des c\u00e9tac\u00e9s.<\/p>\n<div class=\"td-a-rec td-a-rec-id-content_inline  tdi_1 td_block_template_1\">\n<center><a target=\"_blank\" href=\"https:\/\/fr.tipeee.com\/mr-mondialisation\" class=\"tipeee-project-small\">Je m&rsquo;abonne \u00e0 Mr Mondialisation<\/a>&#13;<br \/>\n<\/center>&amp;nbsp<\/div>\n<h2><strong>La baleine : un symbole puissant de la tradition m\u0101orie<\/strong><\/h2>\n<p>Si les baleines sont<strong> les premiers animaux \u00e0 \u00eatre au c\u0153ur d\u2019une loi<\/strong> aussi importante, ce n\u2019est pas un hasard.<\/p>\n<figure id=\"attachment_1701224\" aria-describedby=\"caption-attachment-1701224\" style=\"width: 1024px\" class=\"wp-caption alignnone\"><img loading=\"lazy\" decoding=\"async\" class=\"size-medium wp-image-1701224\" src=\"https:\/\/mrmondialisation.org\/wp-content\/uploads\/2026\/04\/baleine-1-1024x768.jpg\" alt=\"\" width=\"1024\" height=\"768\" srcset=\"https:\/\/mrmondialisation.org\/wp-content\/uploads\/2026\/04\/baleine-1-1024x768.jpg 1024w, https:\/\/mrmondialisation.org\/wp-content\/uploads\/2026\/04\/baleine-1-768x576.jpg 768w, https:\/\/mrmondialisation.org\/wp-content\/uploads\/2026\/04\/baleine-1-696x522.jpg 696w, https:\/\/mrmondialisation.org\/wp-content\/uploads\/2026\/04\/baleine-1-1068x801.jpg 1068w, https:\/\/mrmondialisation.org\/wp-content\/uploads\/2026\/04\/baleine-1-560x420.jpg 560w, https:\/\/mrmondialisation.org\/wp-content\/uploads\/2026\/04\/baleine-1-80x60.jpg 80w, https:\/\/mrmondialisation.org\/wp-content\/uploads\/2026\/04\/baleine-1-265x198.jpg 265w, https:\/\/mrmondialisation.org\/wp-content\/uploads\/2026\/04\/baleine-1.jpg 1300w\" sizes=\"auto, (max-width: 1024px) 100vw, 1024px\"\/><figcaption id=\"caption-attachment-1701224\" class=\"wp-caption-text\">Une baleine \u00e0 bosse curieuse observe un plongeur. Photo de NOAA Photo Library, <a target=\"_blank\" href=\"; www.flickr.com\/photos\/51647007@N08\/5037018678\" target=\"_blank\" rel=\"noopener\">Flickr CC<\/a><\/figcaption><\/figure>\n<p>Dans les cosmologies m\u0101ories et plus largement polyn\u00e9siennes, les baleines portent en elles le <em>mana<\/em>, <em>te mana o te tohor\u0101<\/em>. Le <em>mana <\/em>renvoie \u00e0 l\u2019id\u00e9e <strong>d\u2019une puissance, une \u00e9nergie spirituelle qui habite aussi bien les \u00eatres vivants<\/strong> \u2013 les humains, les animaux, les plantes \u2013 que les non-humains \u2013 les objets, les pierres. Ainsi, pour ces populations, ce mana relie chaque \u00e9l\u00e9ment du monde \u00e0 un ensemble interconnect\u00e9, et surtout, indivisible.<\/p>\n<p>D\u2019autre part, les c\u00e9tac\u00e9s ont, parmi toutes les esp\u00e8ces, une symbolique particuli\u00e8rement puissante en Polyn\u00e9sie. <em>\u00ab<strong> Les Tohor\u0101 sont des anc\u00eatres sacr\u00e9s<\/strong> pour de nombreuses communaut\u00e9s de Te Moana Nui a Kiwa \u00bb<\/em> (\u00ab\u00a0Te Moana Nui a Kiwa\u00a0\u00bb, soit \u00ab\u00a0le grand oc\u00e9an de Kiwa\u00a0\u00bb, est une expression polyn\u00e9sienne d\u00e9signant <a target=\"_blank\" href=\"https:\/\/journals.openedition.org\/aam\/5884\" target=\"_blank\" rel=\"noopener\">l\u2019oc\u00e9an Pacifique<\/a>).<\/p>\n<p>Elles symbolisent la sagesse ancestrale, faisant r\u00e9sonner de leurs chants puissance et protection et per\u00e7ues, selon certains, <strong>comme des anc\u00eatres pouvant prot\u00e9ger les familles ou encore les navigateurs.<\/strong> Nageant des profondeurs des oc\u00e9ans jusqu\u2019\u00e0 la surface, elles forment un pont entre les mondes, humains et d\u00e9funts, visibles et invisibles.<\/p>\n<p><iframe loading=\"lazy\" title=\"Pr\u00e9sentation d&#039;ouvrage : &quot;La baleine tatou\u00e9e&quot;\" width=\"1110\" height=\"624\" src=\"https:\/\/www.youtube.com\/embed\/uNVNcr7YUDY?feature=oembed\" frameborder=\"0\" allow=\"accelerometer; autoplay; clipboard-write; encrypted-media; gyroscope; picture-in-picture; web-share\" referrerpolicy=\"strict-origin-when-cross-origin\" allowfullscreen><\/iframe><\/p>\n<p>D\u2019ailleurs, cette id\u00e9e est <strong>au c\u0153ur d\u2019un c\u00e9l\u00e8bre mythe m\u0101ori : Paikea, le chevaucheur de baleine.<\/strong> Issu de <a target=\"_blank\" href=\"https:\/\/teara.govt.nz\/en\/hawaiki\" target=\"_blank\" rel=\"noopener\"><em>Hawaiki<\/em><\/a> \u2013 \u00eele l\u00e9gendaire des M\u0101oris \u2013 ce fils d\u2019un grand chef aurait \u00e9t\u00e9 sauv\u00e9 par une baleine alors qu\u2019il faisait naufrage en mer. Celle-ci l\u2019aurait conduit jusqu\u2019\u00e0 Aotearoa (le terme m\u0101ori pour d\u00e9signer la Nouvelle-Z\u00e9lande) devenant ainsi l\u2019anc\u00eatre d\u2019une lign\u00e9e de M\u0101oris. Une l\u00e9gende qui a d\u2019ailleurs inspir\u00e9 le roman mondialement reconnu du N\u00e9o-z\u00e9landais Witi Ihimaera,<em>\u00a0<a target=\"_blank\" href=\"https:\/\/auventdesiles.pf\/catalogue\/collections\/litterature\/la-baleine-tatouee\/\" target=\"_blank\" rel=\"noopener\">\u00ab La baleine tatou\u00e9e \u00bb,<\/a> <\/em>lui-m\u00eame adapt\u00e9 au cin\u00e9ma en 2002 avec le film <a target=\"_blank\" href=\"https:\/\/www.allocine.fr\/film\/fichefilm_gen_cfilm=53041.html\" target=\"_blank\" rel=\"noopener\"><em>\u00ab Pa\u00ef : l\u2019\u00e9lue d\u2019un peuple nouveau \u00bb.<\/em><\/a><\/p>\n<p>Ainsi, en tant que <strong>symbole de l\u2019h\u00e9ritage culturel m\u0101ori,<\/strong> il est du devoir des peuples autochtones de prot\u00e9ger les c\u00e9tac\u00e9s, comme<a target=\"_blank\" href=\"https:\/\/oceanographicmagazine.com\/news\/new-zealand-bill-seeks-personhood-for-whales\/\" target=\"_blank\" rel=\"noopener\">\u00a0revendiqu\u00e9 par le d\u00e9put\u00e9 Teanau Tuiono :<\/a> <em>\u00ab Les peuples autochtones sont les anciens kaitiaki (gardiens) de notre moana (oc\u00e9an). En suivant leur exemple, nous pouvons prot\u00e9ger nos pr\u00e9cieuses esp\u00e8ces et les lieux qu\u2019elles consid\u00e8rent comme leur foyer. \u00bb<\/em><\/p>\n<h2><strong>Un changement de paradigme sans pr\u00e9c\u00e9dent<\/strong><\/h2>\n<p>Au-del\u00e0 d\u2019offrir une protection plus efficace aux baleines, le <em>Tohor\u0101 Oranga Bill<\/em> marque ind\u00e9niablement une<strong> volont\u00e9 de rupture avec l\u2019anthropocentrisme <\/strong>profond\u00e9ment ancr\u00e9 dans le droit occidental, lequel distingue historiquement, les humains \u2013 titulaires de droits, et les choses \u2013 objet de droit.<\/p>\n<figure id=\"attachment_1701244\" aria-describedby=\"caption-attachment-1701244\" style=\"width: 1024px\" class=\"wp-caption alignnone\"><img loading=\"lazy\" decoding=\"async\" class=\"size-medium wp-image-1701244\" src=\"https:\/\/mrmondialisation.org\/wp-content\/uploads\/2026\/04\/microcosme-1024x980.jpg\" alt=\"\" width=\"1024\" height=\"980\" srcset=\"https:\/\/mrmondialisation.org\/wp-content\/uploads\/2026\/04\/microcosme-1024x980.jpg 1024w, https:\/\/mrmondialisation.org\/wp-content\/uploads\/2026\/04\/microcosme-768x735.jpg 768w, https:\/\/mrmondialisation.org\/wp-content\/uploads\/2026\/04\/microcosme-696x666.jpg 696w, https:\/\/mrmondialisation.org\/wp-content\/uploads\/2026\/04\/microcosme-1068x1022.jpg 1068w, https:\/\/mrmondialisation.org\/wp-content\/uploads\/2026\/04\/microcosme-439x420.jpg 439w, https:\/\/mrmondialisation.org\/wp-content\/uploads\/2026\/04\/microcosme.jpg 1300w\" sizes=\"auto, (max-width: 1024px) 100vw, 1024px\"\/><figcaption id=\"caption-attachment-1701244\" class=\"wp-caption-text\">Illustration \u00ab D\u2019un livre sur le microcosme \u00bb avec l\u2019Homme en son centre. Source : <a target=\"_blank\" href=\"https:\/\/commons.wikimedia.org\/wiki\/File:Ur_bok_om_mikrokosmos,_1619_-_Skoklosters_slott_-_99877.tif?page=1\">Wikimedia Commons<\/a><\/figcaption><\/figure>\n<p>Une s\u00e9paration qui a entra\u00een\u00e9 les Occidentaux \u00e0 <strong>hi\u00e9rarchiser le Vivant, en pla\u00e7ant l\u2019Homme \u00e0 son sommet<\/strong> et en l\u2019\u00e9rigeant comme \u00ab ma\u00eetre et possesseur \u00bb pouvant d\u00e9truire tous les autres \u00eatres de la Terre.<\/p>\n<p><strong>Ce projet de loi renverse ainsi l\u2019ordre \u00e9tabli,<\/strong> admettant que les esp\u00e8ces ont une valeur intrins\u00e8que, ind\u00e9pendamment de celle que les Hommes occidentaux veulent bien leur attribuer.<\/p>\n<p style=\"text-align: right;\"><em>\u2013 <strong>Pauline Lunay<\/strong><\/em><\/p>\n<hr\/>\n<p>Photo de couverture : Plan en contre-plong\u00e9e d\u2019une baleine \u00e0 bosse dans l\u2019oc\u00e9an par Diego Concepci\u00f3n via <a target=\"_blank\" href=\"https:\/\/www.pexels.com\/photo\/high-angle-shot-of-humpback-whale-in-blue-ocean-5115929\/\" target=\"_blank\" rel=\"noopener\">pexels<\/a><\/p>\n<div class=\"td-a-rec td-a-rec-id-content_bottom  tdi_2 td_block_template_1\">\n<span class=\"td-adspot-title\">&#8211; Cet article gratuit, ind\u00e9pendant et sans IA existe gr\u00e2ce aux abonn\u00e9s &#8211;<\/span><\/p>\n<div class=\"td-all-devices\">\n    <a target=\"_blank\" href=\"https:\/\/mrmondialisation.org\/donation\/\" title=\"Faire_un_don\"><img decoding=\"async\" class=\"donationArticle\" src=\"https:\/\/mrmondialisation.org\/wp-content\/uploads\/2022\/12\/220405-flikalicious-final.jpg\" alt=\"Donation\"\/><\/a>\n<\/div>\n<\/div><\/div>\n<p><br \/>\n<br \/><a href=\"https:\/\/mrmondialisation.org\/reconnaissance-legale-baleines-nouvelle-zelande\/\" target=\"_blank\"\">Source link <\/a><\/p>\n","protected":false},"excerpt":{"rendered":"<p>Un projet de loi in\u00e9dit dans le monde a \u00e9t\u00e9 propos\u00e9 en Nouvelle-Z\u00e9lande\u00a0: la reconnaissance des baleines comme entit\u00e9s juridiques. Le Tohor\u0101 Oranga Bill, comme il est nomm\u00e9 localement, permettrait&hellip; <\/p>\n","protected":false},"author":1,"featured_media":27148,"comment_status":"open","ping_status":"open","sticky":false,"template":"","format":"standard","meta":{"footnotes":""},"categories":[1],"tags":[],"class_list":["post-27147","post","type-post","status-publish","format-standard","has-post-thumbnail","hentry","category-non-classe"],"_links":{"self":[{"href":"https:\/\/monde25.info\/index.php\/wp-json\/wp\/v2\/posts\/27147","targetHints":{"allow":["GET"]}}],"collection":[{"href":"https:\/\/monde25.info\/index.php\/wp-json\/wp\/v2\/posts"}],"about":[{"href":"https:\/\/monde25.info\/index.php\/wp-json\/wp\/v2\/types\/post"}],"author":[{"embeddable":true,"href":"https:\/\/monde25.info\/index.php\/wp-json\/wp\/v2\/users\/1"}],"replies":[{"embeddable":true,"href":"https:\/\/monde25.info\/index.php\/wp-json\/wp\/v2\/comments?post=27147"}],"version-history":[{"count":0,"href":"https:\/\/monde25.info\/index.php\/wp-json\/wp\/v2\/posts\/27147\/revisions"}],"wp:featuredmedia":[{"embeddable":true,"href":"https:\/\/monde25.info\/index.php\/wp-json\/wp\/v2\/media\/27148"}],"wp:attachment":[{"href":"https:\/\/monde25.info\/index.php\/wp-json\/wp\/v2\/media?parent=27147"}],"wp:term":[{"taxonomy":"category","embeddable":true,"href":"https:\/\/monde25.info\/index.php\/wp-json\/wp\/v2\/categories?post=27147"},{"taxonomy":"post_tag","embeddable":true,"href":"https:\/\/monde25.info\/index.php\/wp-json\/wp\/v2\/tags?post=27147"}],"curies":[{"name":"wp","href":"https:\/\/api.w.org\/{rel}","templated":true}]}}