{"id":27155,"date":"2026-04-29T13:09:39","date_gmt":"2026-04-29T11:09:39","guid":{"rendered":"https:\/\/monde25.info\/index.php\/2026\/04\/29\/la-police-israelienne-mutile-une-kippa-de-la-paix-scandale-qui-choque-le-monde\/"},"modified":"2026-04-29T13:09:39","modified_gmt":"2026-04-29T11:09:39","slug":"la-police-israelienne-mutile-une-kippa-de-la-paix-scandale-qui-choque-le-monde","status":"publish","type":"post","link":"https:\/\/monde25.info\/index.php\/2026\/04\/29\/la-police-israelienne-mutile-une-kippa-de-la-paix-scandale-qui-choque-le-monde\/","title":{"rendered":"La police isra\u00e9lienne mutile une kippa de la paix : scandale qui choque le monde"},"content":{"rendered":"<p> <br \/>\n<\/p>\n<div>\n<p><span class=\"css-1jxf684 r-bcqeeo r-1ttztb7 r-qvutc0 r-poiln3 r-1adg3ll r-1g7jtus r-1x3r274\"><span class=\"css-1jxf684 r-bcqeeo r-1ttztb7 r-qvutc0 r-poiln3\"><span class=\"css-1jxf684 r-bcqeeo r-1ttztb7 r-qvutc0 r-poiln3 r-1x3r274\"><span class=\"dropcap \" style=\"background-color: #ffffff; color: #000000; border-color: #ffffff;\"><strong>\u00c0<\/strong><\/span> Modiin, le 23 avril 2026, Alex Sinclair, ma\u00eetre de conf\u00e9rences \u00e0 l\u2019universit\u00e9 h\u00e9bra\u00efque de J\u00e9rusalem, a v\u00e9cu l\u2019impensable. Cet universitaire juif portait depuis vingt ans une kippa brod\u00e9e des drapeaux isra\u00e9lien et palestinien. Un symbole personnel de coexistence simple et symboliquement fort et humain.<\/span><\/span><\/span><\/p>\n<p><span class=\"css-1jxf684 r-bcqeeo r-1ttztb7 r-qvutc0 r-poiln3 r-1adg3ll r-1g7jtus r-1x3r274\"><span class=\"css-1jxf684 r-bcqeeo r-1ttztb7 r-qvutc0 r-poiln3\"><span class=\"css-1jxf684 r-bcqeeo r-1ttztb7 r-qvutc0 r-poiln3 r-1x3r274\">Un passant religieux s\u2019est \u00e9nerv\u00e9. contre lui et la police est arriv\u00e9e. Elle a interpell\u00e9 l\u2019homme, l\u2019a plac\u00e9 en cellule, puis a d\u00e9coup\u00e9 froidement la partie palestinienne avant de lui rendre le couvre-chef mutil\u00e9. Cette violence symbolique r\u00e9v\u00e8le une intol\u00e9rance grandissante de la soci\u00e9t\u00e9 isra\u00e9lienne et des autorit\u00e9s.<\/span><\/span><\/span><\/p>\n<p><span class=\"css-1jxf684 r-bcqeeo r-1ttztb7 r-qvutc0 r-poiln3 r-1adg3ll r-1g7jtus r-1x3r274\"><span class=\"css-1jxf684 r-bcqeeo r-1ttztb7 r-qvutc0 r-poiln3\"><span class=\"css-1jxf684 r-bcqeeo r-1ttztb7 r-qvutc0 r-poiln3 r-1x3r274\">Ce geste n\u2019est pas isol\u00e9. Il refl\u00e8te la radicalisation d\u2019une partie de la soci\u00e9t\u00e9 et de l\u2019appareil s\u00e9curitaire isra\u00e9lien. Sous le gouvernement Netanyahu, les voix mod\u00e9r\u00e9es et pacifistes sont de plus en plus \u00e9touff\u00e9es pour laisser place aux malades mentaux et aux supr\u00e9macistes.<\/span><\/span><\/span><\/p>\n<p><span class=\"css-1jxf684 r-bcqeeo r-1ttztb7 r-qvutc0 r-poiln3 r-1adg3ll r-1g7jtus r-1x3r274\"><span class=\"css-1jxf684 r-bcqeeo r-1ttztb7 r-qvutc0 r-poiln3\"><span class=\"css-1jxf684 r-bcqeeo r-1ttztb7 r-qvutc0 r-poiln3 r-1x3r274\">L\u2019universit\u00e9 condamne fermement cette atteinte \u00e0 la libert\u00e9 d\u2019expression. Alex Sinclair a port\u00e9 plainte. Pourtant, elle expose surtout une r\u00e9alit\u00e9 inqui\u00e9tante : la paix devient un d\u00e9lit aux yeux de certains.<\/span><\/span><\/span><\/p>\n<hr\/>\n<blockquote class=\"twitter-tweet\" data-media-max-width=\"560\">\n<p dir=\"ltr\" lang=\"fr\">\ud83c\uddee\ud83c\uddf1 La kippa de la discorde en Isra\u00ebl : Alex Sinclair, ma\u00eetre de conf\u00e9rence \u00e0 l\u2019universit\u00e9 de J\u00e9rusalem, a \u00e9t\u00e9 arr\u00eat\u00e9 par la police alors qu\u2019il arborait un couvre-chef sur lequel \u00e9tait brod\u00e9 un drapeau isra\u00e9lien aux c\u00f4t\u00e9s d\u2019un drapeau palestinien. <a target=\"_blank\" href=\"https:\/\/t.co\/95NxfNM7uA\">pic.twitter.com\/95NxfNM7uA<\/a><\/p>\n<p>\u2014 franceinfo (@franceinfo) <a target=\"_blank\" href=\"https:\/\/twitter.com\/franceinfo\/status\/2049202664869687624?ref_src=twsrc%5Etfw\">April 28, 2026<\/a><\/p>\n<\/blockquote>\n<\/div>\n<p><script async src=\"\/\/platform.twitter.com\/widgets.js\" charset=\"utf-8\"><\/script><br \/>\n<br \/><br \/>\n<br \/><a href=\"https:\/\/www.lelibrepenseur.org\/la-police-israelienne-mutile-une-kippa-de-la-paix-scandale-qui-choque-le-monde\/\" target=\"_blank\"\">Source link <\/a><\/p>\n","protected":false},"excerpt":{"rendered":"<p>\u00c0 Modiin, le 23 avril 2026, Alex Sinclair, ma\u00eetre de conf\u00e9rences \u00e0 l\u2019universit\u00e9 h\u00e9bra\u00efque de J\u00e9rusalem, a v\u00e9cu l\u2019impensable. Cet universitaire juif portait depuis vingt ans une kippa brod\u00e9e des&hellip; <\/p>\n","protected":false},"author":1,"featured_media":0,"comment_status":"open","ping_status":"open","sticky":false,"template":"","format":"standard","meta":{"footnotes":""},"categories":[1],"tags":[],"class_list":["post-27155","post","type-post","status-publish","format-standard","hentry","category-non-classe"],"_links":{"self":[{"href":"https:\/\/monde25.info\/index.php\/wp-json\/wp\/v2\/posts\/27155","targetHints":{"allow":["GET"]}}],"collection":[{"href":"https:\/\/monde25.info\/index.php\/wp-json\/wp\/v2\/posts"}],"about":[{"href":"https:\/\/monde25.info\/index.php\/wp-json\/wp\/v2\/types\/post"}],"author":[{"embeddable":true,"href":"https:\/\/monde25.info\/index.php\/wp-json\/wp\/v2\/users\/1"}],"replies":[{"embeddable":true,"href":"https:\/\/monde25.info\/index.php\/wp-json\/wp\/v2\/comments?post=27155"}],"version-history":[{"count":0,"href":"https:\/\/monde25.info\/index.php\/wp-json\/wp\/v2\/posts\/27155\/revisions"}],"wp:attachment":[{"href":"https:\/\/monde25.info\/index.php\/wp-json\/wp\/v2\/media?parent=27155"}],"wp:term":[{"taxonomy":"category","embeddable":true,"href":"https:\/\/monde25.info\/index.php\/wp-json\/wp\/v2\/categories?post=27155"},{"taxonomy":"post_tag","embeddable":true,"href":"https:\/\/monde25.info\/index.php\/wp-json\/wp\/v2\/tags?post=27155"}],"curies":[{"name":"wp","href":"https:\/\/api.w.org\/{rel}","templated":true}]}}