{"id":27158,"date":"2026-04-29T14:48:39","date_gmt":"2026-04-29T12:48:39","guid":{"rendered":"https:\/\/monde25.info\/index.php\/2026\/04\/29\/le-train-de-nuit-paris-vienne-supprime-pour-subventionner-lavion\/"},"modified":"2026-04-29T14:48:39","modified_gmt":"2026-04-29T12:48:39","slug":"le-train-de-nuit-paris-vienne-supprime-pour-subventionner-lavion","status":"publish","type":"post","link":"https:\/\/monde25.info\/index.php\/2026\/04\/29\/le-train-de-nuit-paris-vienne-supprime-pour-subventionner-lavion\/","title":{"rendered":"Le train de nuit Paris-Vienne supprim\u00e9&#8230; pour subventionner l&#039;avion"},"content":{"rendered":"<p> <br \/>\n<br \/><img loading=\"lazy\" decoding=\"async\" src=\"https:\/\/reporterre.net\/local\/cache-vignettes\/L700xH467\/nightjet_465_zuerich_hb_240819_1_1__resized-47d77.jpg?1777466163\" class=\"spip_logo\" width=\"700\" height=\"467\" alt=\"\" \/><\/p>\n<p>Il n&rsquo;y a pas d&rsquo;argent pour le train, mais pour l&rsquo;avion, c&rsquo;est une autre histoire. Fin 2025, le gouvernement a supprim\u00e9 les trains de nuit Paris-Vienne au pr\u00e9texte de \u00ab<small class=\"fine d-inline\">\u00a0<\/small>faire des \u00e9conomies<small class=\"fine d-inline\">\u00a0<\/small>\u00bb. Mais quelques mois plus tard, il d\u00e9cide finalement de subventionner la nouvelle ligne a\u00e9rienne entre Strasbourg et Munich, inaugur\u00e9e d\u00e9but avril. Pourtant, ces deux villes \u00e9taient bien reli\u00e9es par le train de nuit Paris-Vienne. Cherchez l&rsquo;erreur. <br class=\"autobr\" \/><br \/>\nC&rsquo;est pourquoi le collectif \u00ab<small class=\"fine d-inline\">\u00a0<\/small>Oui au train<small class=\"fine d-inline\">\u00a0<\/small>\u00bb vient de\u00a0(\u2026)<\/p>\n<p>                    <a target=\"_blank\" href=\"https:\/\/reporterre.net\/Le-train-de-nuit-Paris-Vienne-supprime-pour-subventionner-l-avion?utm_source=RSS&amp;utm_medium=RSS\">Lire la suite<\/a><\/p>\n<p>                    &#8211;<br \/>\n                        <a target=\"_blank\" href=\"https:\/\/reporterre.net\/Breves-20\" rel=\"directory\">En bref<\/a><\/p>\n<p>                    \/<br \/>\n                        <a target=\"_blank\" href=\"https:\/\/reporterre.net\/Transports\" rel=\"tag\">Transports<\/a><br \/>\n<br \/><br \/>\n<br \/><a href=\"https:\/\/reporterre.net\/Le-train-de-nuit-Paris-Vienne-supprime-pour-subventionner-l-avion\" target=\"_blank\"\">Source link <\/a><\/p>\n","protected":false},"excerpt":{"rendered":"<p>Il n&rsquo;y a pas d&rsquo;argent pour le train, mais pour l&rsquo;avion, c&rsquo;est une autre histoire. Fin 2025, le gouvernement a supprim\u00e9 les trains de nuit Paris-Vienne au pr\u00e9texte de \u00ab\u00a0faire&hellip; <\/p>\n","protected":false},"author":1,"featured_media":0,"comment_status":"open","ping_status":"open","sticky":false,"template":"","format":"standard","meta":{"footnotes":""},"categories":[1],"tags":[],"class_list":["post-27158","post","type-post","status-publish","format-standard","hentry","category-non-classe"],"_links":{"self":[{"href":"https:\/\/monde25.info\/index.php\/wp-json\/wp\/v2\/posts\/27158","targetHints":{"allow":["GET"]}}],"collection":[{"href":"https:\/\/monde25.info\/index.php\/wp-json\/wp\/v2\/posts"}],"about":[{"href":"https:\/\/monde25.info\/index.php\/wp-json\/wp\/v2\/types\/post"}],"author":[{"embeddable":true,"href":"https:\/\/monde25.info\/index.php\/wp-json\/wp\/v2\/users\/1"}],"replies":[{"embeddable":true,"href":"https:\/\/monde25.info\/index.php\/wp-json\/wp\/v2\/comments?post=27158"}],"version-history":[{"count":0,"href":"https:\/\/monde25.info\/index.php\/wp-json\/wp\/v2\/posts\/27158\/revisions"}],"wp:attachment":[{"href":"https:\/\/monde25.info\/index.php\/wp-json\/wp\/v2\/media?parent=27158"}],"wp:term":[{"taxonomy":"category","embeddable":true,"href":"https:\/\/monde25.info\/index.php\/wp-json\/wp\/v2\/categories?post=27158"},{"taxonomy":"post_tag","embeddable":true,"href":"https:\/\/monde25.info\/index.php\/wp-json\/wp\/v2\/tags?post=27158"}],"curies":[{"name":"wp","href":"https:\/\/api.w.org\/{rel}","templated":true}]}}