{"id":27159,"date":"2026-04-29T15:54:38","date_gmt":"2026-04-29T13:54:38","guid":{"rendered":"https:\/\/monde25.info\/index.php\/2026\/04\/29\/en-corse-mobilisation-lyceenne-en-soutien-a-des-ecoles-immersives-en-langue-corse\/"},"modified":"2026-04-29T15:54:38","modified_gmt":"2026-04-29T13:54:38","slug":"en-corse-mobilisation-lyceenne-en-soutien-a-des-ecoles-immersives-en-langue-corse","status":"publish","type":"post","link":"https:\/\/monde25.info\/index.php\/2026\/04\/29\/en-corse-mobilisation-lyceenne-en-soutien-a-des-ecoles-immersives-en-langue-corse\/","title":{"rendered":"En Corse, mobilisation lyc\u00e9enne en soutien \u00e0 des \u00e9coles immersives en langue corse"},"content":{"rendered":"<p> <br \/>\n<\/p>\n<div>\n<p>Cinq lyc\u00e9es de Corse \u00e9taient \u00ab\u00a0bloqu\u00e9s par barrage filtrant\u00a0\u00bb mardi, selon le rectorat, par une mobilisation lyc\u00e9enne soutenant les \u00e9coles immersives associatives priv\u00e9es Scola corsa qui demandent la \u00ab\u00a0contractualisation\u00a0\u00bb par l&rsquo;Etat de 11 enseignants et leur financement public.<\/p>\n<p>Deux lyc\u00e9es d&rsquo;Ajaccio, un de Porto-Vecchio (Corse-du-Sud), un de Corte (Haute-Corse) et un autre de plaine orientale sont concern\u00e9s, a indiqu\u00e9 le rectorat.<\/p>\n<p>Des poubelles bloquaient les acc\u00e8s et des banderoles \u00ab\u00a0Lingua faci populu\u00a0\u00bb (la langue fait le peuple: NDLR) avaient \u00e9t\u00e9 dispos\u00e9es par des \u00e9l\u00e8ves r\u00e9unis devant les entr\u00e9es des \u00e9tablissement.<\/p>\n<p>Dans un communiqu\u00e9, la f\u00e9d\u00e9ration Scola corsa qui comporte cinq \u00e9coles primaires immersives dans l&rsquo;\u00eele, assure que \u00ab\u00a0la langue corse est directement attaqu\u00e9e\u00a0\u00bb et \u00ab\u00a0l&rsquo;existence des \u00e9coles Scola corsa est remise en question\u00a0\u00bb par le fait que le pr\u00e9fet a \u00ab\u00a0form\u00e9 un recours au tribunal administratif contestant la l\u00e9galit\u00e9 du financement accord\u00e9 par la Collectivit\u00e9 de Corse\u00a0\u00bb (CDC) \u00e0 ces \u00e9coles.<\/p>\n<p>Elles sont \u00ab\u00a0financ\u00e9es \u00e0 70% par la CDC, 10% par les mairies et 20% par les dons de particuliers et d&rsquo;entreprises\u00a0\u00bb, a indiqu\u00e9 la f\u00e9d\u00e9ration.<\/p>\n<p>Elle a assur\u00e9 \u00e9galement que \u00ab\u00a0l&rsquo;Etat revient sur ses promesses de contractualisation g\u00e9n\u00e9ralis\u00e9e devant aboutir \u00e0 la prise en charge du salaire\u00a0\u00bb des 11 enseignants.<\/p>\n<p>Cr\u00e9\u00e9es en 2021, ces \u00e9coles se revendiquent \u00ab\u00a0gratuites, la\u00efques, apolitiques et ouvertes \u00e0 tous\u00a0\u00bb.<\/p>\n<p>A la rentr\u00e9e 2025, elles accueillaient 200 \u00e9l\u00e8ves, comptaient 34 employ\u00e9s et \u00ab\u00a0proposent un enseignement en immersion qui conduit les \u00e9l\u00e8ves \u00e0 une ma\u00eetrise compl\u00e8te du corse et du fran\u00e7ais, \u00e0 l\u2019oral comme \u00e0 l\u2019\u00e9crit\u00a0\u00bb, assurent-elles, pr\u00e9cisant que \u00ab\u00a0les enseignants suivent les programmes officiels \u00e9tablis par l&rsquo;\u00c9ducation nationale\u00a0\u00bb.<\/p>\n<p>Ces \u00e9coles appellent \u00e0 des rassemblements de soutien mardi \u00e0 18H devant les pr\u00e9fectures d&rsquo;Ajaccio et Bastia. Syndicats \u00e9tudiants nationalistes et partis politiques nationalistes soutiennent cette mobilisation.<\/p>\n<p>Dans des messages sur son compte X, l&rsquo;ancien ministre de l&rsquo;Education Jean-Michel Blanquer avait d\u00e9nonc\u00e9, d\u00e9but avril, ces \u00e9coles immersives: \u00ab\u00a0Dans l\u2019indiff\u00e9rence g\u00e9n\u00e9rale, depuis la rentr\u00e9e derni\u00e8re, ont \u00e9t\u00e9 autoris\u00e9es en Corse les +\u00e9coles immersives+ c\u2019est-\u00e0-dire des \u00e9coles o\u00f9 on ne parle pas le fran\u00e7ais\u00a0\u00bb.<\/p>\n<p>\u00ab\u00a0C\u2019est ill\u00e9gal et inconstitutionnel\u00a0\u00bb, avait-il ajout\u00e9, estimant qu'\u00a0\u00bbon porte atteinte \u00e0 l&rsquo;indivisibilit\u00e9 de la R\u00e9publique\u00a0\u00bb et martelant: \u00ab\u00a0Oui aux langues r\u00e9gionales (qui n\u2019ont jamais autant progress\u00e9 que depuis les huit derni\u00e8res ann\u00e9es gr\u00e2ce \u00e0 des formules bilingues normales). Non aux ferments de s\u00e9paratisme au sein m\u00eame du syst\u00e8me \u00e9ducatif\u00a0\u00bb.<\/p>\n<\/div>\n<p><script>(function(d, s, id) {  var js, fjs = d.getElementsByTagName(s)[0];  if (d.getElementById(id)) return;  js = d.createElement(s); js.id = id;  js.src = \"\/\/connect.facebook.net\/fr_FR\/sdk.js#xfbml=1&version=v2.3\";  fjs.parentNode.insertBefore(js, fjs);}(document, \"script\", \"facebook-jssdk\"));<\/script><br \/>\n<br \/><br \/>\n<br \/><a href=\"https:\/\/www.francesoir.fr\/societe-faits-divers\/en-corse-mobilisation-lyceenne-en-soutien-des-ecoles-immersives-en-langue\" target=\"_blank\"\">Source link <\/a><\/p>\n","protected":false},"excerpt":{"rendered":"<p>Cinq lyc\u00e9es de Corse \u00e9taient \u00ab\u00a0bloqu\u00e9s par barrage filtrant\u00a0\u00bb mardi, selon le rectorat, par une mobilisation lyc\u00e9enne soutenant les \u00e9coles immersives associatives priv\u00e9es Scola corsa qui demandent la \u00ab\u00a0contractualisation\u00a0\u00bb par&hellip; <\/p>\n","protected":false},"author":1,"featured_media":27160,"comment_status":"open","ping_status":"open","sticky":false,"template":"","format":"standard","meta":{"footnotes":""},"categories":[1],"tags":[],"class_list":["post-27159","post","type-post","status-publish","format-standard","has-post-thumbnail","hentry","category-non-classe"],"_links":{"self":[{"href":"https:\/\/monde25.info\/index.php\/wp-json\/wp\/v2\/posts\/27159","targetHints":{"allow":["GET"]}}],"collection":[{"href":"https:\/\/monde25.info\/index.php\/wp-json\/wp\/v2\/posts"}],"about":[{"href":"https:\/\/monde25.info\/index.php\/wp-json\/wp\/v2\/types\/post"}],"author":[{"embeddable":true,"href":"https:\/\/monde25.info\/index.php\/wp-json\/wp\/v2\/users\/1"}],"replies":[{"embeddable":true,"href":"https:\/\/monde25.info\/index.php\/wp-json\/wp\/v2\/comments?post=27159"}],"version-history":[{"count":0,"href":"https:\/\/monde25.info\/index.php\/wp-json\/wp\/v2\/posts\/27159\/revisions"}],"wp:featuredmedia":[{"embeddable":true,"href":"https:\/\/monde25.info\/index.php\/wp-json\/wp\/v2\/media\/27160"}],"wp:attachment":[{"href":"https:\/\/monde25.info\/index.php\/wp-json\/wp\/v2\/media?parent=27159"}],"wp:term":[{"taxonomy":"category","embeddable":true,"href":"https:\/\/monde25.info\/index.php\/wp-json\/wp\/v2\/categories?post=27159"},{"taxonomy":"post_tag","embeddable":true,"href":"https:\/\/monde25.info\/index.php\/wp-json\/wp\/v2\/tags?post=27159"}],"curies":[{"name":"wp","href":"https:\/\/api.w.org\/{rel}","templated":true}]}}