{"id":27163,"date":"2026-04-29T17:00:37","date_gmt":"2026-04-29T15:00:37","guid":{"rendered":"https:\/\/monde25.info\/index.php\/2026\/04\/29\/nathalie-saint-cricq-promo-son-livre-sur-telematin-le-scandale-des-passe-droits-des-vauriens\/"},"modified":"2026-04-29T17:00:37","modified_gmt":"2026-04-29T15:00:37","slug":"nathalie-saint-cricq-promo-son-livre-sur-telematin-le-scandale-des-passe-droits-des-vauriens","status":"publish","type":"post","link":"https:\/\/monde25.info\/index.php\/2026\/04\/29\/nathalie-saint-cricq-promo-son-livre-sur-telematin-le-scandale-des-passe-droits-des-vauriens\/","title":{"rendered":"Nathalie Saint-Cricq promo son livre sur T\u00e9l\u00e9matin : le scandale des passe-droits des vauriens"},"content":{"rendered":"<p> <br \/>\n<\/p>\n<div>\n<p><span class=\"css-1jxf684 r-bcqeeo r-1ttztb7 r-qvutc0 r-poiln3 r-1adg3ll r-1g7jtus r-1x3r274\"><span class=\"css-1jxf684 r-bcqeeo r-1ttztb7 r-qvutc0 r-poiln3\"><span class=\"css-1jxf684 r-bcqeeo r-1ttztb7 r-qvutc0 r-poiln3 r-1x3r274\"><span class=\"dropcap \" style=\"background-color: #ffffff; color: #000000; border-color: #ffffff;\"><strong>L<\/strong><\/span>a tr\u00e8s mauvaise Nathalie Saint-Cricq, \u00e9ditorialiste \u00e0 France T\u00e9l\u00e9visions, a \u00e9t\u00e9 invit\u00e9e samedi 25 avril 2026 dans <\/span><span class=\"css-1jxf684 r-bcqeeo r-1ttztb7 r-qvutc0 r-poiln3 r-b88u0q r-1x3r274\"><span class=\"css-1jxf684 r-bcqeeo r-1ttztb7 r-qvutc0 r-poiln3 r-1x3r274\">T\u00e9l\u00e9matin<\/span><\/span><span class=\"css-1jxf684 r-bcqeeo r-1ttztb7 r-qvutc0 r-poiln3 r-1x3r274\"> sur France 2. Objectif affich\u00e9 : promouvoir son nouveau roman <\/span><strong><em><span class=\"css-1jxf684 r-bcqeeo r-1ttztb7 r-qvutc0 r-poiln3 r-1x3r274 r-36ujnk\"><span class=\"css-1jxf684 r-bcqeeo r-1ttztb7 r-qvutc0 r-poiln3 r-1x3r274\">La Petite M\u00e8re<\/span><\/span><\/em><\/strong><span class=\"css-1jxf684 r-bcqeeo r-1ttztb7 r-qvutc0 r-poiln3 r-1x3r274\">, sorti le 2 avril. <\/span><\/span><\/span><span class=\"css-1jxf684 r-bcqeeo r-1ttztb7 r-qvutc0 r-poiln3 r-1adg3ll r-1g7jtus r-1x3r274\"><span class=\"css-1jxf684 r-bcqeeo r-1ttztb7 r-qvutc0 r-poiln3\"><span class=\"css-1jxf684 r-bcqeeo r-1ttztb7 r-qvutc0 r-poiln3 r-1x3r274\">Des milliers d\u2019auteurs ind\u00e9pendants ou publi\u00e9s chez de petites maisons r\u00eavent d\u2019un tel plateau ; eux n\u2019y ont jamais acc\u00e8s. Pourtant, une journaliste du service public b\u00e9n\u00e9ficie d\u2019une vitrine gratuite et massive. <\/span><\/span><\/span><span class=\"css-1jxf684 r-bcqeeo r-1ttztb7 r-qvutc0 r-poiln3 r-1adg3ll r-1g7jtus r-1x3r274\"><span class=\"css-1jxf684 r-bcqeeo r-1ttztb7 r-qvutc0 r-poiln3\"><span class=\"css-1jxf684 r-bcqeeo r-1ttztb7 r-qvutc0 r-poiln3 r-1x3r274\">Ce syst\u00e8me cr\u00e9e une in\u00e9galit\u00e9 flagrante. C\u2019est un pur conflit d\u2019int\u00e9r\u00eat avec l\u2019utilisation de l\u2019argent et les moyens publics \u00e0 des fins priv\u00e9es !<\/span><\/span><\/span><\/p>\n<p><span class=\"css-1jxf684 r-bcqeeo r-1ttztb7 r-qvutc0 r-poiln3 r-1adg3ll r-1g7jtus r-1x3r274\"><span class=\"css-1jxf684 r-bcqeeo r-1ttztb7 r-qvutc0 r-poiln3\"><span class=\"css-1jxf684 r-bcqeeo r-1ttztb7 r-qvutc0 r-poiln3 r-1x3r274\">Les \u00e9lites m\u00e9diatiques s\u2019auto-promouvent avec l\u2019argent du contribuable. Pendant ce temps, le romancier lambda se bat seul sur les r\u00e9seaux et dans les salons. <\/span><\/span><\/span><span class=\"css-1jxf684 r-bcqeeo r-1ttztb7 r-qvutc0 r-poiln3 r-1adg3ll r-1g7jtus r-1x3r274\"><span class=\"css-1jxf684 r-bcqeeo r-1ttztb7 r-qvutc0 r-poiln3\"><span class=\"css-1jxf684 r-bcqeeo r-1ttztb7 r-qvutc0 r-poiln3 r-1x3r274\">Beaucoup de t\u00e9l\u00e9spectateurs d\u00e9noncent ce conflit d\u2019int\u00e9r\u00eats \u00e9vident et insupportable.\u00a0<\/span><\/span><\/span><\/p>\n<\/div>\n<p><br \/>\n<br \/><a href=\"https:\/\/www.lelibrepenseur.org\/nathalie-saint-cricq-promo-son-livre-sur-telematin-le-scandale-des-passe-droits-des-vauriens\/\" target=\"_blank\"\">Source link <\/a><\/p>\n","protected":false},"excerpt":{"rendered":"<p>La tr\u00e8s mauvaise Nathalie Saint-Cricq, \u00e9ditorialiste \u00e0 France T\u00e9l\u00e9visions, a \u00e9t\u00e9 invit\u00e9e samedi 25 avril 2026 dans T\u00e9l\u00e9matin sur France 2. Objectif affich\u00e9 : promouvoir son nouveau roman La Petite&hellip; <\/p>\n","protected":false},"author":1,"featured_media":0,"comment_status":"open","ping_status":"open","sticky":false,"template":"","format":"standard","meta":{"footnotes":""},"categories":[1],"tags":[],"class_list":["post-27163","post","type-post","status-publish","format-standard","hentry","category-non-classe"],"_links":{"self":[{"href":"https:\/\/monde25.info\/index.php\/wp-json\/wp\/v2\/posts\/27163","targetHints":{"allow":["GET"]}}],"collection":[{"href":"https:\/\/monde25.info\/index.php\/wp-json\/wp\/v2\/posts"}],"about":[{"href":"https:\/\/monde25.info\/index.php\/wp-json\/wp\/v2\/types\/post"}],"author":[{"embeddable":true,"href":"https:\/\/monde25.info\/index.php\/wp-json\/wp\/v2\/users\/1"}],"replies":[{"embeddable":true,"href":"https:\/\/monde25.info\/index.php\/wp-json\/wp\/v2\/comments?post=27163"}],"version-history":[{"count":0,"href":"https:\/\/monde25.info\/index.php\/wp-json\/wp\/v2\/posts\/27163\/revisions"}],"wp:attachment":[{"href":"https:\/\/monde25.info\/index.php\/wp-json\/wp\/v2\/media?parent=27163"}],"wp:term":[{"taxonomy":"category","embeddable":true,"href":"https:\/\/monde25.info\/index.php\/wp-json\/wp\/v2\/categories?post=27163"},{"taxonomy":"post_tag","embeddable":true,"href":"https:\/\/monde25.info\/index.php\/wp-json\/wp\/v2\/tags?post=27163"}],"curies":[{"name":"wp","href":"https:\/\/api.w.org\/{rel}","templated":true}]}}