{"id":27166,"date":"2026-04-29T18:39:35","date_gmt":"2026-04-29T16:39:35","guid":{"rendered":"https:\/\/monde25.info\/index.php\/2026\/04\/29\/bergers-allemands-chats-persans-teckels-lue-interdit-lelevage-de-chiens-et-chats-hypertypes\/"},"modified":"2026-04-29T18:39:35","modified_gmt":"2026-04-29T16:39:35","slug":"bergers-allemands-chats-persans-teckels-lue-interdit-lelevage-de-chiens-et-chats-hypertypes","status":"publish","type":"post","link":"https:\/\/monde25.info\/index.php\/2026\/04\/29\/bergers-allemands-chats-persans-teckels-lue-interdit-lelevage-de-chiens-et-chats-hypertypes\/","title":{"rendered":"Bergers allemands, chats persans, teckels\u00a0: l&#039;UE interdit l&#039;\u00e9levage de chiens et chats \u00ab\u00a0hypertypes\u00a0\u00bb"},"content":{"rendered":"<p> <br \/>\n<br \/><img loading=\"lazy\" decoding=\"async\" src=\"https:\/\/reporterre.net\/local\/cache-vignettes\/L700xH467\/teckel_tender_look_resized-4257b.jpg?1777477922\" class=\"spip_logo\" width=\"700\" height=\"467\" alt=\"\" \/><\/p>\n<p>Le 28\u00a0avril, les eurod\u00e9put\u00e9s ont adopt\u00e9 une loi visant \u00e0 prot\u00e9ger les chats et les chiens. Le but, interdire le croisement d&rsquo;animaux afin d&rsquo;obtenir des caract\u00e8res physiques exag\u00e9r\u00e9s, source de souffrance et de maladies. <br class=\"autobr\" \/> Des bergers allemands paralys\u00e9s des hanches, des chats persans souffrant de probl\u00e8mes respiratoires, des teckels ayant constamment mal au dos, des cavaliers king Charles subissant des maux de t\u00eate constants et des probl\u00e8mes cardiaques\u2026 C&rsquo;est termin\u00e9<small class=\"fine d-inline\">\u00a0<\/small>! Et nos compagnons \u00e0\u00a0(\u2026)<\/p>\n<p>                    <a target=\"_blank\" href=\"https:\/\/reporterre.net\/Bergers-allemands-chats-persans-teckels-l-UE-interdit-l-elevage-de-chiens-et-chats?utm_source=RSS&amp;utm_medium=RSS\">Lire la suite<\/a><\/p>\n<p>                    &#8211;<br \/>\n                        <a target=\"_blank\" href=\"https:\/\/reporterre.net\/Autres-infos\" rel=\"directory\">Info<\/a><\/p>\n<p>                    \/<br \/>\n                        <a target=\"_blank\" href=\"https:\/\/reporterre.net\/Animaux\" rel=\"tag\">Animaux<\/a><br \/>\n<br \/><br \/>\n<br \/><a href=\"https:\/\/reporterre.net\/Bergers-allemands-chats-persans-teckels-l-UE-interdit-l-elevage-de-chiens-et-chats\" target=\"_blank\"\">Source link <\/a><\/p>\n","protected":false},"excerpt":{"rendered":"<p>Le 28\u00a0avril, les eurod\u00e9put\u00e9s ont adopt\u00e9 une loi visant \u00e0 prot\u00e9ger les chats et les chiens. Le but, interdire le croisement d&rsquo;animaux afin d&rsquo;obtenir des caract\u00e8res physiques exag\u00e9r\u00e9s, source de&hellip; <\/p>\n","protected":false},"author":1,"featured_media":0,"comment_status":"open","ping_status":"open","sticky":false,"template":"","format":"standard","meta":{"footnotes":""},"categories":[1],"tags":[],"class_list":["post-27166","post","type-post","status-publish","format-standard","hentry","category-non-classe"],"_links":{"self":[{"href":"https:\/\/monde25.info\/index.php\/wp-json\/wp\/v2\/posts\/27166","targetHints":{"allow":["GET"]}}],"collection":[{"href":"https:\/\/monde25.info\/index.php\/wp-json\/wp\/v2\/posts"}],"about":[{"href":"https:\/\/monde25.info\/index.php\/wp-json\/wp\/v2\/types\/post"}],"author":[{"embeddable":true,"href":"https:\/\/monde25.info\/index.php\/wp-json\/wp\/v2\/users\/1"}],"replies":[{"embeddable":true,"href":"https:\/\/monde25.info\/index.php\/wp-json\/wp\/v2\/comments?post=27166"}],"version-history":[{"count":0,"href":"https:\/\/monde25.info\/index.php\/wp-json\/wp\/v2\/posts\/27166\/revisions"}],"wp:attachment":[{"href":"https:\/\/monde25.info\/index.php\/wp-json\/wp\/v2\/media?parent=27166"}],"wp:term":[{"taxonomy":"category","embeddable":true,"href":"https:\/\/monde25.info\/index.php\/wp-json\/wp\/v2\/categories?post=27166"},{"taxonomy":"post_tag","embeddable":true,"href":"https:\/\/monde25.info\/index.php\/wp-json\/wp\/v2\/tags?post=27166"}],"curies":[{"name":"wp","href":"https:\/\/api.w.org\/{rel}","templated":true}]}}