{"id":2717,"date":"2025-02-16T07:04:30","date_gmt":"2025-02-16T06:04:30","guid":{"rendered":"https:\/\/monde25.info\/index.php\/2025\/02\/16\/plus-de-25-arrestations-apres-lattaque-contre-un-convoi-de-la-finul-rt-en-francais\/"},"modified":"2025-02-16T07:04:30","modified_gmt":"2025-02-16T06:04:30","slug":"plus-de-25-arrestations-apres-lattaque-contre-un-convoi-de-la-finul-rt-en-francais","status":"publish","type":"post","link":"https:\/\/monde25.info\/index.php\/2025\/02\/16\/plus-de-25-arrestations-apres-lattaque-contre-un-convoi-de-la-finul-rt-en-francais\/","title":{"rendered":"plus de 25 arrestations apr\u00e8s l&rsquo;attaque contre un convoi de la Finul \u2014 RT en fran\u00e7ais"},"content":{"rendered":"<p> <br \/>\n<br \/><img decoding=\"async\" src=\"https:\/\/mf.b37mrtl.ru\/french\/images\/2025.02\/thumbnail\/67b0c9e487f3ec6fc0214fb6.jpg\" \/><\/p>\n<div>\n<p class=\"text__summary\">\n                                        Au lendemain d&rsquo;une attaque violente contre un convoi de la Force int\u00e9rimaire des Nations unies au Liban (Finul), les autorit\u00e9s libanaises ont annonc\u00e9 ce 15 f\u00e9vrier l&rsquo;arrestation de plus de 25 personnes. L&rsquo;incident, qui a eu lieu le 14 au soir \u00e0 Beyrouth, a fait deux bless\u00e9s et a provoqu\u00e9 une vive r\u00e9action de la part du gouvernement libanais.\n                                    <\/p>\n<p>Ce\u00a015 f\u00e9vrier, les autorit\u00e9s libanaises ont fait \u00e9tat de plus de 25 arrestations apr\u00e8s l&rsquo;attaque d\u2019un convoi de la Finul \u00e0 Beyrouth. Ce convoi, transportant des Casques bleus n\u00e9palais, a \u00e9t\u00e9 pris pour cible par des manifestants\u00a0pro-Hezbollah, dans un contexte de tensions politiques croissantes.<\/p>\n<p>L&rsquo;attaque, qui a\u00a0fait des bless\u00e9s parmi les membres de la Finul, survient apr\u00e8s plusieurs jours de manifestations li\u00e9es \u00e0 une d\u00e9cision concernant des vols iraniens \u00e0 destination de l\u2019a\u00e9roport de Beyrouth.<\/p>\n<p>\u00ab<a target=\"_blank\" href=\"https:\/\/nna-leb.gov.lb\/ar\/%D8%B3%D9%8A%D8%A7%D8%B3%D8%A9\/759533\/%D9%88%D8%B2%D9%8A%D8%B1-%D8%A7%D9%84%D8%AF%D8%A7%D8%AE%D9%84%D9%8A%D8%A9-%D8%A7%D9%84%D8%A7%D8%B9%D8%AA%D8%AF%D8%A7%D8%A1-%D8%B9%D9%84%D9%89-%D8%A7%D9%84%D9%8A%D9%88%D9%86%D9%8A%D9%81%D9%8A%D9%84-%D8%AC%D8%B1%D9%8A%D9%85%D8%A9-%D9%88%D9%84%D8%AF%D9%8A%D9%86%D8%A7\" target=\"_blank\" rel=\"noopener noreferrer\">L&rsquo;attaque contre les forces de la Finul est un crime<\/a>, et j&rsquo;ai \u00e9t\u00e9 inform\u00e9 aujourd&rsquo;hui des mesures prises pour poursuivre les auteurs de l&rsquo;attaque, ainsi que ceux qui ont port\u00e9 atteinte aux biens et agress\u00e9 la Finul\u00bb, a d\u00e9clar\u00e9 \u00e0 la presse\u00a0le ministre de l\u2019Int\u00e9rieur libanais, Ahmad al-Hajjar.<\/p>\n<p>\u00abNous avons plus de 25 personnes arr\u00eat\u00e9es par les services de renseignement de l&rsquo;arm\u00e9e libanaise, et une personne est d\u00e9tenue par la section des renseignements de la police int\u00e9rieure\u00bb, a-t-il encore pr\u00e9cis\u00e9.\u00a0<\/p>\n<p>\u00abCela ne signifie pas que ces d\u00e9tenus sont responsables de l&rsquo;attaque contre la Finul, mais les enqu\u00eates d\u00e9termineront qui est responsable et qui a commis l&rsquo;agression. Les enqu\u00eates se poursuivront de mani\u00e8re tr\u00e8s s\u00e9rieuse\u00bb, a-t-il ajout\u00e9.<\/p>\n<h2>L&rsquo;ONU d\u00e9nonce un possible \u00abcrime de guerre\u00bb<\/h2>\n<p>L&rsquo;incident a eu lieu sur une route bloqu\u00e9e depuis plusieurs jours par des dizaines de partisans du Hezbollah, protestant contre la d\u00e9cision d&rsquo;interdire l&rsquo;atterrissage de deux avions iraniens \u00e0 l\u2019a\u00e9roport de Beyrouth, selon des sources officielles.<\/p>\n<p>Apr\u00e8s avoir fait \u00e9tat de l&rsquo;attaque dans\u00a0la soir\u00e9e du 14 f\u00e9vrier, la Finul n&rsquo;a <a target=\"_blank\" href=\"https:\/\/t.me\/UNIFIL_Lebanon\/385\" target=\"_blank\" rel=\"noopener noreferrer\">n&rsquo;a pas tard\u00e9 \u00e0 r\u00e9agir<\/a>.<\/p>\n<p>\u00abNous exigeons une enqu\u00eate compl\u00e8te et imm\u00e9diate de la part des autorit\u00e9s libanaises et que tous les responsables soient traduits en justice\u00bb, a d\u00e9clar\u00e9 l\u2019organisation dans un communiqu\u00e9, d\u00e9non\u00e7ant une \u00abviolation flagrante du droit international\u00bb, qu\u2019elle a qualifi\u00e9 de \u00abcrime de guerre\u00bb.<\/p>\n<p>La Finul a exprim\u00e9 sa stupeur face \u00e0 cette attaque, rappelant que ses soldats \u0153uvraient \u00e0 \u00abrestaurer la s\u00e9curit\u00e9 et la stabilit\u00e9 dans le sud du Liban en cette p\u00e9riode difficile\u00bb.\u00a0<\/p>\n<p>La force onusienne\u00a0a r\u00e9affirm\u00e9 que la force de maintien de la paix continuerait de mener \u00e0 bien sa mission afin d\u2019assurer la s\u00e9curit\u00e9 et la stabilit\u00e9 dans la r\u00e9gion.<\/p>\n<\/div>\n<p><br \/>\n<br \/><a href=\"https:\/\/francais.rt.com\/international\/116920-beyrouth-arrestations-attaque-convoi-finul\" target=\"_blank\"\">Source link <\/a><\/p>\n","protected":false},"excerpt":{"rendered":"<p>Au lendemain d&rsquo;une attaque violente contre un convoi de la Force int\u00e9rimaire des Nations unies au Liban (Finul), les autorit\u00e9s libanaises ont annonc\u00e9 ce 15 f\u00e9vrier l&rsquo;arrestation de plus de&hellip; <\/p>\n","protected":false},"author":1,"featured_media":2718,"comment_status":"open","ping_status":"open","sticky":false,"template":"","format":"standard","meta":{"footnotes":""},"categories":[1],"tags":[],"class_list":["post-2717","post","type-post","status-publish","format-standard","has-post-thumbnail","hentry","category-non-classe"],"_links":{"self":[{"href":"https:\/\/monde25.info\/index.php\/wp-json\/wp\/v2\/posts\/2717","targetHints":{"allow":["GET"]}}],"collection":[{"href":"https:\/\/monde25.info\/index.php\/wp-json\/wp\/v2\/posts"}],"about":[{"href":"https:\/\/monde25.info\/index.php\/wp-json\/wp\/v2\/types\/post"}],"author":[{"embeddable":true,"href":"https:\/\/monde25.info\/index.php\/wp-json\/wp\/v2\/users\/1"}],"replies":[{"embeddable":true,"href":"https:\/\/monde25.info\/index.php\/wp-json\/wp\/v2\/comments?post=2717"}],"version-history":[{"count":0,"href":"https:\/\/monde25.info\/index.php\/wp-json\/wp\/v2\/posts\/2717\/revisions"}],"wp:featuredmedia":[{"embeddable":true,"href":"https:\/\/monde25.info\/index.php\/wp-json\/wp\/v2\/media\/2718"}],"wp:attachment":[{"href":"https:\/\/monde25.info\/index.php\/wp-json\/wp\/v2\/media?parent=2717"}],"wp:term":[{"taxonomy":"category","embeddable":true,"href":"https:\/\/monde25.info\/index.php\/wp-json\/wp\/v2\/categories?post=2717"},{"taxonomy":"post_tag","embeddable":true,"href":"https:\/\/monde25.info\/index.php\/wp-json\/wp\/v2\/tags?post=2717"}],"curies":[{"name":"wp","href":"https:\/\/api.w.org\/{rel}","templated":true}]}}